{"id":1214,"date":"2021-09-17T16:35:10","date_gmt":"2021-09-17T21:35:10","guid":{"rendered":"https:\/\/www.movilidadmachala.gob.ec\/web\/?p=1214"},"modified":"2022-10-15T07:27:38","modified_gmt":"2022-10-15T12:27:38","slug":"capacitacion-sobre-el-manejo-de-controladores-de-trafico","status":"publish","type":"post","link":"https:\/\/www.movilidadmachala.gob.ec\/web\/capacitacion-sobre-el-manejo-de-controladores-de-trafico\/","title":{"rendered":"Capacitaci\u00f3n sobre el manejo de controladores de tr\u00e1fico"},"content":{"rendered":"<div class=\"kvgmc6g5 cxmmr5t8 oygrvhab hcukyx3x c1et5uql ii04i59q\">\n<p dir=\"auto\" style=\"text-align: justify;\"><a class=\"oajrlxb2 g5ia77u1 qu0x051f esr5mh6w e9989ue4 r7d6kgcz rq0escxv nhd2j8a9 nc684nl6 p7hjln8o kvgmc6g5 cxmmr5t8 oygrvhab hcukyx3x jb3vyjys rz4wbd8a qt6c0cv9 a8nywdso i1ao9s8h esuyzwwr f1sip0of lzcic4wl q66pz984 gpro0wi8 b1v8xokw\" tabindex=\"0\" role=\"link\" href=\"https:\/\/www.facebook.com\/hashtag\/movilidadinforma?__eep__=6&amp;__cft__[0]=AZUGnRHqje6ZHd5tHImMiAk3DDgfiBF18SngLiMM6WHTIgZCm3FZRDLnOs40tB0W6AkrmL_-IbI67tO1FwwKzZUjo0plenj6qzW2WXCKIevS1PkgEHKoJvXdlJ9lXSKUIa-HG3ZqPC3dGQ33iUK0d_icgYQoAvthnqGOCX_OMbUEHkjvYN7AY1FxOSlS1o2mJoU&amp;__tn__=*NK-R\">#MOVILIDADInforma<\/a> | T\u00e9cnicos del departamento de Se\u00f1alizaci\u00f3n fueron capacitados sobre el manejo de controladores de tr\u00e1fico de 12 salidas con control remoto y comunicaci\u00f3n inal\u00e1mbrica, ya que Movilidad Machala adquiri\u00f3 sem\u00e1foros inteligentes que permitir\u00e1n una mayor fluidez del tr\u00e1fico.<\/p>\n<\/div>\n<p dir=\"auto\" style=\"text-align: justify;\">\u00a1Trabajamos por tu seguridad!<\/p>\n<div class=\"o9v6fnle cxmmr5t8 oygrvhab hcukyx3x c1et5uql ii04i59q\">\n<p dir=\"auto\" style=\"text-align: justify;\"><a class=\"oajrlxb2 g5ia77u1 qu0x051f esr5mh6w e9989ue4 r7d6kgcz rq0escxv nhd2j8a9 nc684nl6 p7hjln8o kvgmc6g5 cxmmr5t8 oygrvhab hcukyx3x jb3vyjys rz4wbd8a qt6c0cv9 a8nywdso i1ao9s8h esuyzwwr f1sip0of lzcic4wl q66pz984 gpro0wi8 b1v8xokw\" tabindex=\"0\" role=\"link\" href=\"https:\/\/www.facebook.com\/hashtag\/sem%C3%A1forosinteligentes?__eep__=6&amp;__cft__[0]=AZUGnRHqje6ZHd5tHImMiAk3DDgfiBF18SngLiMM6WHTIgZCm3FZRDLnOs40tB0W6AkrmL_-IbI67tO1FwwKzZUjo0plenj6qzW2WXCKIevS1PkgEHKoJvXdlJ9lXSKUIa-HG3ZqPC3dGQ33iUK0d_icgYQoAvthnqGOCX_OMbUEHkjvYN7AY1FxOSlS1o2mJoU&amp;__tn__=*NK-R\">#Sem\u00e1forosInteligentes<\/a><\/p>\n<p dir=\"auto\" style=\"text-align: justify;\"><a class=\"oajrlxb2 g5ia77u1 qu0x051f esr5mh6w e9989ue4 r7d6kgcz rq0escxv nhd2j8a9 nc684nl6 p7hjln8o kvgmc6g5 cxmmr5t8 oygrvhab hcukyx3x jb3vyjys rz4wbd8a qt6c0cv9 a8nywdso i1ao9s8h esuyzwwr f1sip0of lzcic4wl q66pz984 gpro0wi8 b1v8xokw\" tabindex=\"0\" role=\"link\" href=\"https:\/\/www.facebook.com\/hashtag\/movilidadmachalaep?__eep__=6&amp;__cft__[0]=AZUGnRHqje6ZHd5tHImMiAk3DDgfiBF18SngLiMM6WHTIgZCm3FZRDLnOs40tB0W6AkrmL_-IbI67tO1FwwKzZUjo0plenj6qzW2WXCKIevS1PkgEHKoJvXdlJ9lXSKUIa-HG3ZqPC3dGQ33iUK0d_icgYQoAvthnqGOCX_OMbUEHkjvYN7AY1FxOSlS1o2mJoU&amp;__tn__=*NK-R\">#MovilidadMachalaEP<\/a><\/p>\n<p dir=\"auto\" style=\"text-align: justify;\"><a class=\"oajrlxb2 g5ia77u1 qu0x051f esr5mh6w e9989ue4 r7d6kgcz rq0escxv nhd2j8a9 nc684nl6 p7hjln8o kvgmc6g5 cxmmr5t8 oygrvhab hcukyx3x jb3vyjys rz4wbd8a qt6c0cv9 a8nywdso i1ao9s8h esuyzwwr f1sip0of lzcic4wl q66pz984 gpro0wi8 b1v8xokw\" tabindex=\"0\" role=\"link\" href=\"https:\/\/www.facebook.com\/hashtag\/dar%C3%ADomacasalcalde?__eep__=6&amp;__cft__[0]=AZUGnRHqje6ZHd5tHImMiAk3DDgfiBF18SngLiMM6WHTIgZCm3FZRDLnOs40tB0W6AkrmL_-IbI67tO1FwwKzZUjo0plenj6qzW2WXCKIevS1PkgEHKoJvXdlJ9lXSKUIa-HG3ZqPC3dGQ33iUK0d_icgYQoAvthnqGOCX_OMbUEHkjvYN7AY1FxOSlS1o2mJoU&amp;__tn__=*NK-R\">#Dar\u00edoMacasAlcalde<\/a><\/p>\n<p><img loading=\"lazy\" decoding=\"async\" class=\"alignnone wp-image-18119 aligncenter\" src=\"http:\/\/www.movilidadmachala.gob.ec\/wp-content\/uploads\/2021\/08\/233684278_803488797022441_1445078213861308972_n-300x225.jpeg\" alt=\"\" width=\"1211\" height=\"908\" \/> <\/p>\n<p><img loading=\"lazy\" decoding=\"async\" class=\"alignnone wp-image-18118 aligncenter\" src=\"http:\/\/www.movilidadmachala.gob.ec\/wp-content\/uploads\/2021\/08\/234136767_803488847022436_7383407514821292449_n-300x225.jpeg\" alt=\"\" width=\"1208\" height=\"906\" \/> <\/p>\n<\/div>\n","protected":false},"excerpt":{"rendered":"<p>#MOVILIDADInforma | T\u00e9cnicos del departamento de Se\u00f1alizaci\u00f3n fueron capacitados sobre el manejo de controladores de tr\u00e1fico de 12 salidas con control remoto y comunicaci\u00f3n inal\u00e1mbrica, ya que Movilidad Machala adquiri\u00f3 sem\u00e1foros inteligentes que permitir\u00e1n una mayor fluidez del tr\u00e1fico. \u00a1Trabajamos&hellip;<\/p>\n","protected":false},"author":1,"featured_media":1215,"comment_status":"closed","ping_status":"closed","sticky":false,"template":"","format":"standard","meta":{"footnotes":""},"categories":[35],"tags":[],"class_list":["post-1214","post","type-post","status-publish","format-standard","has-post-thumbnail","hentry","category-noticias"],"_links":{"self":[{"href":"https:\/\/www.movilidadmachala.gob.ec\/web\/wp-json\/wp\/v2\/posts\/1214","targetHints":{"allow":["GET"]}}],"collection":[{"href":"https:\/\/www.movilidadmachala.gob.ec\/web\/wp-json\/wp\/v2\/posts"}],"about":[{"href":"https:\/\/www.movilidadmachala.gob.ec\/web\/wp-json\/wp\/v2\/types\/post"}],"author":[{"embeddable":true,"href":"https:\/\/www.movilidadmachala.gob.ec\/web\/wp-json\/wp\/v2\/users\/1"}],"replies":[{"embeddable":true,"href":"https:\/\/www.movilidadmachala.gob.ec\/web\/wp-json\/wp\/v2\/comments?post=1214"}],"version-history":[{"count":2,"href":"https:\/\/www.movilidadmachala.gob.ec\/web\/wp-json\/wp\/v2\/posts\/1214\/revisions"}],"predecessor-version":[{"id":1217,"href":"https:\/\/www.movilidadmachala.gob.ec\/web\/wp-json\/wp\/v2\/posts\/1214\/revisions\/1217"}],"wp:featuredmedia":[{"embeddable":true,"href":"https:\/\/www.movilidadmachala.gob.ec\/web\/wp-json\/wp\/v2\/media\/1215"}],"wp:attachment":[{"href":"https:\/\/www.movilidadmachala.gob.ec\/web\/wp-json\/wp\/v2\/media?parent=1214"}],"wp:term":[{"taxonomy":"category","embeddable":true,"href":"https:\/\/www.movilidadmachala.gob.ec\/web\/wp-json\/wp\/v2\/categories?post=1214"},{"taxonomy":"post_tag","embeddable":true,"href":"https:\/\/www.movilidadmachala.gob.ec\/web\/wp-json\/wp\/v2\/tags?post=1214"}],"curies":[{"name":"wp","href":"https:\/\/api.w.org\/{rel}","templated":true}]}}