{"id":1218,"date":"2021-09-17T16:37:53","date_gmt":"2021-09-17T21:37:53","guid":{"rendered":"https:\/\/www.movilidadmachala.gob.ec\/web\/?p=1218"},"modified":"2022-10-15T07:27:22","modified_gmt":"2022-10-15T12:27:22","slug":"socializacion-a-conductores-de-motocicletas-electricas","status":"publish","type":"post","link":"https:\/\/www.movilidadmachala.gob.ec\/web\/socializacion-a-conductores-de-motocicletas-electricas\/","title":{"rendered":"Socializaci\u00f3n a conductores de motocicletas el\u00e9ctricas"},"content":{"rendered":"<div class=\"kvgmc6g5 cxmmr5t8 oygrvhab hcukyx3x c1et5uql ii04i59q\">\n<p dir=\"auto\" style=\"text-align: justify;\"><a class=\"oajrlxb2 g5ia77u1 qu0x051f esr5mh6w e9989ue4 r7d6kgcz rq0escxv nhd2j8a9 nc684nl6 p7hjln8o kvgmc6g5 cxmmr5t8 oygrvhab hcukyx3x jb3vyjys rz4wbd8a qt6c0cv9 a8nywdso i1ao9s8h esuyzwwr f1sip0of lzcic4wl q66pz984 gpro0wi8 b1v8xokw\" tabindex=\"0\" role=\"link\" href=\"https:\/\/www.facebook.com\/hashtag\/ahora?__eep__=6&amp;__cft__[0]=AZXa5VeBp-6lvhOLMg8rwJIboAs8PF5vqkIRNm7bJPNWYymPYcRg9tXI9vij0yQtPbTY9okDtX1Bgjfl-t-JYCoTHuvL6ZJobXmq9dlv7MDnnSwj1kgjdTqiExUyD4u7KWF1LIrx-D7kX49GK4qg_nrAlpRHgG9ePpAjE3CWJHpkOuGdc_mhS8llaekFQdrm0Vo&amp;__tn__=*NK-R\">#Ahora<\/a> | Personal de Movilidad Machala EP, inicia campa\u00f1a de socializaci\u00f3n a conductores de motocicletas el\u00e9ctricas <span class=\"pq6dq46d tbxw36s4 knj5qynh kvgmc6g5 ditlmg2l oygrvhab nvdbi5me sf5mxxl7 gl3lb2sf hhz5lgdu\"><img loading=\"lazy\" decoding=\"async\" src=\"https:\/\/static.xx.fbcdn.net\/images\/emoji.php\/v9\/t7c\/2\/16\/1f6f5.png\" alt=\"?\" width=\"16\" height=\"16\" \/><\/span> para que utilicen cascos homologados en la ciudad de Machala, con el objetivo de reducir lesiones graves o hasta muertes causadas por este veh\u00edculo.<\/p>\n<\/div>\n<p dir=\"auto\" style=\"text-align: justify;\">\u00a1Respeta la seguridad vial, usa casco homologado!<\/p>\n<div class=\"o9v6fnle cxmmr5t8 oygrvhab hcukyx3x c1et5uql ii04i59q\">\n<p dir=\"auto\" style=\"text-align: justify;\"><a class=\"oajrlxb2 g5ia77u1 qu0x051f esr5mh6w e9989ue4 r7d6kgcz rq0escxv nhd2j8a9 nc684nl6 p7hjln8o kvgmc6g5 cxmmr5t8 oygrvhab hcukyx3x jb3vyjys rz4wbd8a qt6c0cv9 a8nywdso i1ao9s8h esuyzwwr f1sip0of lzcic4wl q66pz984 gpro0wi8 b1v8xokw\" tabindex=\"0\" role=\"link\" href=\"https:\/\/www.facebook.com\/hashtag\/movilidadmachalaep?__eep__=6&amp;__cft__[0]=AZXa5VeBp-6lvhOLMg8rwJIboAs8PF5vqkIRNm7bJPNWYymPYcRg9tXI9vij0yQtPbTY9okDtX1Bgjfl-t-JYCoTHuvL6ZJobXmq9dlv7MDnnSwj1kgjdTqiExUyD4u7KWF1LIrx-D7kX49GK4qg_nrAlpRHgG9ePpAjE3CWJHpkOuGdc_mhS8llaekFQdrm0Vo&amp;__tn__=*NK-R\">#MovilidadMachalaEP<\/a><\/p>\n<p dir=\"auto\" style=\"text-align: justify;\"><a class=\"oajrlxb2 g5ia77u1 qu0x051f esr5mh6w e9989ue4 r7d6kgcz rq0escxv nhd2j8a9 nc684nl6 p7hjln8o kvgmc6g5 cxmmr5t8 oygrvhab hcukyx3x jb3vyjys rz4wbd8a qt6c0cv9 a8nywdso i1ao9s8h esuyzwwr f1sip0of lzcic4wl q66pz984 gpro0wi8 b1v8xokw\" tabindex=\"0\" role=\"link\" href=\"https:\/\/www.facebook.com\/hashtag\/dar%C3%ADomacasalcalde?__eep__=6&amp;__cft__[0]=AZXa5VeBp-6lvhOLMg8rwJIboAs8PF5vqkIRNm7bJPNWYymPYcRg9tXI9vij0yQtPbTY9okDtX1Bgjfl-t-JYCoTHuvL6ZJobXmq9dlv7MDnnSwj1kgjdTqiExUyD4u7KWF1LIrx-D7kX49GK4qg_nrAlpRHgG9ePpAjE3CWJHpkOuGdc_mhS8llaekFQdrm0Vo&amp;__tn__=*NK-R\">#Dar\u00edoMacasAlcalde<\/a><\/p>\n<p><img loading=\"lazy\" decoding=\"async\" class=\"wp-image-18122 aligncenter\" src=\"http:\/\/www.movilidadmachala.gob.ec\/wp-content\/uploads\/2021\/08\/233463059_803373240367330_4516996333449790748_n-300x225.jpeg\" alt=\"\" width=\"1072\" height=\"804\" \/> <\/p>\n<\/div>\n","protected":false},"excerpt":{"rendered":"<p>#Ahora | Personal de Movilidad Machala EP, inicia campa\u00f1a de socializaci\u00f3n a conductores de motocicletas el\u00e9ctricas para que utilicen cascos homologados en la ciudad de Machala, con el objetivo de reducir lesiones graves o hasta muertes causadas por este veh\u00edculo.&hellip;<\/p>\n","protected":false},"author":1,"featured_media":1219,"comment_status":"closed","ping_status":"closed","sticky":false,"template":"","format":"standard","meta":{"footnotes":""},"categories":[35],"tags":[],"class_list":["post-1218","post","type-post","status-publish","format-standard","has-post-thumbnail","hentry","category-noticias"],"_links":{"self":[{"href":"https:\/\/www.movilidadmachala.gob.ec\/web\/wp-json\/wp\/v2\/posts\/1218","targetHints":{"allow":["GET"]}}],"collection":[{"href":"https:\/\/www.movilidadmachala.gob.ec\/web\/wp-json\/wp\/v2\/posts"}],"about":[{"href":"https:\/\/www.movilidadmachala.gob.ec\/web\/wp-json\/wp\/v2\/types\/post"}],"author":[{"embeddable":true,"href":"https:\/\/www.movilidadmachala.gob.ec\/web\/wp-json\/wp\/v2\/users\/1"}],"replies":[{"embeddable":true,"href":"https:\/\/www.movilidadmachala.gob.ec\/web\/wp-json\/wp\/v2\/comments?post=1218"}],"version-history":[{"count":2,"href":"https:\/\/www.movilidadmachala.gob.ec\/web\/wp-json\/wp\/v2\/posts\/1218\/revisions"}],"predecessor-version":[{"id":1221,"href":"https:\/\/www.movilidadmachala.gob.ec\/web\/wp-json\/wp\/v2\/posts\/1218\/revisions\/1221"}],"wp:featuredmedia":[{"embeddable":true,"href":"https:\/\/www.movilidadmachala.gob.ec\/web\/wp-json\/wp\/v2\/media\/1219"}],"wp:attachment":[{"href":"https:\/\/www.movilidadmachala.gob.ec\/web\/wp-json\/wp\/v2\/media?parent=1218"}],"wp:term":[{"taxonomy":"category","embeddable":true,"href":"https:\/\/www.movilidadmachala.gob.ec\/web\/wp-json\/wp\/v2\/categories?post=1218"},{"taxonomy":"post_tag","embeddable":true,"href":"https:\/\/www.movilidadmachala.gob.ec\/web\/wp-json\/wp\/v2\/tags?post=1218"}],"curies":[{"name":"wp","href":"https:\/\/api.w.org\/{rel}","templated":true}]}}