{"id":1344,"date":"2021-09-20T12:17:19","date_gmt":"2021-09-20T17:17:19","guid":{"rendered":"https:\/\/www.movilidadmachala.gob.ec\/web\/?p=1344"},"modified":"2022-10-15T07:24:05","modified_gmt":"2022-10-15T12:24:05","slug":"capacitacion-a-agentes-civiles-de-transito","status":"publish","type":"post","link":"https:\/\/www.movilidadmachala.gob.ec\/web\/capacitacion-a-agentes-civiles-de-transito\/","title":{"rendered":"Capacitaci\u00f3n a Agentes Civiles de Tr\u00e1nsito"},"content":{"rendered":"<div>\n<div class=\"\" dir=\"auto\">\n<div id=\"jsc_c_u6\" class=\"ecm0bbzt hv4rvrfc ihqw7lf3 dati1w0a\" data-ad-comet-preview=\"message\" data-ad-preview=\"message\">\n<div class=\"j83agx80 cbu4d94t ew0dbk1b irj2b8pg\">\n<div class=\"qzhwtbm6 knvmm38d\">\n<div class=\"kvgmc6g5 cxmmr5t8 oygrvhab hcukyx3x c1et5uql ii04i59q\">\n<div dir=\"auto\"><a class=\"oajrlxb2 g5ia77u1 qu0x051f  esr5mh6w e9989ue4 r7d6kgcz rq0escxv nhd2j8a9 nc684nl6 p7hjln8o kvgmc6g5 cxmmr5t8 oygrvhab hcukyx3x jb3vyjys rz4wbd8a qt6c0cv9 a8nywdso i1ao9s8h esuyzwwr f1sip0of lzcic4wl q66pz984 gpro0wi8 b1v8xokw\" tabindex=\"0\" role=\"link\" href=\"https:\/\/www.facebook.com\/hashtag\/movilidadcapacita?__eep__=6&amp;__cft__[0]=AZU_KpxxGuLn5gCuq_Yaa2LsFet9XVLshu9TAomhsB4WdP94wL2BA9Lb9UgWlYe-gfDiZrRXAFdsMMF4LY8GD3Xfp3F-aFvfRKvbeVKhGNXzmUD23XaNjcBHyDCxgAqr3WxEJK1e83VH3C1cNBf0_fEBtWViVqmDtJOEnLG9V54f7uy_bUI3fMGUnmN1EgF1cVE&amp;__tn__=*NK-R\">#MOVILIDADCapacita<\/a> | 206 Agentes Civiles de Tr\u00e1nsito reciben capacitaci\u00f3n sobre defensa personal y estrategias en manejo de situaciones de renuencia. Esto permitir\u00e1 una mejor relaci\u00f3n entre conductores y la autoridad con diferentes posturas.<\/div>\n<\/div>\n<div class=\"o9v6fnle cxmmr5t8 oygrvhab hcukyx3x c1et5uql ii04i59q\">\n<div dir=\"auto\"><a class=\"oajrlxb2 g5ia77u1 qu0x051f esr5mh6w e9989ue4 r7d6kgcz rq0escxv nhd2j8a9 nc684nl6 p7hjln8o kvgmc6g5 cxmmr5t8 oygrvhab hcukyx3x jb3vyjys rz4wbd8a qt6c0cv9 a8nywdso i1ao9s8h esuyzwwr f1sip0of lzcic4wl q66pz984 gpro0wi8 b1v8xokw\" tabindex=\"0\" role=\"link\" href=\"https:\/\/www.facebook.com\/hashtag\/trabajandoportuseguridad?__eep__=6&amp;__cft__[0]=AZU_KpxxGuLn5gCuq_Yaa2LsFet9XVLshu9TAomhsB4WdP94wL2BA9Lb9UgWlYe-gfDiZrRXAFdsMMF4LY8GD3Xfp3F-aFvfRKvbeVKhGNXzmUD23XaNjcBHyDCxgAqr3WxEJK1e83VH3C1cNBf0_fEBtWViVqmDtJOEnLG9V54f7uy_bUI3fMGUnmN1EgF1cVE&amp;__tn__=*NK-R\">#TrabajandoPorTuSeguridad<\/a><\/div>\n<div dir=\"auto\"><a class=\"oajrlxb2 g5ia77u1 qu0x051f esr5mh6w e9989ue4 r7d6kgcz rq0escxv nhd2j8a9 nc684nl6 p7hjln8o kvgmc6g5 cxmmr5t8 oygrvhab hcukyx3x jb3vyjys rz4wbd8a qt6c0cv9 a8nywdso i1ao9s8h esuyzwwr f1sip0of lzcic4wl q66pz984 gpro0wi8 b1v8xokw\" tabindex=\"0\" role=\"link\" href=\"https:\/\/www.facebook.com\/hashtag\/dar%C3%ADomacasalcalde?__eep__=6&amp;__cft__[0]=AZU_KpxxGuLn5gCuq_Yaa2LsFet9XVLshu9TAomhsB4WdP94wL2BA9Lb9UgWlYe-gfDiZrRXAFdsMMF4LY8GD3Xfp3F-aFvfRKvbeVKhGNXzmUD23XaNjcBHyDCxgAqr3WxEJK1e83VH3C1cNBf0_fEBtWViVqmDtJOEnLG9V54f7uy_bUI3fMGUnmN1EgF1cVE&amp;__tn__=*NK-R\">#Dar\u00edoMacasAlcalde<\/a><\/div>\n<\/div>\n<\/div>\n<\/div>\n<\/div>\n<\/div>\n<div id=\"jsc_c_u7\" class=\"l9j0dhe7\">\n<div class=\"l9j0dhe7\">\n<div class=\"l9j0dhe7\">\n<div class=\"l9j0dhe7\">\n<div class=\"ni8dbmo4 stjgntxs pmk7jnqg\">\n<div class=\"stjgntxs ni8dbmo4\">\n<div class=\"do00u71z ni8dbmo4 stjgntxs l9j0dhe7\">\n<div class=\"pmk7jnqg kr520xx4\"><img decoding=\"async\" class=\"i09qtzwb n7fi1qx3 datstx6m pmk7jnqg   j9ispegn kr520xx4 k4urcfbm aligncenter\" src=\"https:\/\/scontent-lim1-1.xx.fbcdn.net\/v\/t39.30808-6\/p960x960\/242534931_830523554318965_6233452170410799799_n.jpg?_nc_cat=107&amp;ccb=1-5&amp;_nc_sid=730e14&amp;_nc_ohc=RJpeHk2uv9oAX9mEC-B&amp;_nc_ht=scontent-lim1-1.xx&amp;oh=e11df28945e8de343e8d03461bcb652f&amp;oe=615B26B4\" alt=\"\" \/><\/div>\n<\/div>\n<div class=\"hzruof5a opwvks06 linmgsc8 kr520xx4 j9ispegn pmk7jnqg n7fi1qx3 rq0escxv i09qtzwb\" style=\"text-align: center;\"><\/div>\n<\/div>\n<\/div>\n<div class=\"ni8dbmo4 stjgntxs pmk7jnqg\">\n<div class=\"stjgntxs ni8dbmo4\">\n<div class=\"do00u71z ni8dbmo4 stjgntxs l9j0dhe7\">\n<div class=\"pmk7jnqg kr520xx4\"><img decoding=\"async\" class=\"i09qtzwb n7fi1qx3 datstx6m pmk7jnqg j9ispegn kr520xx4 k4urcfbm aligncenter\" src=\"https:\/\/scontent-lim1-1.xx.fbcdn.net\/v\/t39.30808-6\/p960x960\/242579330_830523604318960_5156830574791179148_n.jpg?_nc_cat=105&amp;ccb=1-5&amp;_nc_sid=730e14&amp;_nc_ohc=Ssjww0V64QQAX-2CCdI&amp;_nc_ht=scontent-lim1-1.xx&amp;oh=fba9459214e1f6378c36edc50e1afaa3&amp;oe=615D02FF\" alt=\"\" \/><\/div>\n<\/div>\n<div class=\"hzruof5a opwvks06 linmgsc8 kr520xx4 j9ispegn pmk7jnqg n7fi1qx3 rq0escxv i09qtzwb\"><\/div>\n<\/div>\n<div class=\"n00je7tq arfg74bv qs9ysxi8 k77z8yql i09qtzwb n7fi1qx3 b5wmifdl hzruof5a pmk7jnqg j9ispegn kr520xx4 c5ndavph art1omkt ot9fgl3s\" data-visualcompletion=\"ignore\"><\/div>\n<\/div>\n<\/div>\n<\/div>\n<\/div>\n<\/div>\n<\/div>\n","protected":false},"excerpt":{"rendered":"<p>#MOVILIDADCapacita | 206 Agentes Civiles de Tr\u00e1nsito reciben capacitaci\u00f3n sobre defensa personal y estrategias en manejo de situaciones de renuencia. Esto permitir\u00e1 una mejor relaci\u00f3n entre conductores y la autoridad con diferentes posturas. #TrabajandoPorTuSeguridad #Dar\u00edoMacasAlcalde<\/p>\n","protected":false},"author":1,"featured_media":1323,"comment_status":"closed","ping_status":"closed","sticky":false,"template":"","format":"standard","meta":{"footnotes":""},"categories":[35],"tags":[],"class_list":["post-1344","post","type-post","status-publish","format-standard","has-post-thumbnail","hentry","category-noticias"],"_links":{"self":[{"href":"https:\/\/www.movilidadmachala.gob.ec\/web\/wp-json\/wp\/v2\/posts\/1344","targetHints":{"allow":["GET"]}}],"collection":[{"href":"https:\/\/www.movilidadmachala.gob.ec\/web\/wp-json\/wp\/v2\/posts"}],"about":[{"href":"https:\/\/www.movilidadmachala.gob.ec\/web\/wp-json\/wp\/v2\/types\/post"}],"author":[{"embeddable":true,"href":"https:\/\/www.movilidadmachala.gob.ec\/web\/wp-json\/wp\/v2\/users\/1"}],"replies":[{"embeddable":true,"href":"https:\/\/www.movilidadmachala.gob.ec\/web\/wp-json\/wp\/v2\/comments?post=1344"}],"version-history":[{"count":1,"href":"https:\/\/www.movilidadmachala.gob.ec\/web\/wp-json\/wp\/v2\/posts\/1344\/revisions"}],"predecessor-version":[{"id":1345,"href":"https:\/\/www.movilidadmachala.gob.ec\/web\/wp-json\/wp\/v2\/posts\/1344\/revisions\/1345"}],"wp:featuredmedia":[{"embeddable":true,"href":"https:\/\/www.movilidadmachala.gob.ec\/web\/wp-json\/wp\/v2\/media\/1323"}],"wp:attachment":[{"href":"https:\/\/www.movilidadmachala.gob.ec\/web\/wp-json\/wp\/v2\/media?parent=1344"}],"wp:term":[{"taxonomy":"category","embeddable":true,"href":"https:\/\/www.movilidadmachala.gob.ec\/web\/wp-json\/wp\/v2\/categories?post=1344"},{"taxonomy":"post_tag","embeddable":true,"href":"https:\/\/www.movilidadmachala.gob.ec\/web\/wp-json\/wp\/v2\/tags?post=1344"}],"curies":[{"name":"wp","href":"https:\/\/api.w.org\/{rel}","templated":true}]}}