{"id":1377,"date":"2021-09-21T12:44:50","date_gmt":"2021-09-21T17:44:50","guid":{"rendered":"https:\/\/www.movilidadmachala.gob.ec\/web\/?p=1377"},"modified":"2021-10-05T10:46:53","modified_gmt":"2021-10-05T15:46:53","slug":"trabajos-de-senalizacion-2","status":"publish","type":"post","link":"https:\/\/www.movilidadmachala.gob.ec\/web\/trabajos-de-senalizacion-2\/","title":{"rendered":"Trabajos de Se\u00f1alizaci\u00f3n"},"content":{"rendered":"<div class=\"kvgmc6g5 cxmmr5t8 oygrvhab hcukyx3x c1et5uql ii04i59q\">\n<div dir=\"auto\">Continuamos con trabajos de se\u00f1alizaci\u00f3n horizontal en el Barrio Las Tolas. Agentes Civiles de Tr\u00e1nsito se encuentran controlando el tr\u00e1fico.<\/div>\n<\/div>\n<div class=\"o9v6fnle cxmmr5t8 oygrvhab hcukyx3x c1et5uql ii04i59q\">\n<div dir=\"auto\">Tomar v\u00edas alternas para evitar congestionamientos.<\/div>\n<\/div>\n<div class=\"o9v6fnle cxmmr5t8 oygrvhab hcukyx3x c1et5uql ii04i59q\">\n<div dir=\"auto\">Contribuimos con el desarrollo de nuestra ciudad!<\/div>\n<\/div>\n<div class=\"o9v6fnle cxmmr5t8 oygrvhab hcukyx3x c1et5uql ii04i59q\">\n<div dir=\"auto\"><a class=\"oajrlxb2 g5ia77u1 qu0x051f esr5mh6w e9989ue4 r7d6kgcz rq0escxv nhd2j8a9 nc684nl6 p7hjln8o kvgmc6g5 cxmmr5t8 oygrvhab hcukyx3x jb3vyjys rz4wbd8a qt6c0cv9 a8nywdso i1ao9s8h esuyzwwr f1sip0of lzcic4wl q66pz984 gpro0wi8 b1v8xokw\" tabindex=\"0\" role=\"link\" href=\"https:\/\/www.facebook.com\/hashtag\/movilidadmachalaep?__eep__=6&amp;__cft__[0]=AZUKzfgEWl4_UmX9bsL5WNqwhugpj7E1vIvDau9Pi_ntFpx1kQGG213fLa08JVXqLL5YlyyNxUYP56-td07MpYosHQnzCRZByuWDHN8WVx361vNY_HQl4HTsy2Yjo2zDbMaqI4MJAvKoVTy79NF_HXvRQsi75XpKa5eLZnld7DP1qau9htGGfY2ovNZCss5TJzg&amp;__tn__=*NK-R\">#MovilidadMachalaEP<\/a><\/div>\n<div dir=\"auto\"><a class=\"oajrlxb2 g5ia77u1 qu0x051f esr5mh6w e9989ue4 r7d6kgcz rq0escxv nhd2j8a9 nc684nl6 p7hjln8o kvgmc6g5 cxmmr5t8 oygrvhab hcukyx3x jb3vyjys rz4wbd8a qt6c0cv9 a8nywdso i1ao9s8h esuyzwwr f1sip0of lzcic4wl q66pz984 gpro0wi8 b1v8xokw\" tabindex=\"0\" role=\"link\" href=\"https:\/\/www.facebook.com\/hashtag\/dar%C3%ADomacasalcalde?__eep__=6&amp;__cft__[0]=AZUKzfgEWl4_UmX9bsL5WNqwhugpj7E1vIvDau9Pi_ntFpx1kQGG213fLa08JVXqLL5YlyyNxUYP56-td07MpYosHQnzCRZByuWDHN8WVx361vNY_HQl4HTsy2Yjo2zDbMaqI4MJAvKoVTy79NF_HXvRQsi75XpKa5eLZnld7DP1qau9htGGfY2ovNZCss5TJzg&amp;__tn__=*NK-R\">#Dar\u00edoMacasAlcalde<\/a><\/div>\n<div dir=\"auto\"><img loading=\"lazy\" decoding=\"async\" class=\"alignnone  wp-image-1317 aligncenter\" src=\"https:\/\/www.movilidadmachala.gob.ec\/web\/wp-content\/uploads\/2021\/09\/242620507_831117264259594_4554017537755074492_n-300x225.jpeg\" alt=\"\" width=\"631\" height=\"473\" srcset=\"https:\/\/www.movilidadmachala.gob.ec\/web\/wp-content\/uploads\/2021\/09\/242620507_831117264259594_4554017537755074492_n-300x225.jpeg 300w, https:\/\/www.movilidadmachala.gob.ec\/web\/wp-content\/uploads\/2021\/09\/242620507_831117264259594_4554017537755074492_n-768x576.jpeg 768w, https:\/\/www.movilidadmachala.gob.ec\/web\/wp-content\/uploads\/2021\/09\/242620507_831117264259594_4554017537755074492_n-370x278.jpeg 370w, https:\/\/www.movilidadmachala.gob.ec\/web\/wp-content\/uploads\/2021\/09\/242620507_831117264259594_4554017537755074492_n-760x570.jpeg 760w, https:\/\/www.movilidadmachala.gob.ec\/web\/wp-content\/uploads\/2021\/09\/242620507_831117264259594_4554017537755074492_n.jpeg 960w\" sizes=\"auto, (max-width: 631px) 100vw, 631px\" \/><\/div>\n<div dir=\"auto\" style=\"text-align: center;\"><\/div>\n<div dir=\"auto\" style=\"text-align: center;\"><img loading=\"lazy\" decoding=\"async\" class=\"alignnone  wp-image-1316\" src=\"https:\/\/www.movilidadmachala.gob.ec\/web\/wp-content\/uploads\/2021\/09\/242584197_831117307592923_819972429073965172_n-300x225.jpeg\" alt=\"\" width=\"628\" height=\"471\" srcset=\"https:\/\/www.movilidadmachala.gob.ec\/web\/wp-content\/uploads\/2021\/09\/242584197_831117307592923_819972429073965172_n-300x225.jpeg 300w, https:\/\/www.movilidadmachala.gob.ec\/web\/wp-content\/uploads\/2021\/09\/242584197_831117307592923_819972429073965172_n-768x576.jpeg 768w, https:\/\/www.movilidadmachala.gob.ec\/web\/wp-content\/uploads\/2021\/09\/242584197_831117307592923_819972429073965172_n-370x278.jpeg 370w, https:\/\/www.movilidadmachala.gob.ec\/web\/wp-content\/uploads\/2021\/09\/242584197_831117307592923_819972429073965172_n-760x570.jpeg 760w, https:\/\/www.movilidadmachala.gob.ec\/web\/wp-content\/uploads\/2021\/09\/242584197_831117307592923_819972429073965172_n.jpeg 960w\" sizes=\"auto, (max-width: 628px) 100vw, 628px\" \/><\/div>\n<div dir=\"auto\" style=\"text-align: center;\"><\/div>\n<div dir=\"auto\" style=\"text-align: center;\"><img loading=\"lazy\" decoding=\"async\" class=\"alignnone  wp-image-1314\" src=\"https:\/\/www.movilidadmachala.gob.ec\/web\/wp-content\/uploads\/2021\/09\/242689311_831117424259578_2917438684635272519_n-300x225.jpeg\" alt=\"\" width=\"628\" height=\"471\" srcset=\"https:\/\/www.movilidadmachala.gob.ec\/web\/wp-content\/uploads\/2021\/09\/242689311_831117424259578_2917438684635272519_n-300x225.jpeg 300w, https:\/\/www.movilidadmachala.gob.ec\/web\/wp-content\/uploads\/2021\/09\/242689311_831117424259578_2917438684635272519_n-768x576.jpeg 768w, https:\/\/www.movilidadmachala.gob.ec\/web\/wp-content\/uploads\/2021\/09\/242689311_831117424259578_2917438684635272519_n-370x278.jpeg 370w, https:\/\/www.movilidadmachala.gob.ec\/web\/wp-content\/uploads\/2021\/09\/242689311_831117424259578_2917438684635272519_n-760x570.jpeg 760w, https:\/\/www.movilidadmachala.gob.ec\/web\/wp-content\/uploads\/2021\/09\/242689311_831117424259578_2917438684635272519_n.jpeg 960w\" sizes=\"auto, (max-width: 628px) 100vw, 628px\" \/><\/div>\n<div dir=\"auto\" style=\"text-align: center;\"><\/div>\n<div dir=\"auto\" style=\"text-align: center;\"><img loading=\"lazy\" decoding=\"async\" class=\"alignnone  wp-image-1313\" src=\"https:\/\/www.movilidadmachala.gob.ec\/web\/wp-content\/uploads\/2021\/09\/242582355_831117467592907_5989349247395420501_n-300x225.jpeg\" alt=\"\" width=\"624\" height=\"468\" srcset=\"https:\/\/www.movilidadmachala.gob.ec\/web\/wp-content\/uploads\/2021\/09\/242582355_831117467592907_5989349247395420501_n-300x225.jpeg 300w, https:\/\/www.movilidadmachala.gob.ec\/web\/wp-content\/uploads\/2021\/09\/242582355_831117467592907_5989349247395420501_n-768x576.jpeg 768w, https:\/\/www.movilidadmachala.gob.ec\/web\/wp-content\/uploads\/2021\/09\/242582355_831117467592907_5989349247395420501_n-370x278.jpeg 370w, https:\/\/www.movilidadmachala.gob.ec\/web\/wp-content\/uploads\/2021\/09\/242582355_831117467592907_5989349247395420501_n-760x570.jpeg 760w, https:\/\/www.movilidadmachala.gob.ec\/web\/wp-content\/uploads\/2021\/09\/242582355_831117467592907_5989349247395420501_n.jpeg 960w\" sizes=\"auto, (max-width: 624px) 100vw, 624px\" \/><\/div>\n<div dir=\"auto\" style=\"text-align: center;\"><\/div>\n<div dir=\"auto\"><img loading=\"lazy\" decoding=\"async\" class=\"alignnone  wp-image-1312 aligncenter\" src=\"https:\/\/www.movilidadmachala.gob.ec\/web\/wp-content\/uploads\/2021\/09\/242657609_831117524259568_3954578124829332156_n-225x300.jpeg\" alt=\"\" width=\"617\" height=\"823\" srcset=\"https:\/\/www.movilidadmachala.gob.ec\/web\/wp-content\/uploads\/2021\/09\/242657609_831117524259568_3954578124829332156_n-225x300.jpeg 225w, https:\/\/www.movilidadmachala.gob.ec\/web\/wp-content\/uploads\/2021\/09\/242657609_831117524259568_3954578124829332156_n-370x493.jpeg 370w, https:\/\/www.movilidadmachala.gob.ec\/web\/wp-content\/uploads\/2021\/09\/242657609_831117524259568_3954578124829332156_n.jpeg 720w\" sizes=\"auto, (max-width: 617px) 100vw, 617px\" \/><\/div>\n<div dir=\"auto\"><\/div>\n<\/div>\n","protected":false},"excerpt":{"rendered":"<p>Continuamos con trabajos de se\u00f1alizaci\u00f3n horizontal en el Barrio Las Tolas. Agentes Civiles de Tr\u00e1nsito se encuentran controlando el tr\u00e1fico. Tomar v\u00edas alternas para evitar congestionamientos. Contribuimos con el desarrollo de nuestra ciudad! #MovilidadMachalaEP #Dar\u00edoMacasAlcalde<\/p>\n","protected":false},"author":1,"featured_media":1315,"comment_status":"closed","ping_status":"closed","sticky":false,"template":"","format":"standard","meta":{"footnotes":""},"categories":[35],"tags":[],"class_list":["post-1377","post","type-post","status-publish","format-standard","has-post-thumbnail","hentry","category-noticias"],"_links":{"self":[{"href":"https:\/\/www.movilidadmachala.gob.ec\/web\/wp-json\/wp\/v2\/posts\/1377","targetHints":{"allow":["GET"]}}],"collection":[{"href":"https:\/\/www.movilidadmachala.gob.ec\/web\/wp-json\/wp\/v2\/posts"}],"about":[{"href":"https:\/\/www.movilidadmachala.gob.ec\/web\/wp-json\/wp\/v2\/types\/post"}],"author":[{"embeddable":true,"href":"https:\/\/www.movilidadmachala.gob.ec\/web\/wp-json\/wp\/v2\/users\/1"}],"replies":[{"embeddable":true,"href":"https:\/\/www.movilidadmachala.gob.ec\/web\/wp-json\/wp\/v2\/comments?post=1377"}],"version-history":[{"count":1,"href":"https:\/\/www.movilidadmachala.gob.ec\/web\/wp-json\/wp\/v2\/posts\/1377\/revisions"}],"predecessor-version":[{"id":1378,"href":"https:\/\/www.movilidadmachala.gob.ec\/web\/wp-json\/wp\/v2\/posts\/1377\/revisions\/1378"}],"wp:featuredmedia":[{"embeddable":true,"href":"https:\/\/www.movilidadmachala.gob.ec\/web\/wp-json\/wp\/v2\/media\/1315"}],"wp:attachment":[{"href":"https:\/\/www.movilidadmachala.gob.ec\/web\/wp-json\/wp\/v2\/media?parent=1377"}],"wp:term":[{"taxonomy":"category","embeddable":true,"href":"https:\/\/www.movilidadmachala.gob.ec\/web\/wp-json\/wp\/v2\/categories?post=1377"},{"taxonomy":"post_tag","embeddable":true,"href":"https:\/\/www.movilidadmachala.gob.ec\/web\/wp-json\/wp\/v2\/tags?post=1377"}],"curies":[{"name":"wp","href":"https:\/\/api.w.org\/{rel}","templated":true}]}}