{"id":1379,"date":"2021-09-22T10:47:09","date_gmt":"2021-09-22T15:47:09","guid":{"rendered":"https:\/\/www.movilidadmachala.gob.ec\/web\/?p=1379"},"modified":"2021-10-05T10:51:05","modified_gmt":"2021-10-05T15:51:05","slug":"proyecto-de-erradicacion-de-trabajo-infantil","status":"publish","type":"post","link":"https:\/\/www.movilidadmachala.gob.ec\/web\/proyecto-de-erradicacion-de-trabajo-infantil\/","title":{"rendered":"Proyecto de Erradicaci\u00f3n de Trabajo Infantil"},"content":{"rendered":"<div class=\"kvgmc6g5 cxmmr5t8 oygrvhab hcukyx3x c1et5uql ii04i59q\">\n<div dir=\"auto\">Participamos en el Proyecto de Erradicaci\u00f3n de Trabajo Infantil, en coordinaci\u00f3n con el Municipio de Machala y el MIES, educando a ni\u00f1os del Barrio Blanca Garc\u00eda sobre la importancia de las se\u00f1ales de tr\u00e1nsito de forma l\u00fadica.<\/div>\n<\/div>\n<div class=\"o9v6fnle cxmmr5t8 oygrvhab hcukyx3x c1et5uql ii04i59q\">\n<div dir=\"auto\"><a class=\"oajrlxb2 g5ia77u1 qu0x051f esr5mh6w e9989ue4 r7d6kgcz rq0escxv nhd2j8a9 nc684nl6 p7hjln8o kvgmc6g5 cxmmr5t8 oygrvhab hcukyx3x jb3vyjys rz4wbd8a qt6c0cv9 a8nywdso i1ao9s8h esuyzwwr f1sip0of lzcic4wl q66pz984 gpro0wi8 b1v8xokw\" tabindex=\"0\" role=\"link\" href=\"https:\/\/www.facebook.com\/hashtag\/educandoalosm%C3%A1speque%C3%B1os?__eep__=6&amp;__cft__[0]=AZVvA_iLHkX23CMwk7YpGagNpg7OfetlZrkMbar74za7A4TOmoNd4i1Ec3O4n54jNlwzWcsTmAGTxPuDEJY5RKxPPChFxiOoK8VQJ0CqRM3bLrgF4fBclC6cZSv9s-kimKDbaKJHUpCIfS4oq1i35cMae-hhyiMw95d8681AsWjiDAwRBOLTBFGVVEODcnRysbM&amp;__tn__=*NK-R\">#EducandoALosM\u00e1sPeque\u00f1os<\/a><\/div>\n<\/div>\n<div class=\"o9v6fnle cxmmr5t8 oygrvhab hcukyx3x c1et5uql ii04i59q\">\n<div dir=\"auto\"><a class=\"oajrlxb2 g5ia77u1 qu0x051f esr5mh6w e9989ue4 r7d6kgcz rq0escxv nhd2j8a9 nc684nl6 p7hjln8o kvgmc6g5 cxmmr5t8 oygrvhab hcukyx3x jb3vyjys rz4wbd8a qt6c0cv9 a8nywdso i1ao9s8h esuyzwwr f1sip0of lzcic4wl q66pz984 gpro0wi8 b1v8xokw\" tabindex=\"0\" role=\"link\" href=\"https:\/\/www.facebook.com\/hashtag\/movilidadmachalaep?__eep__=6&amp;__cft__[0]=AZVvA_iLHkX23CMwk7YpGagNpg7OfetlZrkMbar74za7A4TOmoNd4i1Ec3O4n54jNlwzWcsTmAGTxPuDEJY5RKxPPChFxiOoK8VQJ0CqRM3bLrgF4fBclC6cZSv9s-kimKDbaKJHUpCIfS4oq1i35cMae-hhyiMw95d8681AsWjiDAwRBOLTBFGVVEODcnRysbM&amp;__tn__=*NK-R\">#MovilidadMachalaEP<\/a><\/div>\n<div dir=\"auto\"><a class=\"oajrlxb2 g5ia77u1 qu0x051f esr5mh6w e9989ue4 r7d6kgcz rq0escxv nhd2j8a9 nc684nl6 p7hjln8o kvgmc6g5 cxmmr5t8 oygrvhab hcukyx3x jb3vyjys rz4wbd8a qt6c0cv9 a8nywdso i1ao9s8h esuyzwwr f1sip0of lzcic4wl q66pz984 gpro0wi8 b1v8xokw\" tabindex=\"0\" role=\"link\" href=\"https:\/\/www.facebook.com\/hashtag\/dar%C3%ADomacasalcalde?__eep__=6&amp;__cft__[0]=AZVvA_iLHkX23CMwk7YpGagNpg7OfetlZrkMbar74za7A4TOmoNd4i1Ec3O4n54jNlwzWcsTmAGTxPuDEJY5RKxPPChFxiOoK8VQJ0CqRM3bLrgF4fBclC6cZSv9s-kimKDbaKJHUpCIfS4oq1i35cMae-hhyiMw95d8681AsWjiDAwRBOLTBFGVVEODcnRysbM&amp;__tn__=*NK-R\">#Dar\u00edoMacasAlcalde<\/a><\/div>\n<div dir=\"auto\"><img loading=\"lazy\" decoding=\"async\" class=\"alignnone  wp-image-1307 aligncenter\" src=\"https:\/\/www.movilidadmachala.gob.ec\/web\/wp-content\/uploads\/2021\/09\/242390914_831672814204039_828728955389519304_n-300x220.jpeg\" alt=\"\" width=\"630\" height=\"462\" srcset=\"https:\/\/www.movilidadmachala.gob.ec\/web\/wp-content\/uploads\/2021\/09\/242390914_831672814204039_828728955389519304_n-300x220.jpeg 300w, https:\/\/www.movilidadmachala.gob.ec\/web\/wp-content\/uploads\/2021\/09\/242390914_831672814204039_828728955389519304_n-768x563.jpeg 768w, https:\/\/www.movilidadmachala.gob.ec\/web\/wp-content\/uploads\/2021\/09\/242390914_831672814204039_828728955389519304_n-370x271.jpeg 370w, https:\/\/www.movilidadmachala.gob.ec\/web\/wp-content\/uploads\/2021\/09\/242390914_831672814204039_828728955389519304_n-760x557.jpeg 760w, https:\/\/www.movilidadmachala.gob.ec\/web\/wp-content\/uploads\/2021\/09\/242390914_831672814204039_828728955389519304_n.jpeg 960w\" sizes=\"auto, (max-width: 630px) 100vw, 630px\" \/><\/div>\n<div dir=\"auto\" style=\"text-align: center;\"><\/div>\n<div dir=\"auto\" style=\"text-align: center;\"><img loading=\"lazy\" decoding=\"async\" class=\"alignnone  wp-image-1308\" src=\"https:\/\/www.movilidadmachala.gob.ec\/web\/wp-content\/uploads\/2021\/09\/242293489_831672777537376_6240503555470595713_n-300x226.jpeg\" alt=\"\" width=\"627\" height=\"472\" srcset=\"https:\/\/www.movilidadmachala.gob.ec\/web\/wp-content\/uploads\/2021\/09\/242293489_831672777537376_6240503555470595713_n-300x226.jpeg 300w, https:\/\/www.movilidadmachala.gob.ec\/web\/wp-content\/uploads\/2021\/09\/242293489_831672777537376_6240503555470595713_n-768x579.jpeg 768w, https:\/\/www.movilidadmachala.gob.ec\/web\/wp-content\/uploads\/2021\/09\/242293489_831672777537376_6240503555470595713_n-370x279.jpeg 370w, https:\/\/www.movilidadmachala.gob.ec\/web\/wp-content\/uploads\/2021\/09\/242293489_831672777537376_6240503555470595713_n-760x573.jpeg 760w, https:\/\/www.movilidadmachala.gob.ec\/web\/wp-content\/uploads\/2021\/09\/242293489_831672777537376_6240503555470595713_n.jpeg 960w\" sizes=\"auto, (max-width: 627px) 100vw, 627px\" \/><\/div>\n<div dir=\"auto\" style=\"text-align: center;\"><\/div>\n<div dir=\"auto\" style=\"text-align: center;\"><img loading=\"lazy\" decoding=\"async\" class=\"alignnone  wp-image-1309\" src=\"https:\/\/www.movilidadmachala.gob.ec\/web\/wp-content\/uploads\/2021\/09\/242231499_831672730870714_1959592445097790805_n-300x225.jpeg\" alt=\"\" width=\"625\" height=\"469\" srcset=\"https:\/\/www.movilidadmachala.gob.ec\/web\/wp-content\/uploads\/2021\/09\/242231499_831672730870714_1959592445097790805_n-300x225.jpeg 300w, https:\/\/www.movilidadmachala.gob.ec\/web\/wp-content\/uploads\/2021\/09\/242231499_831672730870714_1959592445097790805_n-768x576.jpeg 768w, https:\/\/www.movilidadmachala.gob.ec\/web\/wp-content\/uploads\/2021\/09\/242231499_831672730870714_1959592445097790805_n-370x278.jpeg 370w, https:\/\/www.movilidadmachala.gob.ec\/web\/wp-content\/uploads\/2021\/09\/242231499_831672730870714_1959592445097790805_n-760x570.jpeg 760w, https:\/\/www.movilidadmachala.gob.ec\/web\/wp-content\/uploads\/2021\/09\/242231499_831672730870714_1959592445097790805_n.jpeg 960w\" sizes=\"auto, (max-width: 625px) 100vw, 625px\" \/><\/div>\n<div dir=\"auto\" style=\"text-align: center;\"><\/div>\n<div dir=\"auto\"><img loading=\"lazy\" decoding=\"async\" class=\"alignnone  wp-image-1311 aligncenter\" src=\"https:\/\/www.movilidadmachala.gob.ec\/web\/wp-content\/uploads\/2021\/09\/242647512_831672620870725_40220181569872956_n-300x225.jpeg\" alt=\"\" width=\"623\" height=\"467\" srcset=\"https:\/\/www.movilidadmachala.gob.ec\/web\/wp-content\/uploads\/2021\/09\/242647512_831672620870725_40220181569872956_n-300x225.jpeg 300w, https:\/\/www.movilidadmachala.gob.ec\/web\/wp-content\/uploads\/2021\/09\/242647512_831672620870725_40220181569872956_n-768x576.jpeg 768w, https:\/\/www.movilidadmachala.gob.ec\/web\/wp-content\/uploads\/2021\/09\/242647512_831672620870725_40220181569872956_n-370x278.jpeg 370w, https:\/\/www.movilidadmachala.gob.ec\/web\/wp-content\/uploads\/2021\/09\/242647512_831672620870725_40220181569872956_n-760x570.jpeg 760w, https:\/\/www.movilidadmachala.gob.ec\/web\/wp-content\/uploads\/2021\/09\/242647512_831672620870725_40220181569872956_n.jpeg 960w\" sizes=\"auto, (max-width: 623px) 100vw, 623px\" \/><\/div>\n<\/div>\n","protected":false},"excerpt":{"rendered":"<p>Participamos en el Proyecto de Erradicaci\u00f3n de Trabajo Infantil, en coordinaci\u00f3n con el Municipio de Machala y el MIES, educando a ni\u00f1os del Barrio Blanca Garc\u00eda sobre la importancia de las se\u00f1ales de tr\u00e1nsito de forma l\u00fadica. #EducandoALosM\u00e1sPeque\u00f1os #MovilidadMachalaEP #Dar\u00edoMacasAlcalde<\/p>\n","protected":false},"author":1,"featured_media":1310,"comment_status":"closed","ping_status":"closed","sticky":false,"template":"","format":"standard","meta":{"footnotes":""},"categories":[35],"tags":[],"class_list":["post-1379","post","type-post","status-publish","format-standard","has-post-thumbnail","hentry","category-noticias"],"_links":{"self":[{"href":"https:\/\/www.movilidadmachala.gob.ec\/web\/wp-json\/wp\/v2\/posts\/1379","targetHints":{"allow":["GET"]}}],"collection":[{"href":"https:\/\/www.movilidadmachala.gob.ec\/web\/wp-json\/wp\/v2\/posts"}],"about":[{"href":"https:\/\/www.movilidadmachala.gob.ec\/web\/wp-json\/wp\/v2\/types\/post"}],"author":[{"embeddable":true,"href":"https:\/\/www.movilidadmachala.gob.ec\/web\/wp-json\/wp\/v2\/users\/1"}],"replies":[{"embeddable":true,"href":"https:\/\/www.movilidadmachala.gob.ec\/web\/wp-json\/wp\/v2\/comments?post=1379"}],"version-history":[{"count":1,"href":"https:\/\/www.movilidadmachala.gob.ec\/web\/wp-json\/wp\/v2\/posts\/1379\/revisions"}],"predecessor-version":[{"id":1380,"href":"https:\/\/www.movilidadmachala.gob.ec\/web\/wp-json\/wp\/v2\/posts\/1379\/revisions\/1380"}],"wp:featuredmedia":[{"embeddable":true,"href":"https:\/\/www.movilidadmachala.gob.ec\/web\/wp-json\/wp\/v2\/media\/1310"}],"wp:attachment":[{"href":"https:\/\/www.movilidadmachala.gob.ec\/web\/wp-json\/wp\/v2\/media?parent=1379"}],"wp:term":[{"taxonomy":"category","embeddable":true,"href":"https:\/\/www.movilidadmachala.gob.ec\/web\/wp-json\/wp\/v2\/categories?post=1379"},{"taxonomy":"post_tag","embeddable":true,"href":"https:\/\/www.movilidadmachala.gob.ec\/web\/wp-json\/wp\/v2\/tags?post=1379"}],"curies":[{"name":"wp","href":"https:\/\/api.w.org\/{rel}","templated":true}]}}