{"id":1383,"date":"2021-09-23T15:53:37","date_gmt":"2021-09-23T20:53:37","guid":{"rendered":"https:\/\/www.movilidadmachala.gob.ec\/web\/?p=1383"},"modified":"2021-10-05T10:55:21","modified_gmt":"2021-10-05T15:55:21","slug":"nueva-interseccion-semaforica","status":"publish","type":"post","link":"https:\/\/www.movilidadmachala.gob.ec\/web\/nueva-interseccion-semaforica\/","title":{"rendered":"Nueva Intersecci\u00f3n Semaf\u00f3rica"},"content":{"rendered":"<div class=\"kvgmc6g5 cxmmr5t8 oygrvhab hcukyx3x c1et5uql ii04i59q\">\n<div dir=\"auto\">Colocamos nueva intersecci\u00f3n semaf\u00f3rica en la V\u00eda a La Primavera y Avenida Principal Urseza.<\/div>\n<\/div>\n<div class=\"o9v6fnle cxmmr5t8 oygrvhab hcukyx3x c1et5uql ii04i59q\">\n<div dir=\"auto\">Tomar precauciones al manejar por el sector.<\/div>\n<\/div>\n<div class=\"o9v6fnle cxmmr5t8 oygrvhab hcukyx3x c1et5uql ii04i59q\">\n<div dir=\"auto\">Aportamos a la correcta vialidad en Machala!<\/div>\n<\/div>\n<div class=\"o9v6fnle cxmmr5t8 oygrvhab hcukyx3x c1et5uql ii04i59q\">\n<div dir=\"auto\"><a class=\"oajrlxb2 g5ia77u1 qu0x051f esr5mh6w e9989ue4 r7d6kgcz rq0escxv nhd2j8a9 nc684nl6 p7hjln8o kvgmc6g5 cxmmr5t8 oygrvhab hcukyx3x jb3vyjys rz4wbd8a qt6c0cv9 a8nywdso i1ao9s8h esuyzwwr f1sip0of lzcic4wl q66pz984 gpro0wi8 b1v8xokw\" tabindex=\"0\" role=\"link\" href=\"https:\/\/www.facebook.com\/hashtag\/trabajamosportuseguridad?__eep__=6&amp;__cft__[0]=AZUTA_d2kNEMqM6ESHRZ4A53i_1Bs-YQr1C7FdDbPT-pkIb3U3FU02K3hn_zTnr793baEs2XX99Yyb8x0EiTNlB2DU8D5ANnsCujgIsqemkGS7Q5N9Wp_M_pIv8EVfMj1wce1qwkwMp2Da54SCKyJp_4-EU_unR-4dDQ-jutGiutmeH6eDeXiko9q_gkP7djju0&amp;__tn__=*NK-R\">#TrabajamosPorTuSeguridad<\/a><\/div>\n<\/div>\n<div class=\"o9v6fnle cxmmr5t8 oygrvhab hcukyx3x c1et5uql ii04i59q\">\n<div dir=\"auto\"><a class=\"oajrlxb2 g5ia77u1 qu0x051f esr5mh6w e9989ue4 r7d6kgcz rq0escxv nhd2j8a9 nc684nl6 p7hjln8o kvgmc6g5 cxmmr5t8 oygrvhab hcukyx3x jb3vyjys rz4wbd8a qt6c0cv9 a8nywdso i1ao9s8h esuyzwwr f1sip0of lzcic4wl q66pz984 gpro0wi8 b1v8xokw\" tabindex=\"0\" role=\"link\" href=\"https:\/\/www.facebook.com\/hashtag\/dar%C3%ADomacasalcalde?__eep__=6&amp;__cft__[0]=AZUTA_d2kNEMqM6ESHRZ4A53i_1Bs-YQr1C7FdDbPT-pkIb3U3FU02K3hn_zTnr793baEs2XX99Yyb8x0EiTNlB2DU8D5ANnsCujgIsqemkGS7Q5N9Wp_M_pIv8EVfMj1wce1qwkwMp2Da54SCKyJp_4-EU_unR-4dDQ-jutGiutmeH6eDeXiko9q_gkP7djju0&amp;__tn__=*NK-R\">#Dar\u00edoMacasAlcalde<\/a><\/div>\n<div dir=\"auto\"><img loading=\"lazy\" decoding=\"async\" class=\"alignnone  wp-image-1304 aligncenter\" src=\"https:\/\/www.movilidadmachala.gob.ec\/web\/wp-content\/uploads\/2021\/09\/242715263_832490420788945_8215570972215756118_n-300x225.jpeg\" alt=\"\" width=\"636\" height=\"477\" srcset=\"https:\/\/www.movilidadmachala.gob.ec\/web\/wp-content\/uploads\/2021\/09\/242715263_832490420788945_8215570972215756118_n-300x225.jpeg 300w, https:\/\/www.movilidadmachala.gob.ec\/web\/wp-content\/uploads\/2021\/09\/242715263_832490420788945_8215570972215756118_n-768x576.jpeg 768w, https:\/\/www.movilidadmachala.gob.ec\/web\/wp-content\/uploads\/2021\/09\/242715263_832490420788945_8215570972215756118_n-370x278.jpeg 370w, https:\/\/www.movilidadmachala.gob.ec\/web\/wp-content\/uploads\/2021\/09\/242715263_832490420788945_8215570972215756118_n-760x570.jpeg 760w, https:\/\/www.movilidadmachala.gob.ec\/web\/wp-content\/uploads\/2021\/09\/242715263_832490420788945_8215570972215756118_n.jpeg 960w\" sizes=\"auto, (max-width: 636px) 100vw, 636px\" \/><\/div>\n<div dir=\"auto\" style=\"text-align: center;\"><\/div>\n<div dir=\"auto\" style=\"text-align: center;\"><img loading=\"lazy\" decoding=\"async\" class=\"alignnone  wp-image-1305\" src=\"https:\/\/www.movilidadmachala.gob.ec\/web\/wp-content\/uploads\/2021\/09\/242823727_832490367455617_2236299784394054170_n-300x225.jpeg\" alt=\"\" width=\"635\" height=\"476\" srcset=\"https:\/\/www.movilidadmachala.gob.ec\/web\/wp-content\/uploads\/2021\/09\/242823727_832490367455617_2236299784394054170_n-300x225.jpeg 300w, https:\/\/www.movilidadmachala.gob.ec\/web\/wp-content\/uploads\/2021\/09\/242823727_832490367455617_2236299784394054170_n-768x576.jpeg 768w, https:\/\/www.movilidadmachala.gob.ec\/web\/wp-content\/uploads\/2021\/09\/242823727_832490367455617_2236299784394054170_n-370x278.jpeg 370w, https:\/\/www.movilidadmachala.gob.ec\/web\/wp-content\/uploads\/2021\/09\/242823727_832490367455617_2236299784394054170_n-760x570.jpeg 760w, https:\/\/www.movilidadmachala.gob.ec\/web\/wp-content\/uploads\/2021\/09\/242823727_832490367455617_2236299784394054170_n.jpeg 960w\" sizes=\"auto, (max-width: 635px) 100vw, 635px\" \/><\/div>\n<div dir=\"auto\" style=\"text-align: center;\"><\/div>\n<div dir=\"auto\" style=\"text-align: center;\"><img loading=\"lazy\" decoding=\"async\" class=\"alignnone  wp-image-1302\" src=\"https:\/\/www.movilidadmachala.gob.ec\/web\/wp-content\/uploads\/2021\/09\/242795829_832490600788927_7519331816183950909_n-300x225.jpeg\" alt=\"\" width=\"632\" height=\"474\" srcset=\"https:\/\/www.movilidadmachala.gob.ec\/web\/wp-content\/uploads\/2021\/09\/242795829_832490600788927_7519331816183950909_n-300x225.jpeg 300w, https:\/\/www.movilidadmachala.gob.ec\/web\/wp-content\/uploads\/2021\/09\/242795829_832490600788927_7519331816183950909_n-768x576.jpeg 768w, https:\/\/www.movilidadmachala.gob.ec\/web\/wp-content\/uploads\/2021\/09\/242795829_832490600788927_7519331816183950909_n-370x278.jpeg 370w, https:\/\/www.movilidadmachala.gob.ec\/web\/wp-content\/uploads\/2021\/09\/242795829_832490600788927_7519331816183950909_n-760x570.jpeg 760w, https:\/\/www.movilidadmachala.gob.ec\/web\/wp-content\/uploads\/2021\/09\/242795829_832490600788927_7519331816183950909_n.jpeg 960w\" sizes=\"auto, (max-width: 632px) 100vw, 632px\" \/><\/div>\n<div dir=\"auto\" style=\"text-align: center;\"><\/div>\n<div dir=\"auto\" style=\"text-align: center;\"><img loading=\"lazy\" decoding=\"async\" class=\"alignnone  wp-image-1301\" src=\"https:\/\/www.movilidadmachala.gob.ec\/web\/wp-content\/uploads\/2021\/09\/242482175_832490737455580_3430362531376599853_n-300x225.jpeg\" alt=\"\" width=\"631\" height=\"473\" srcset=\"https:\/\/www.movilidadmachala.gob.ec\/web\/wp-content\/uploads\/2021\/09\/242482175_832490737455580_3430362531376599853_n-300x225.jpeg 300w, https:\/\/www.movilidadmachala.gob.ec\/web\/wp-content\/uploads\/2021\/09\/242482175_832490737455580_3430362531376599853_n-768x576.jpeg 768w, https:\/\/www.movilidadmachala.gob.ec\/web\/wp-content\/uploads\/2021\/09\/242482175_832490737455580_3430362531376599853_n-370x278.jpeg 370w, https:\/\/www.movilidadmachala.gob.ec\/web\/wp-content\/uploads\/2021\/09\/242482175_832490737455580_3430362531376599853_n-760x570.jpeg 760w, https:\/\/www.movilidadmachala.gob.ec\/web\/wp-content\/uploads\/2021\/09\/242482175_832490737455580_3430362531376599853_n.jpeg 960w\" sizes=\"auto, (max-width: 631px) 100vw, 631px\" \/><\/div>\n<div dir=\"auto\" style=\"text-align: center;\"><\/div>\n<div dir=\"auto\"><img loading=\"lazy\" decoding=\"async\" class=\"alignnone  wp-image-1300 aligncenter\" src=\"https:\/\/www.movilidadmachala.gob.ec\/web\/wp-content\/uploads\/2021\/09\/242219016_832490790788908_8973177787271593916_n-300x225.jpeg\" alt=\"\" width=\"631\" height=\"473\" srcset=\"https:\/\/www.movilidadmachala.gob.ec\/web\/wp-content\/uploads\/2021\/09\/242219016_832490790788908_8973177787271593916_n-300x225.jpeg 300w, https:\/\/www.movilidadmachala.gob.ec\/web\/wp-content\/uploads\/2021\/09\/242219016_832490790788908_8973177787271593916_n-768x576.jpeg 768w, https:\/\/www.movilidadmachala.gob.ec\/web\/wp-content\/uploads\/2021\/09\/242219016_832490790788908_8973177787271593916_n-370x278.jpeg 370w, https:\/\/www.movilidadmachala.gob.ec\/web\/wp-content\/uploads\/2021\/09\/242219016_832490790788908_8973177787271593916_n-760x570.jpeg 760w, https:\/\/www.movilidadmachala.gob.ec\/web\/wp-content\/uploads\/2021\/09\/242219016_832490790788908_8973177787271593916_n.jpeg 960w\" sizes=\"auto, (max-width: 631px) 100vw, 631px\" \/><\/div>\n<\/div>\n","protected":false},"excerpt":{"rendered":"<p>Colocamos nueva intersecci\u00f3n semaf\u00f3rica en la V\u00eda a La Primavera y Avenida Principal Urseza. Tomar precauciones al manejar por el sector. Aportamos a la correcta vialidad en Machala! #TrabajamosPorTuSeguridad #Dar\u00edoMacasAlcalde<\/p>\n","protected":false},"author":1,"featured_media":1303,"comment_status":"closed","ping_status":"closed","sticky":false,"template":"","format":"standard","meta":{"footnotes":""},"categories":[35],"tags":[],"class_list":["post-1383","post","type-post","status-publish","format-standard","has-post-thumbnail","hentry","category-noticias"],"_links":{"self":[{"href":"https:\/\/www.movilidadmachala.gob.ec\/web\/wp-json\/wp\/v2\/posts\/1383","targetHints":{"allow":["GET"]}}],"collection":[{"href":"https:\/\/www.movilidadmachala.gob.ec\/web\/wp-json\/wp\/v2\/posts"}],"about":[{"href":"https:\/\/www.movilidadmachala.gob.ec\/web\/wp-json\/wp\/v2\/types\/post"}],"author":[{"embeddable":true,"href":"https:\/\/www.movilidadmachala.gob.ec\/web\/wp-json\/wp\/v2\/users\/1"}],"replies":[{"embeddable":true,"href":"https:\/\/www.movilidadmachala.gob.ec\/web\/wp-json\/wp\/v2\/comments?post=1383"}],"version-history":[{"count":1,"href":"https:\/\/www.movilidadmachala.gob.ec\/web\/wp-json\/wp\/v2\/posts\/1383\/revisions"}],"predecessor-version":[{"id":1384,"href":"https:\/\/www.movilidadmachala.gob.ec\/web\/wp-json\/wp\/v2\/posts\/1383\/revisions\/1384"}],"wp:featuredmedia":[{"embeddable":true,"href":"https:\/\/www.movilidadmachala.gob.ec\/web\/wp-json\/wp\/v2\/media\/1303"}],"wp:attachment":[{"href":"https:\/\/www.movilidadmachala.gob.ec\/web\/wp-json\/wp\/v2\/media?parent=1383"}],"wp:term":[{"taxonomy":"category","embeddable":true,"href":"https:\/\/www.movilidadmachala.gob.ec\/web\/wp-json\/wp\/v2\/categories?post=1383"},{"taxonomy":"post_tag","embeddable":true,"href":"https:\/\/www.movilidadmachala.gob.ec\/web\/wp-json\/wp\/v2\/tags?post=1383"}],"curies":[{"name":"wp","href":"https:\/\/api.w.org\/{rel}","templated":true}]}}