{"id":1385,"date":"2021-09-23T16:55:38","date_gmt":"2021-09-23T21:55:38","guid":{"rendered":"https:\/\/www.movilidadmachala.gob.ec\/web\/?p=1385"},"modified":"2024-01-26T05:24:03","modified_gmt":"2024-01-26T10:24:03","slug":"trabajos-de-senalizacion-3","status":"publish","type":"post","link":"https:\/\/www.movilidadmachala.gob.ec\/web\/trabajos-de-senalizacion-3\/","title":{"rendered":"Trabajos de Se\u00f1alizaci\u00f3n"},"content":{"rendered":"<div class=\"kvgmc6g5 cxmmr5t8 oygrvhab hcukyx3x c1et5uql ii04i59q\">\n<div dir=\"auto\">\u00a1Transformamos Machala!<\/div>\n<\/div>\n<div class=\"o9v6fnle cxmmr5t8 oygrvhab hcukyx3x c1et5uql ii04i59q\">\n<div dir=\"auto\">Continuamos con la se\u00f1alizaci\u00f3n vertical en el Barrio Las Tolas, esto mejora el ornato y la correcta circulaci\u00f3n vehicular y peatonal.<\/div>\n<\/div>\n<div class=\"o9v6fnle cxmmr5t8 oygrvhab hcukyx3x c1et5uql ii04i59q\">\n<div dir=\"auto\"><a class=\"oajrlxb2 g5ia77u1 qu0x051f esr5mh6w e9989ue4 r7d6kgcz rq0escxv nhd2j8a9 nc684nl6 p7hjln8o kvgmc6g5 cxmmr5t8 oygrvhab hcukyx3x jb3vyjys rz4wbd8a qt6c0cv9 a8nywdso i1ao9s8h esuyzwwr f1sip0of lzcic4wl q66pz984 gpro0wi8 b1v8xokw\" tabindex=\"0\" role=\"link\" href=\"https:\/\/www.facebook.com\/hashtag\/trabajamosportuseguridad?__eep__=6&amp;__cft__[0]=AZUXmoDuHq7PycZSjMopnziObREPrGhVZpBtWq3hAwQ1rjl8gxbrQa9MHfqTmbssd8l9IxDjERVzQd-wFRmaTKzuANblHVvb5ecAo5_5X4OQ6SDvo4rfR80vlhU4E2fBbJtE85Amcu_tT5Wpmi3LxpxaiuSMVTzT6-M2lW8Ex6arjo0n57anbWAGD4nhcYXIqB4&amp;__tn__=*NK-R\">#TrabajamosPorTuSeguridad<\/a><\/div>\n<div dir=\"auto\"><a class=\"oajrlxb2 g5ia77u1 qu0x051f esr5mh6w e9989ue4 r7d6kgcz rq0escxv nhd2j8a9 nc684nl6 p7hjln8o kvgmc6g5 cxmmr5t8 oygrvhab hcukyx3x jb3vyjys rz4wbd8a qt6c0cv9 a8nywdso i1ao9s8h esuyzwwr f1sip0of lzcic4wl q66pz984 gpro0wi8 b1v8xokw\" tabindex=\"0\" role=\"link\" href=\"https:\/\/www.facebook.com\/hashtag\/dar%C3%ADomacasalcalde?__eep__=6&amp;__cft__[0]=AZUXmoDuHq7PycZSjMopnziObREPrGhVZpBtWq3hAwQ1rjl8gxbrQa9MHfqTmbssd8l9IxDjERVzQd-wFRmaTKzuANblHVvb5ecAo5_5X4OQ6SDvo4rfR80vlhU4E2fBbJtE85Amcu_tT5Wpmi3LxpxaiuSMVTzT6-M2lW8Ex6arjo0n57anbWAGD4nhcYXIqB4&amp;__tn__=*NK-R\">#Dar\u00edoMacasAlcalde<\/a><\/div>\n<div dir=\"auto\"><img loading=\"lazy\" decoding=\"async\" class=\"alignnone  wp-image-1296 aligncenter\" src=\"https:\/\/www.movilidadmachala.gob.ec\/web\/wp-content\/uploads\/2021\/09\/242359607_832509440787043_924667152248247034_n-300x225.jpeg\" alt=\"\" width=\"661\" height=\"496\" srcset=\"https:\/\/www.movilidadmachala.gob.ec\/web\/wp-content\/uploads\/2021\/09\/242359607_832509440787043_924667152248247034_n-300x225.jpeg 300w, https:\/\/www.movilidadmachala.gob.ec\/web\/wp-content\/uploads\/2021\/09\/242359607_832509440787043_924667152248247034_n-768x576.jpeg 768w, https:\/\/www.movilidadmachala.gob.ec\/web\/wp-content\/uploads\/2021\/09\/242359607_832509440787043_924667152248247034_n-370x278.jpeg 370w, https:\/\/www.movilidadmachala.gob.ec\/web\/wp-content\/uploads\/2021\/09\/242359607_832509440787043_924667152248247034_n-760x570.jpeg 760w, https:\/\/www.movilidadmachala.gob.ec\/web\/wp-content\/uploads\/2021\/09\/242359607_832509440787043_924667152248247034_n.jpeg 960w\" sizes=\"auto, (max-width: 661px) 100vw, 661px\" \/><\/div>\n<div dir=\"auto\" style=\"text-align: center;\"><\/div>\n<div dir=\"auto\" style=\"text-align: center;\"><img loading=\"lazy\" decoding=\"async\" class=\"alignnone  wp-image-1297\" src=\"https:\/\/www.movilidadmachala.gob.ec\/web\/wp-content\/uploads\/2021\/09\/242718545_832509397453714_2691552553801480538_n-300x225.jpeg\" alt=\"\" width=\"665\" height=\"499\" srcset=\"https:\/\/www.movilidadmachala.gob.ec\/web\/wp-content\/uploads\/2021\/09\/242718545_832509397453714_2691552553801480538_n-300x225.jpeg 300w, https:\/\/www.movilidadmachala.gob.ec\/web\/wp-content\/uploads\/2021\/09\/242718545_832509397453714_2691552553801480538_n-768x576.jpeg 768w, https:\/\/www.movilidadmachala.gob.ec\/web\/wp-content\/uploads\/2021\/09\/242718545_832509397453714_2691552553801480538_n-370x278.jpeg 370w, https:\/\/www.movilidadmachala.gob.ec\/web\/wp-content\/uploads\/2021\/09\/242718545_832509397453714_2691552553801480538_n-760x570.jpeg 760w, https:\/\/www.movilidadmachala.gob.ec\/web\/wp-content\/uploads\/2021\/09\/242718545_832509397453714_2691552553801480538_n.jpeg 960w\" sizes=\"auto, (max-width: 665px) 100vw, 665px\" \/><\/div>\n<div dir=\"auto\" style=\"text-align: center;\"><\/div>\n<div dir=\"auto\" style=\"text-align: center;\"><img loading=\"lazy\" decoding=\"async\" class=\"alignnone  wp-image-1298\" src=\"https:\/\/www.movilidadmachala.gob.ec\/web\/wp-content\/uploads\/2021\/09\/242765040_832509347453719_1036332731873962226_n-300x225.jpeg\" alt=\"\" width=\"655\" height=\"491\" srcset=\"https:\/\/www.movilidadmachala.gob.ec\/web\/wp-content\/uploads\/2021\/09\/242765040_832509347453719_1036332731873962226_n-300x225.jpeg 300w, https:\/\/www.movilidadmachala.gob.ec\/web\/wp-content\/uploads\/2021\/09\/242765040_832509347453719_1036332731873962226_n-768x576.jpeg 768w, https:\/\/www.movilidadmachala.gob.ec\/web\/wp-content\/uploads\/2021\/09\/242765040_832509347453719_1036332731873962226_n-370x278.jpeg 370w, https:\/\/www.movilidadmachala.gob.ec\/web\/wp-content\/uploads\/2021\/09\/242765040_832509347453719_1036332731873962226_n-760x570.jpeg 760w, https:\/\/www.movilidadmachala.gob.ec\/web\/wp-content\/uploads\/2021\/09\/242765040_832509347453719_1036332731873962226_n.jpeg 960w\" sizes=\"auto, (max-width: 655px) 100vw, 655px\" \/><\/div>\n<div dir=\"auto\" style=\"text-align: center;\"><\/div>\n<div dir=\"auto\"><img loading=\"lazy\" decoding=\"async\" class=\"alignnone  wp-image-1299 aligncenter\" src=\"https:\/\/www.movilidadmachala.gob.ec\/web\/wp-content\/uploads\/2021\/09\/242278838_832509307453723_5294574557440102334_n-300x225.jpeg\" alt=\"\" width=\"655\" height=\"491\" srcset=\"https:\/\/www.movilidadmachala.gob.ec\/web\/wp-content\/uploads\/2021\/09\/242278838_832509307453723_5294574557440102334_n-300x225.jpeg 300w, https:\/\/www.movilidadmachala.gob.ec\/web\/wp-content\/uploads\/2021\/09\/242278838_832509307453723_5294574557440102334_n-768x576.jpeg 768w, https:\/\/www.movilidadmachala.gob.ec\/web\/wp-content\/uploads\/2021\/09\/242278838_832509307453723_5294574557440102334_n-370x278.jpeg 370w, https:\/\/www.movilidadmachala.gob.ec\/web\/wp-content\/uploads\/2021\/09\/242278838_832509307453723_5294574557440102334_n-760x570.jpeg 760w, https:\/\/www.movilidadmachala.gob.ec\/web\/wp-content\/uploads\/2021\/09\/242278838_832509307453723_5294574557440102334_n.jpeg 960w\" sizes=\"auto, (max-width: 655px) 100vw, 655px\" \/><\/div>\n<\/div>\n<p>Kayserinin en elit <a href=\"https:\/\/www.kayserisempati.com\/\" title=\"kayseri escort\">kayseri escort<\/a> kadinlari sizler i\u00e7in listelendi..<\/p>\n","protected":false},"excerpt":{"rendered":"<p>\u00a1Transformamos Machala! Continuamos con la se\u00f1alizaci\u00f3n vertical en el Barrio Las Tolas, esto mejora el ornato y la correcta circulaci\u00f3n vehicular y peatonal. #TrabajamosPorTuSeguridad #Dar\u00edoMacasAlcalde Kayserinin en elit kayseri escort kadinlari sizler i\u00e7in listelendi..<\/p>\n","protected":false},"author":1,"featured_media":1295,"comment_status":"closed","ping_status":"closed","sticky":false,"template":"","format":"standard","meta":{"footnotes":""},"categories":[35],"tags":[],"class_list":["post-1385","post","type-post","status-publish","format-standard","has-post-thumbnail","hentry","category-noticias"],"_links":{"self":[{"href":"https:\/\/www.movilidadmachala.gob.ec\/web\/wp-json\/wp\/v2\/posts\/1385","targetHints":{"allow":["GET"]}}],"collection":[{"href":"https:\/\/www.movilidadmachala.gob.ec\/web\/wp-json\/wp\/v2\/posts"}],"about":[{"href":"https:\/\/www.movilidadmachala.gob.ec\/web\/wp-json\/wp\/v2\/types\/post"}],"author":[{"embeddable":true,"href":"https:\/\/www.movilidadmachala.gob.ec\/web\/wp-json\/wp\/v2\/users\/1"}],"replies":[{"embeddable":true,"href":"https:\/\/www.movilidadmachala.gob.ec\/web\/wp-json\/wp\/v2\/comments?post=1385"}],"version-history":[{"count":1,"href":"https:\/\/www.movilidadmachala.gob.ec\/web\/wp-json\/wp\/v2\/posts\/1385\/revisions"}],"predecessor-version":[{"id":1386,"href":"https:\/\/www.movilidadmachala.gob.ec\/web\/wp-json\/wp\/v2\/posts\/1385\/revisions\/1386"}],"wp:featuredmedia":[{"embeddable":true,"href":"https:\/\/www.movilidadmachala.gob.ec\/web\/wp-json\/wp\/v2\/media\/1295"}],"wp:attachment":[{"href":"https:\/\/www.movilidadmachala.gob.ec\/web\/wp-json\/wp\/v2\/media?parent=1385"}],"wp:term":[{"taxonomy":"category","embeddable":true,"href":"https:\/\/www.movilidadmachala.gob.ec\/web\/wp-json\/wp\/v2\/categories?post=1385"},{"taxonomy":"post_tag","embeddable":true,"href":"https:\/\/www.movilidadmachala.gob.ec\/web\/wp-json\/wp\/v2\/tags?post=1385"}],"curies":[{"name":"wp","href":"https:\/\/api.w.org\/{rel}","templated":true}]}}