{"id":1387,"date":"2021-09-24T08:57:42","date_gmt":"2021-09-24T13:57:42","guid":{"rendered":"https:\/\/www.movilidadmachala.gob.ec\/web\/?p=1387"},"modified":"2021-10-05T10:58:47","modified_gmt":"2021-10-05T15:58:47","slug":"fiestas-patronales-de-machala","status":"publish","type":"post","link":"https:\/\/www.movilidadmachala.gob.ec\/web\/fiestas-patronales-de-machala\/","title":{"rendered":"Fiestas Patronales de Machala"},"content":{"rendered":"<div class=\"kvgmc6g5 cxmmr5t8 oygrvhab hcukyx3x c1et5uql ii04i59q\">\n<div dir=\"auto\">Movilidad Machala EP se une al regocijo que invade a los machale\u00f1os en sus fiestas patronales en honor a la virgen de La Merced, nos unimos a la celebraci\u00f3n de nuestra querida ciudad.<\/div>\n<\/div>\n<div class=\"o9v6fnle cxmmr5t8 oygrvhab hcukyx3x c1et5uql ii04i59q\">\n<div dir=\"auto\"><a class=\"oajrlxb2 g5ia77u1 qu0x051f esr5mh6w e9989ue4 r7d6kgcz rq0escxv nhd2j8a9 nc684nl6 p7hjln8o kvgmc6g5 cxmmr5t8 oygrvhab hcukyx3x jb3vyjys rz4wbd8a qt6c0cv9 a8nywdso i1ao9s8h esuyzwwr f1sip0of lzcic4wl q66pz984 gpro0wi8 b1v8xokw\" tabindex=\"0\" role=\"link\" href=\"https:\/\/www.facebook.com\/hashtag\/fiestaspatronalesmachala?__eep__=6&amp;__cft__[0]=AZWhPPMUKcX9cNJWYUxcuzWOI8YQGpMDIG7kDqqsWzmFgRcPJy7cnqg6yPkruiSmgsjmFQ8QLVCiIc7fiBnGmhIYIfWMAC7ptF6PyDZJZPBRga7BHpkU87YlADURc9JD_p7UAzPlygR_XdbeV0-0wMd3zyxT-sKZqJ_BalqHJJrGqUPgetrga8ZXiubojXcEDoE&amp;__tn__=*NK-R\">#FiestasPatronalesMachala<\/a><\/div>\n<div dir=\"auto\"><a class=\"oajrlxb2 g5ia77u1 qu0x051f esr5mh6w e9989ue4 r7d6kgcz rq0escxv nhd2j8a9 nc684nl6 p7hjln8o kvgmc6g5 cxmmr5t8 oygrvhab hcukyx3x jb3vyjys rz4wbd8a qt6c0cv9 a8nywdso i1ao9s8h esuyzwwr f1sip0of lzcic4wl q66pz984 gpro0wi8 b1v8xokw\" tabindex=\"0\" role=\"link\" href=\"https:\/\/www.facebook.com\/hashtag\/movilidadmachalaep?__eep__=6&amp;__cft__[0]=AZWhPPMUKcX9cNJWYUxcuzWOI8YQGpMDIG7kDqqsWzmFgRcPJy7cnqg6yPkruiSmgsjmFQ8QLVCiIc7fiBnGmhIYIfWMAC7ptF6PyDZJZPBRga7BHpkU87YlADURc9JD_p7UAzPlygR_XdbeV0-0wMd3zyxT-sKZqJ_BalqHJJrGqUPgetrga8ZXiubojXcEDoE&amp;__tn__=*NK-R\">#MovilidadMachalaEP<\/a><\/div>\n<div dir=\"auto\"><a class=\"oajrlxb2 g5ia77u1 qu0x051f esr5mh6w e9989ue4 r7d6kgcz rq0escxv nhd2j8a9 nc684nl6 p7hjln8o kvgmc6g5 cxmmr5t8 oygrvhab hcukyx3x jb3vyjys rz4wbd8a qt6c0cv9 a8nywdso i1ao9s8h esuyzwwr f1sip0of lzcic4wl q66pz984 gpro0wi8 b1v8xokw\" tabindex=\"0\" role=\"link\" href=\"https:\/\/www.facebook.com\/hashtag\/dar%C3%ADomacasalcalde?__eep__=6&amp;__cft__[0]=AZWhPPMUKcX9cNJWYUxcuzWOI8YQGpMDIG7kDqqsWzmFgRcPJy7cnqg6yPkruiSmgsjmFQ8QLVCiIc7fiBnGmhIYIfWMAC7ptF6PyDZJZPBRga7BHpkU87YlADURc9JD_p7UAzPlygR_XdbeV0-0wMd3zyxT-sKZqJ_BalqHJJrGqUPgetrga8ZXiubojXcEDoE&amp;__tn__=*NK-R\">#Dar\u00edoMacasAlcalde<\/a><\/div>\n<\/div>\n","protected":false},"excerpt":{"rendered":"<p>Movilidad Machala EP se une al regocijo que invade a los machale\u00f1os en sus fiestas patronales en honor a la virgen de La Merced, nos unimos a la celebraci\u00f3n de nuestra querida ciudad. #FiestasPatronalesMachala #MovilidadMachalaEP #Dar\u00edoMacasAlcalde<\/p>\n","protected":false},"author":1,"featured_media":1294,"comment_status":"closed","ping_status":"closed","sticky":false,"template":"","format":"standard","meta":{"footnotes":""},"categories":[35],"tags":[],"class_list":["post-1387","post","type-post","status-publish","format-standard","has-post-thumbnail","hentry","category-noticias"],"_links":{"self":[{"href":"https:\/\/www.movilidadmachala.gob.ec\/web\/wp-json\/wp\/v2\/posts\/1387","targetHints":{"allow":["GET"]}}],"collection":[{"href":"https:\/\/www.movilidadmachala.gob.ec\/web\/wp-json\/wp\/v2\/posts"}],"about":[{"href":"https:\/\/www.movilidadmachala.gob.ec\/web\/wp-json\/wp\/v2\/types\/post"}],"author":[{"embeddable":true,"href":"https:\/\/www.movilidadmachala.gob.ec\/web\/wp-json\/wp\/v2\/users\/1"}],"replies":[{"embeddable":true,"href":"https:\/\/www.movilidadmachala.gob.ec\/web\/wp-json\/wp\/v2\/comments?post=1387"}],"version-history":[{"count":2,"href":"https:\/\/www.movilidadmachala.gob.ec\/web\/wp-json\/wp\/v2\/posts\/1387\/revisions"}],"predecessor-version":[{"id":1389,"href":"https:\/\/www.movilidadmachala.gob.ec\/web\/wp-json\/wp\/v2\/posts\/1387\/revisions\/1389"}],"wp:featuredmedia":[{"embeddable":true,"href":"https:\/\/www.movilidadmachala.gob.ec\/web\/wp-json\/wp\/v2\/media\/1294"}],"wp:attachment":[{"href":"https:\/\/www.movilidadmachala.gob.ec\/web\/wp-json\/wp\/v2\/media?parent=1387"}],"wp:term":[{"taxonomy":"category","embeddable":true,"href":"https:\/\/www.movilidadmachala.gob.ec\/web\/wp-json\/wp\/v2\/categories?post=1387"},{"taxonomy":"post_tag","embeddable":true,"href":"https:\/\/www.movilidadmachala.gob.ec\/web\/wp-json\/wp\/v2\/tags?post=1387"}],"curies":[{"name":"wp","href":"https:\/\/api.w.org\/{rel}","templated":true}]}}