{"id":1390,"date":"2021-09-26T09:59:36","date_gmt":"2021-09-26T14:59:36","guid":{"rendered":"https:\/\/www.movilidadmachala.gob.ec\/web\/?p=1390"},"modified":"2024-01-26T05:23:46","modified_gmt":"2024-01-26T10:23:46","slug":"dia-de-la-bandera-nacional","status":"publish","type":"post","link":"https:\/\/www.movilidadmachala.gob.ec\/web\/dia-de-la-bandera-nacional\/","title":{"rendered":"D\u00eda de la Bandera Nacional"},"content":{"rendered":"<div class=\"kvgmc6g5 cxmmr5t8 oygrvhab hcukyx3x c1et5uql ii04i59q\">\n<div dir=\"auto\">Celebramos el D\u00eda de la Bandera Nacional llenos de orgullo por lo que significa este s\u00edmbolo patrio.<\/div>\n<div dir=\"auto\"><\/div>\n<\/div>\n<div dir=\"auto\"><a class=\"oajrlxb2 g5ia77u1 qu0x051f esr5mh6w e9989ue4 r7d6kgcz rq0escxv nhd2j8a9 nc684nl6 p7hjln8o kvgmc6g5 cxmmr5t8 oygrvhab hcukyx3x jb3vyjys rz4wbd8a qt6c0cv9 a8nywdso i1ao9s8h esuyzwwr f1sip0of lzcic4wl q66pz984 gpro0wi8 b1v8xokw\" tabindex=\"0\" role=\"link\" href=\"https:\/\/www.facebook.com\/hashtag\/movilidadmachalaep?__eep__=6&amp;__cft__[0]=AZXTeTOeM7w1m-i_kFauHiFc1Kp4RXvV0FtSlwVePeYhrS7OkIF70ZKZhaGQ1eVfMs8aaPMEC1FytLDbVzaB6wmNP3BFld0n9wiT6NQvtUDWf_AB3XW2xkvFm2tWN6VBfaQb2xH1K6KAQ2ccu3OVywaO2sKlLsxfTfiDCUOwKN2zvgz8WLTz4PN33gGKtRwqjXk&amp;__tn__=*NK-R\">#MovilidadMachalaEP<\/a> particip\u00f3 en el minuto c\u00edvico al conmemorarse el D\u00eda de la Bandera Nacional, evento que se realiz\u00f3 en el parque Juan Montalvo.<\/div>\n<div dir=\"auto\"><\/div>\n<div class=\"o9v6fnle cxmmr5t8 oygrvhab hcukyx3x c1et5uql ii04i59q\">\n<div dir=\"auto\"><a class=\"oajrlxb2 g5ia77u1 qu0x051f esr5mh6w e9989ue4 r7d6kgcz rq0escxv nhd2j8a9 nc684nl6 p7hjln8o kvgmc6g5 cxmmr5t8 oygrvhab hcukyx3x jb3vyjys rz4wbd8a qt6c0cv9 a8nywdso i1ao9s8h esuyzwwr f1sip0of lzcic4wl q66pz984 gpro0wi8 b1v8xokw\" tabindex=\"0\" role=\"link\" href=\"https:\/\/www.facebook.com\/hashtag\/orgullopornuestrabandera?__eep__=6&amp;__cft__[0]=AZVrw-o9B2DvlGKXNzFCpmNVTXmfxoFQSh0Gs7fZro0SI3dt9_0t2H5F3ZgI19Ybqd3bm9CWHV6igzbaKpjJeeoIaurUdJJydgrzd7lLOy8hbsBdsdA3zB7UiXGEmqZ8LCeDq9_QXFh-eomuR6SkdO6c_iELYeacarjzk8B1Xh60Pu7w3yeiBP0Y_fYKaVsV-0c&amp;__tn__=*NK-R\">#OrgulloPorNuestraBandera<\/a><\/div>\n<\/div>\n<div class=\"o9v6fnle cxmmr5t8 oygrvhab hcukyx3x c1et5uql ii04i59q\">\n<div dir=\"auto\"><a class=\"oajrlxb2 g5ia77u1 qu0x051f esr5mh6w e9989ue4 r7d6kgcz rq0escxv nhd2j8a9 nc684nl6 p7hjln8o kvgmc6g5 cxmmr5t8 oygrvhab hcukyx3x jb3vyjys rz4wbd8a qt6c0cv9 a8nywdso i1ao9s8h esuyzwwr f1sip0of lzcic4wl q66pz984 gpro0wi8 b1v8xokw\" tabindex=\"0\" role=\"link\" href=\"https:\/\/www.facebook.com\/hashtag\/d%C3%ADadelabandera?__eep__=6&amp;__cft__[0]=AZVrw-o9B2DvlGKXNzFCpmNVTXmfxoFQSh0Gs7fZro0SI3dt9_0t2H5F3ZgI19Ybqd3bm9CWHV6igzbaKpjJeeoIaurUdJJydgrzd7lLOy8hbsBdsdA3zB7UiXGEmqZ8LCeDq9_QXFh-eomuR6SkdO6c_iELYeacarjzk8B1Xh60Pu7w3yeiBP0Y_fYKaVsV-0c&amp;__tn__=*NK-R\">#D\u00edaDeLaBandera<\/a><\/div>\n<div dir=\"auto\"><a class=\"oajrlxb2 g5ia77u1 qu0x051f esr5mh6w e9989ue4 r7d6kgcz rq0escxv nhd2j8a9 nc684nl6 p7hjln8o kvgmc6g5 cxmmr5t8 oygrvhab hcukyx3x jb3vyjys rz4wbd8a qt6c0cv9 a8nywdso i1ao9s8h esuyzwwr f1sip0of lzcic4wl q66pz984 gpro0wi8 b1v8xokw\" tabindex=\"0\" role=\"link\" href=\"https:\/\/www.facebook.com\/hashtag\/movilidadmachalaep?__eep__=6&amp;__cft__[0]=AZVrw-o9B2DvlGKXNzFCpmNVTXmfxoFQSh0Gs7fZro0SI3dt9_0t2H5F3ZgI19Ybqd3bm9CWHV6igzbaKpjJeeoIaurUdJJydgrzd7lLOy8hbsBdsdA3zB7UiXGEmqZ8LCeDq9_QXFh-eomuR6SkdO6c_iELYeacarjzk8B1Xh60Pu7w3yeiBP0Y_fYKaVsV-0c&amp;__tn__=*NK-R\">#MovilidadMachalaEP<\/a><\/div>\n<div dir=\"auto\"><a class=\"oajrlxb2 g5ia77u1 qu0x051f esr5mh6w e9989ue4 r7d6kgcz rq0escxv nhd2j8a9 nc684nl6 p7hjln8o kvgmc6g5 cxmmr5t8 oygrvhab hcukyx3x jb3vyjys rz4wbd8a qt6c0cv9 a8nywdso i1ao9s8h esuyzwwr f1sip0of lzcic4wl q66pz984 gpro0wi8 b1v8xokw\" tabindex=\"0\" role=\"link\" href=\"https:\/\/www.facebook.com\/hashtag\/dar%C3%ADomacasalcalde?__eep__=6&amp;__cft__[0]=AZVrw-o9B2DvlGKXNzFCpmNVTXmfxoFQSh0Gs7fZro0SI3dt9_0t2H5F3ZgI19Ybqd3bm9CWHV6igzbaKpjJeeoIaurUdJJydgrzd7lLOy8hbsBdsdA3zB7UiXGEmqZ8LCeDq9_QXFh-eomuR6SkdO6c_iELYeacarjzk8B1Xh60Pu7w3yeiBP0Y_fYKaVsV-0c&amp;__tn__=*NK-R\">#Dar\u00edoMacasAlcalde<\/a><\/div>\n<\/div>\n<div dir=\"auto\"><img loading=\"lazy\" decoding=\"async\" class=\"alignnone  wp-image-1292 aligncenter\" src=\"https:\/\/www.movilidadmachala.gob.ec\/web\/wp-content\/uploads\/2021\/09\/243092107_834264817278172_102467690261998600_n-300x207.jpeg\" alt=\"\" width=\"640\" height=\"444\" \/><\/div>\n<div dir=\"auto\" style=\"text-align: center;\"><\/div>\n<div dir=\"auto\" style=\"text-align: center;\"><img loading=\"lazy\" decoding=\"async\" class=\"alignnone  wp-image-1291\" src=\"https:\/\/www.movilidadmachala.gob.ec\/web\/wp-content\/uploads\/2021\/09\/242595250_834264860611501_3014925275211133786_n-174x300.jpeg\" alt=\"\" width=\"619\" height=\"1067\" srcset=\"https:\/\/www.movilidadmachala.gob.ec\/web\/wp-content\/uploads\/2021\/09\/242595250_834264860611501_3014925275211133786_n-174x300.jpeg 174w, https:\/\/www.movilidadmachala.gob.ec\/web\/wp-content\/uploads\/2021\/09\/242595250_834264860611501_3014925275211133786_n-370x637.jpeg 370w\" sizes=\"auto, (max-width: 619px) 100vw, 619px\" \/><\/div>\n<div dir=\"auto\" style=\"text-align: center;\"><\/div>\n<div dir=\"auto\" style=\"text-align: center;\"><img loading=\"lazy\" decoding=\"async\" class=\"alignnone  wp-image-1290\" src=\"https:\/\/www.movilidadmachala.gob.ec\/web\/wp-content\/uploads\/2021\/09\/242988598_834264890611498_5432094595269241826_n-300x180.jpeg\" alt=\"\" width=\"632\" height=\"379\" srcset=\"https:\/\/www.movilidadmachala.gob.ec\/web\/wp-content\/uploads\/2021\/09\/242988598_834264890611498_5432094595269241826_n-300x180.jpeg 300w, https:\/\/www.movilidadmachala.gob.ec\/web\/wp-content\/uploads\/2021\/09\/242988598_834264890611498_5432094595269241826_n-768x461.jpeg 768w, https:\/\/www.movilidadmachala.gob.ec\/web\/wp-content\/uploads\/2021\/09\/242988598_834264890611498_5432094595269241826_n-370x222.jpeg 370w, https:\/\/www.movilidadmachala.gob.ec\/web\/wp-content\/uploads\/2021\/09\/242988598_834264890611498_5432094595269241826_n-760x456.jpeg 760w, https:\/\/www.movilidadmachala.gob.ec\/web\/wp-content\/uploads\/2021\/09\/242988598_834264890611498_5432094595269241826_n.jpeg 960w\" sizes=\"auto, (max-width: 632px) 100vw, 632px\" \/><\/div>\n<div dir=\"auto\" style=\"text-align: center;\"><\/div>\n<div dir=\"auto\"><img loading=\"lazy\" decoding=\"async\" class=\"alignnone  wp-image-1289 aligncenter\" src=\"https:\/\/www.movilidadmachala.gob.ec\/web\/wp-content\/uploads\/2021\/09\/242715063_834264930611494_6092948375400233091_n-300x225.jpeg\" alt=\"\" width=\"643\" height=\"482\" srcset=\"https:\/\/www.movilidadmachala.gob.ec\/web\/wp-content\/uploads\/2021\/09\/242715063_834264930611494_6092948375400233091_n-300x225.jpeg 300w, https:\/\/www.movilidadmachala.gob.ec\/web\/wp-content\/uploads\/2021\/09\/242715063_834264930611494_6092948375400233091_n-768x576.jpeg 768w, https:\/\/www.movilidadmachala.gob.ec\/web\/wp-content\/uploads\/2021\/09\/242715063_834264930611494_6092948375400233091_n-370x278.jpeg 370w, https:\/\/www.movilidadmachala.gob.ec\/web\/wp-content\/uploads\/2021\/09\/242715063_834264930611494_6092948375400233091_n-760x570.jpeg 760w, https:\/\/www.movilidadmachala.gob.ec\/web\/wp-content\/uploads\/2021\/09\/242715063_834264930611494_6092948375400233091_n.jpeg 960w\" sizes=\"auto, (max-width: 643px) 100vw, 643px\" \/><\/div>\n<div dir=\"auto\"><\/div>\n<p>Akdenizin en g\u00fczel kislari <a href=\"https:\/\/wipescort.com\/\" title=\"antalya escort\">antalya escort<\/a> web sitemizde.<\/p>\n","protected":false},"excerpt":{"rendered":"<p>Celebramos el D\u00eda de la Bandera Nacional llenos de orgullo por lo que significa este s\u00edmbolo patrio. #MovilidadMachalaEP particip\u00f3 en el minuto c\u00edvico al conmemorarse el D\u00eda de la Bandera Nacional, evento que se realiz\u00f3 en el parque Juan Montalvo.&hellip;<\/p>\n","protected":false},"author":1,"featured_media":1293,"comment_status":"closed","ping_status":"closed","sticky":false,"template":"","format":"standard","meta":{"footnotes":""},"categories":[35],"tags":[],"class_list":["post-1390","post","type-post","status-publish","format-standard","has-post-thumbnail","hentry","category-noticias"],"_links":{"self":[{"href":"https:\/\/www.movilidadmachala.gob.ec\/web\/wp-json\/wp\/v2\/posts\/1390","targetHints":{"allow":["GET"]}}],"collection":[{"href":"https:\/\/www.movilidadmachala.gob.ec\/web\/wp-json\/wp\/v2\/posts"}],"about":[{"href":"https:\/\/www.movilidadmachala.gob.ec\/web\/wp-json\/wp\/v2\/types\/post"}],"author":[{"embeddable":true,"href":"https:\/\/www.movilidadmachala.gob.ec\/web\/wp-json\/wp\/v2\/users\/1"}],"replies":[{"embeddable":true,"href":"https:\/\/www.movilidadmachala.gob.ec\/web\/wp-json\/wp\/v2\/comments?post=1390"}],"version-history":[{"count":1,"href":"https:\/\/www.movilidadmachala.gob.ec\/web\/wp-json\/wp\/v2\/posts\/1390\/revisions"}],"predecessor-version":[{"id":1391,"href":"https:\/\/www.movilidadmachala.gob.ec\/web\/wp-json\/wp\/v2\/posts\/1390\/revisions\/1391"}],"wp:featuredmedia":[{"embeddable":true,"href":"https:\/\/www.movilidadmachala.gob.ec\/web\/wp-json\/wp\/v2\/media\/1293"}],"wp:attachment":[{"href":"https:\/\/www.movilidadmachala.gob.ec\/web\/wp-json\/wp\/v2\/media?parent=1390"}],"wp:term":[{"taxonomy":"category","embeddable":true,"href":"https:\/\/www.movilidadmachala.gob.ec\/web\/wp-json\/wp\/v2\/categories?post=1390"},{"taxonomy":"post_tag","embeddable":true,"href":"https:\/\/www.movilidadmachala.gob.ec\/web\/wp-json\/wp\/v2\/tags?post=1390"}],"curies":[{"name":"wp","href":"https:\/\/api.w.org\/{rel}","templated":true}]}}