{"id":1405,"date":"2021-09-29T14:09:26","date_gmt":"2021-09-29T19:09:26","guid":{"rendered":"https:\/\/www.movilidadmachala.gob.ec\/web\/?p=1405"},"modified":"2021-10-05T11:11:57","modified_gmt":"2021-10-05T16:11:57","slug":"trabajos-de-senalizacion-5","status":"publish","type":"post","link":"https:\/\/www.movilidadmachala.gob.ec\/web\/trabajos-de-senalizacion-5\/","title":{"rendered":"Trabajos de Se\u00f1alizaci\u00f3n"},"content":{"rendered":"<div class=\"kvgmc6g5 cxmmr5t8 oygrvhab hcukyx3x c1et5uql ii04i59q\">\n<div dir=\"auto\">Continuamos con los trabajos de se\u00f1alizaci\u00f3n horizontal en la calle Santa Rosa, desde la Manuel Serrano hasta la Circunvalaci\u00f3n Norte.<\/div>\n<\/div>\n<div class=\"o9v6fnle cxmmr5t8 oygrvhab hcukyx3x c1et5uql ii04i59q\">\n<div dir=\"auto\">Esto permitir\u00e1 mejorar el flujo y direccionamiento vehicular y peatonal.<\/div>\n<\/div>\n<div class=\"o9v6fnle cxmmr5t8 oygrvhab hcukyx3x c1et5uql ii04i59q\">\n<div dir=\"auto\">Tomar precauciones y v\u00edas alternas al transitar por el sector.<\/div>\n<\/div>\n<div class=\"o9v6fnle cxmmr5t8 oygrvhab hcukyx3x c1et5uql ii04i59q\">\n<div dir=\"auto\"><a class=\"oajrlxb2 g5ia77u1 qu0x051f esr5mh6w e9989ue4 r7d6kgcz rq0escxv nhd2j8a9 nc684nl6 p7hjln8o kvgmc6g5 cxmmr5t8 oygrvhab hcukyx3x jb3vyjys rz4wbd8a qt6c0cv9 a8nywdso i1ao9s8h esuyzwwr f1sip0of lzcic4wl q66pz984 gpro0wi8 b1v8xokw\" tabindex=\"0\" role=\"link\" href=\"https:\/\/www.facebook.com\/hashtag\/trabajamosportuseguridad?__eep__=6&amp;__cft__[0]=AZU3-o_tkckgkqGbPYgD-vr3-yUBHI0HDW2TbkHotVnCn5Fap2O12hZhWRyyDfSMTmoydbht7QJTprEm3ZcKiUw_t618TzSnoinIpDikxMDPSvJSxBmy3umJiJFt1F42S_VobWKtjU3zYdIandGEE12BzSZGyNDOzHnL8c4jHRCkm3Hy-kKnUCP06PxyF8mPCOk&amp;__tn__=*NK-R\">#TrabajamosPorTuSeguridad<\/a><\/div>\n<div dir=\"auto\"><a class=\"oajrlxb2 g5ia77u1 qu0x051f esr5mh6w e9989ue4 r7d6kgcz rq0escxv nhd2j8a9 nc684nl6 p7hjln8o kvgmc6g5 cxmmr5t8 oygrvhab hcukyx3x jb3vyjys rz4wbd8a qt6c0cv9 a8nywdso i1ao9s8h esuyzwwr f1sip0of lzcic4wl q66pz984 gpro0wi8 b1v8xokw\" tabindex=\"0\" role=\"link\" href=\"https:\/\/www.facebook.com\/hashtag\/dar%C3%ADomacasalcalde?__eep__=6&amp;__cft__[0]=AZU3-o_tkckgkqGbPYgD-vr3-yUBHI0HDW2TbkHotVnCn5Fap2O12hZhWRyyDfSMTmoydbht7QJTprEm3ZcKiUw_t618TzSnoinIpDikxMDPSvJSxBmy3umJiJFt1F42S_VobWKtjU3zYdIandGEE12BzSZGyNDOzHnL8c4jHRCkm3Hy-kKnUCP06PxyF8mPCOk&amp;__tn__=*NK-R\">#Dar\u00edoMacasAlcalde<\/a><\/div>\n<div dir=\"auto\"><\/div>\n<div dir=\"auto\"><a class=\"oajrlxb2 g5ia77u1 qu0x051f esr5mh6w e9989ue4 r7d6kgcz rq0escxv nhd2j8a9 nc684nl6 p7hjln8o kvgmc6g5 cxmmr5t8 oygrvhab hcukyx3x jb3vyjys rz4wbd8a qt6c0cv9 a8nywdso i1ao9s8h esuyzwwr f1sip0of lzcic4wl q66pz984 gpro0wi8 b1v8xokw\" tabindex=\"0\" role=\"link\" href=\"https:\/\/www.facebook.com\/hashtag\/dar%C3%ADomacasalcalde?__eep__=6&amp;__cft__[0]=AZU3-o_tkckgkqGbPYgD-vr3-yUBHI0HDW2TbkHotVnCn5Fap2O12hZhWRyyDfSMTmoydbht7QJTprEm3ZcKiUw_t618TzSnoinIpDikxMDPSvJSxBmy3umJiJFt1F42S_VobWKtjU3zYdIandGEE12BzSZGyNDOzHnL8c4jHRCkm3Hy-kKnUCP06PxyF8mPCOk&amp;__tn__=*NK-R\"><img loading=\"lazy\" decoding=\"async\" class=\"wp-image-1272 aligncenter\" src=\"https:\/\/www.movilidadmachala.gob.ec\/web\/wp-content\/uploads\/2021\/09\/243491309_835920073779313_3277579943341161582_n-300x225.jpeg\" alt=\"\" width=\"642\" height=\"482\" srcset=\"https:\/\/www.movilidadmachala.gob.ec\/web\/wp-content\/uploads\/2021\/09\/243491309_835920073779313_3277579943341161582_n-300x225.jpeg 300w, https:\/\/www.movilidadmachala.gob.ec\/web\/wp-content\/uploads\/2021\/09\/243491309_835920073779313_3277579943341161582_n-768x576.jpeg 768w, https:\/\/www.movilidadmachala.gob.ec\/web\/wp-content\/uploads\/2021\/09\/243491309_835920073779313_3277579943341161582_n-370x278.jpeg 370w, https:\/\/www.movilidadmachala.gob.ec\/web\/wp-content\/uploads\/2021\/09\/243491309_835920073779313_3277579943341161582_n-760x570.jpeg 760w, https:\/\/www.movilidadmachala.gob.ec\/web\/wp-content\/uploads\/2021\/09\/243491309_835920073779313_3277579943341161582_n.jpeg 960w\" sizes=\"auto, (max-width: 642px) 100vw, 642px\" \/><\/a><\/div>\n<div dir=\"auto\"><\/div>\n<div dir=\"auto\"><a class=\"oajrlxb2 g5ia77u1 qu0x051f esr5mh6w e9989ue4 r7d6kgcz rq0escxv nhd2j8a9 nc684nl6 p7hjln8o kvgmc6g5 cxmmr5t8 oygrvhab hcukyx3x jb3vyjys rz4wbd8a qt6c0cv9 a8nywdso i1ao9s8h esuyzwwr f1sip0of lzcic4wl q66pz984 gpro0wi8 b1v8xokw\" tabindex=\"0\" role=\"link\" href=\"https:\/\/www.facebook.com\/hashtag\/dar%C3%ADomacasalcalde?__eep__=6&amp;__cft__[0]=AZU3-o_tkckgkqGbPYgD-vr3-yUBHI0HDW2TbkHotVnCn5Fap2O12hZhWRyyDfSMTmoydbht7QJTprEm3ZcKiUw_t618TzSnoinIpDikxMDPSvJSxBmy3umJiJFt1F42S_VobWKtjU3zYdIandGEE12BzSZGyNDOzHnL8c4jHRCkm3Hy-kKnUCP06PxyF8mPCOk&amp;__tn__=*NK-R\"><img loading=\"lazy\" decoding=\"async\" class=\"alignnone  wp-image-1271 aligncenter\" src=\"https:\/\/www.movilidadmachala.gob.ec\/web\/wp-content\/uploads\/2021\/09\/243757046_835920133779307_1324230424838065377_n-300x225.jpeg\" alt=\"\" width=\"652\" height=\"489\" srcset=\"https:\/\/www.movilidadmachala.gob.ec\/web\/wp-content\/uploads\/2021\/09\/243757046_835920133779307_1324230424838065377_n-300x225.jpeg 300w, https:\/\/www.movilidadmachala.gob.ec\/web\/wp-content\/uploads\/2021\/09\/243757046_835920133779307_1324230424838065377_n-768x576.jpeg 768w, https:\/\/www.movilidadmachala.gob.ec\/web\/wp-content\/uploads\/2021\/09\/243757046_835920133779307_1324230424838065377_n-370x278.jpeg 370w, https:\/\/www.movilidadmachala.gob.ec\/web\/wp-content\/uploads\/2021\/09\/243757046_835920133779307_1324230424838065377_n-760x570.jpeg 760w, https:\/\/www.movilidadmachala.gob.ec\/web\/wp-content\/uploads\/2021\/09\/243757046_835920133779307_1324230424838065377_n.jpeg 960w\" sizes=\"auto, (max-width: 652px) 100vw, 652px\" \/><\/a><\/div>\n<div dir=\"auto\" style=\"text-align: center;\"><\/div>\n<div dir=\"auto\" style=\"text-align: center;\"><a class=\"oajrlxb2 g5ia77u1 qu0x051f esr5mh6w e9989ue4 r7d6kgcz rq0escxv nhd2j8a9 nc684nl6 p7hjln8o kvgmc6g5 cxmmr5t8 oygrvhab hcukyx3x jb3vyjys rz4wbd8a qt6c0cv9 a8nywdso i1ao9s8h esuyzwwr f1sip0of lzcic4wl q66pz984 gpro0wi8 b1v8xokw\" tabindex=\"0\" role=\"link\" href=\"https:\/\/www.facebook.com\/hashtag\/dar%C3%ADomacasalcalde?__eep__=6&amp;__cft__[0]=AZU3-o_tkckgkqGbPYgD-vr3-yUBHI0HDW2TbkHotVnCn5Fap2O12hZhWRyyDfSMTmoydbht7QJTprEm3ZcKiUw_t618TzSnoinIpDikxMDPSvJSxBmy3umJiJFt1F42S_VobWKtjU3zYdIandGEE12BzSZGyNDOzHnL8c4jHRCkm3Hy-kKnUCP06PxyF8mPCOk&amp;__tn__=*NK-R\"> <img loading=\"lazy\" decoding=\"async\" class=\"alignnone  wp-image-1269\" src=\"https:\/\/www.movilidadmachala.gob.ec\/web\/wp-content\/uploads\/2021\/09\/243980287_835920247112629_4874928142375272573_n-300x225.jpeg\" alt=\"\" width=\"647\" height=\"485\" srcset=\"https:\/\/www.movilidadmachala.gob.ec\/web\/wp-content\/uploads\/2021\/09\/243980287_835920247112629_4874928142375272573_n-300x225.jpeg 300w, https:\/\/www.movilidadmachala.gob.ec\/web\/wp-content\/uploads\/2021\/09\/243980287_835920247112629_4874928142375272573_n-768x576.jpeg 768w, https:\/\/www.movilidadmachala.gob.ec\/web\/wp-content\/uploads\/2021\/09\/243980287_835920247112629_4874928142375272573_n-370x278.jpeg 370w, https:\/\/www.movilidadmachala.gob.ec\/web\/wp-content\/uploads\/2021\/09\/243980287_835920247112629_4874928142375272573_n-760x570.jpeg 760w, https:\/\/www.movilidadmachala.gob.ec\/web\/wp-content\/uploads\/2021\/09\/243980287_835920247112629_4874928142375272573_n.jpeg 960w\" sizes=\"auto, (max-width: 647px) 100vw, 647px\" \/><\/a><\/div>\n<div dir=\"auto\" style=\"text-align: center;\"><\/div>\n<div dir=\"auto\" style=\"text-align: center;\"><a class=\"oajrlxb2 g5ia77u1 qu0x051f esr5mh6w e9989ue4 r7d6kgcz rq0escxv nhd2j8a9 nc684nl6 p7hjln8o kvgmc6g5 cxmmr5t8 oygrvhab hcukyx3x jb3vyjys rz4wbd8a qt6c0cv9 a8nywdso i1ao9s8h esuyzwwr f1sip0of lzcic4wl q66pz984 gpro0wi8 b1v8xokw\" tabindex=\"0\" role=\"link\" href=\"https:\/\/www.facebook.com\/hashtag\/dar%C3%ADomacasalcalde?__eep__=6&amp;__cft__[0]=AZU3-o_tkckgkqGbPYgD-vr3-yUBHI0HDW2TbkHotVnCn5Fap2O12hZhWRyyDfSMTmoydbht7QJTprEm3ZcKiUw_t618TzSnoinIpDikxMDPSvJSxBmy3umJiJFt1F42S_VobWKtjU3zYdIandGEE12BzSZGyNDOzHnL8c4jHRCkm3Hy-kKnUCP06PxyF8mPCOk&amp;__tn__=*NK-R\"> <img loading=\"lazy\" decoding=\"async\" class=\"alignnone  wp-image-1268\" src=\"https:\/\/www.movilidadmachala.gob.ec\/web\/wp-content\/uploads\/2021\/09\/243807108_835920283779292_4595868357612420855_n-300x225.jpeg\" alt=\"\" width=\"644\" height=\"483\" srcset=\"https:\/\/www.movilidadmachala.gob.ec\/web\/wp-content\/uploads\/2021\/09\/243807108_835920283779292_4595868357612420855_n-300x225.jpeg 300w, https:\/\/www.movilidadmachala.gob.ec\/web\/wp-content\/uploads\/2021\/09\/243807108_835920283779292_4595868357612420855_n-768x576.jpeg 768w, https:\/\/www.movilidadmachala.gob.ec\/web\/wp-content\/uploads\/2021\/09\/243807108_835920283779292_4595868357612420855_n-370x278.jpeg 370w, https:\/\/www.movilidadmachala.gob.ec\/web\/wp-content\/uploads\/2021\/09\/243807108_835920283779292_4595868357612420855_n-760x570.jpeg 760w, https:\/\/www.movilidadmachala.gob.ec\/web\/wp-content\/uploads\/2021\/09\/243807108_835920283779292_4595868357612420855_n.jpeg 960w\" sizes=\"auto, (max-width: 644px) 100vw, 644px\" \/><\/a><\/div>\n<div dir=\"auto\" style=\"text-align: center;\"><\/div>\n<div dir=\"auto\" style=\"text-align: center;\"><a class=\"oajrlxb2 g5ia77u1 qu0x051f esr5mh6w e9989ue4 r7d6kgcz rq0escxv nhd2j8a9 nc684nl6 p7hjln8o kvgmc6g5 cxmmr5t8 oygrvhab hcukyx3x jb3vyjys rz4wbd8a qt6c0cv9 a8nywdso i1ao9s8h esuyzwwr f1sip0of lzcic4wl q66pz984 gpro0wi8 b1v8xokw\" tabindex=\"0\" role=\"link\" href=\"https:\/\/www.facebook.com\/hashtag\/dar%C3%ADomacasalcalde?__eep__=6&amp;__cft__[0]=AZU3-o_tkckgkqGbPYgD-vr3-yUBHI0HDW2TbkHotVnCn5Fap2O12hZhWRyyDfSMTmoydbht7QJTprEm3ZcKiUw_t618TzSnoinIpDikxMDPSvJSxBmy3umJiJFt1F42S_VobWKtjU3zYdIandGEE12BzSZGyNDOzHnL8c4jHRCkm3Hy-kKnUCP06PxyF8mPCOk&amp;__tn__=*NK-R\"> <img loading=\"lazy\" decoding=\"async\" class=\"alignnone  wp-image-1267\" src=\"https:\/\/www.movilidadmachala.gob.ec\/web\/wp-content\/uploads\/2021\/09\/243900259_835920317112622_2253168048149554867_n-300x225.jpeg\" alt=\"\" width=\"643\" height=\"482\" srcset=\"https:\/\/www.movilidadmachala.gob.ec\/web\/wp-content\/uploads\/2021\/09\/243900259_835920317112622_2253168048149554867_n-300x225.jpeg 300w, https:\/\/www.movilidadmachala.gob.ec\/web\/wp-content\/uploads\/2021\/09\/243900259_835920317112622_2253168048149554867_n-768x576.jpeg 768w, https:\/\/www.movilidadmachala.gob.ec\/web\/wp-content\/uploads\/2021\/09\/243900259_835920317112622_2253168048149554867_n-370x278.jpeg 370w, https:\/\/www.movilidadmachala.gob.ec\/web\/wp-content\/uploads\/2021\/09\/243900259_835920317112622_2253168048149554867_n-760x570.jpeg 760w, https:\/\/www.movilidadmachala.gob.ec\/web\/wp-content\/uploads\/2021\/09\/243900259_835920317112622_2253168048149554867_n.jpeg 960w\" sizes=\"auto, (max-width: 643px) 100vw, 643px\" \/><\/a><\/div>\n<div dir=\"auto\" style=\"text-align: center;\"><\/div>\n<div dir=\"auto\" style=\"text-align: center;\"><a class=\"oajrlxb2 g5ia77u1 qu0x051f esr5mh6w e9989ue4 r7d6kgcz rq0escxv nhd2j8a9 nc684nl6 p7hjln8o kvgmc6g5 cxmmr5t8 oygrvhab hcukyx3x jb3vyjys rz4wbd8a qt6c0cv9 a8nywdso i1ao9s8h esuyzwwr f1sip0of lzcic4wl q66pz984 gpro0wi8 b1v8xokw\" tabindex=\"0\" role=\"link\" href=\"https:\/\/www.facebook.com\/hashtag\/dar%C3%ADomacasalcalde?__eep__=6&amp;__cft__[0]=AZU3-o_tkckgkqGbPYgD-vr3-yUBHI0HDW2TbkHotVnCn5Fap2O12hZhWRyyDfSMTmoydbht7QJTprEm3ZcKiUw_t618TzSnoinIpDikxMDPSvJSxBmy3umJiJFt1F42S_VobWKtjU3zYdIandGEE12BzSZGyNDOzHnL8c4jHRCkm3Hy-kKnUCP06PxyF8mPCOk&amp;__tn__=*NK-R\"> <img loading=\"lazy\" decoding=\"async\" class=\"alignnone  wp-image-1266\" src=\"https:\/\/www.movilidadmachala.gob.ec\/web\/wp-content\/uploads\/2021\/09\/243891985_835920357112618_2556675102653488182_n-300x225.jpeg\" alt=\"\" width=\"639\" height=\"479\" srcset=\"https:\/\/www.movilidadmachala.gob.ec\/web\/wp-content\/uploads\/2021\/09\/243891985_835920357112618_2556675102653488182_n-300x225.jpeg 300w, https:\/\/www.movilidadmachala.gob.ec\/web\/wp-content\/uploads\/2021\/09\/243891985_835920357112618_2556675102653488182_n-768x576.jpeg 768w, https:\/\/www.movilidadmachala.gob.ec\/web\/wp-content\/uploads\/2021\/09\/243891985_835920357112618_2556675102653488182_n-370x278.jpeg 370w, https:\/\/www.movilidadmachala.gob.ec\/web\/wp-content\/uploads\/2021\/09\/243891985_835920357112618_2556675102653488182_n-760x570.jpeg 760w, https:\/\/www.movilidadmachala.gob.ec\/web\/wp-content\/uploads\/2021\/09\/243891985_835920357112618_2556675102653488182_n.jpeg 960w\" sizes=\"auto, (max-width: 639px) 100vw, 639px\" \/><\/a><\/div>\n<div dir=\"auto\" style=\"text-align: center;\"><\/div>\n<div dir=\"auto\"><a class=\"oajrlxb2 g5ia77u1 qu0x051f esr5mh6w e9989ue4 r7d6kgcz rq0escxv nhd2j8a9 nc684nl6 p7hjln8o kvgmc6g5 cxmmr5t8 oygrvhab hcukyx3x jb3vyjys rz4wbd8a qt6c0cv9 a8nywdso i1ao9s8h esuyzwwr f1sip0of lzcic4wl q66pz984 gpro0wi8 b1v8xokw\" tabindex=\"0\" role=\"link\" href=\"https:\/\/www.facebook.com\/hashtag\/dar%C3%ADomacasalcalde?__eep__=6&amp;__cft__[0]=AZU3-o_tkckgkqGbPYgD-vr3-yUBHI0HDW2TbkHotVnCn5Fap2O12hZhWRyyDfSMTmoydbht7QJTprEm3ZcKiUw_t618TzSnoinIpDikxMDPSvJSxBmy3umJiJFt1F42S_VobWKtjU3zYdIandGEE12BzSZGyNDOzHnL8c4jHRCkm3Hy-kKnUCP06PxyF8mPCOk&amp;__tn__=*NK-R\"> <img loading=\"lazy\" decoding=\"async\" class=\"alignnone  wp-image-1265 aligncenter\" src=\"https:\/\/www.movilidadmachala.gob.ec\/web\/wp-content\/uploads\/2021\/09\/243783685_835920393779281_607277712763239395_n-300x225.jpeg\" alt=\"\" width=\"635\" height=\"476\" srcset=\"https:\/\/www.movilidadmachala.gob.ec\/web\/wp-content\/uploads\/2021\/09\/243783685_835920393779281_607277712763239395_n-300x225.jpeg 300w, https:\/\/www.movilidadmachala.gob.ec\/web\/wp-content\/uploads\/2021\/09\/243783685_835920393779281_607277712763239395_n-768x576.jpeg 768w, https:\/\/www.movilidadmachala.gob.ec\/web\/wp-content\/uploads\/2021\/09\/243783685_835920393779281_607277712763239395_n-370x278.jpeg 370w, https:\/\/www.movilidadmachala.gob.ec\/web\/wp-content\/uploads\/2021\/09\/243783685_835920393779281_607277712763239395_n-760x570.jpeg 760w, https:\/\/www.movilidadmachala.gob.ec\/web\/wp-content\/uploads\/2021\/09\/243783685_835920393779281_607277712763239395_n.jpeg 960w\" sizes=\"auto, (max-width: 635px) 100vw, 635px\" \/><\/a><\/div>\n<div dir=\"auto\"><\/div>\n<div dir=\"auto\"><\/div>\n<\/div>\n","protected":false},"excerpt":{"rendered":"<p>Continuamos con los trabajos de se\u00f1alizaci\u00f3n horizontal en la calle Santa Rosa, desde la Manuel Serrano hasta la Circunvalaci\u00f3n Norte. Esto permitir\u00e1 mejorar el flujo y direccionamiento vehicular y peatonal. Tomar precauciones y v\u00edas alternas al transitar por el sector.&hellip;<\/p>\n","protected":false},"author":1,"featured_media":1270,"comment_status":"closed","ping_status":"closed","sticky":false,"template":"","format":"standard","meta":{"footnotes":""},"categories":[35],"tags":[],"class_list":["post-1405","post","type-post","status-publish","format-standard","has-post-thumbnail","hentry","category-noticias"],"_links":{"self":[{"href":"https:\/\/www.movilidadmachala.gob.ec\/web\/wp-json\/wp\/v2\/posts\/1405","targetHints":{"allow":["GET"]}}],"collection":[{"href":"https:\/\/www.movilidadmachala.gob.ec\/web\/wp-json\/wp\/v2\/posts"}],"about":[{"href":"https:\/\/www.movilidadmachala.gob.ec\/web\/wp-json\/wp\/v2\/types\/post"}],"author":[{"embeddable":true,"href":"https:\/\/www.movilidadmachala.gob.ec\/web\/wp-json\/wp\/v2\/users\/1"}],"replies":[{"embeddable":true,"href":"https:\/\/www.movilidadmachala.gob.ec\/web\/wp-json\/wp\/v2\/comments?post=1405"}],"version-history":[{"count":1,"href":"https:\/\/www.movilidadmachala.gob.ec\/web\/wp-json\/wp\/v2\/posts\/1405\/revisions"}],"predecessor-version":[{"id":1406,"href":"https:\/\/www.movilidadmachala.gob.ec\/web\/wp-json\/wp\/v2\/posts\/1405\/revisions\/1406"}],"wp:featuredmedia":[{"embeddable":true,"href":"https:\/\/www.movilidadmachala.gob.ec\/web\/wp-json\/wp\/v2\/media\/1270"}],"wp:attachment":[{"href":"https:\/\/www.movilidadmachala.gob.ec\/web\/wp-json\/wp\/v2\/media?parent=1405"}],"wp:term":[{"taxonomy":"category","embeddable":true,"href":"https:\/\/www.movilidadmachala.gob.ec\/web\/wp-json\/wp\/v2\/categories?post=1405"},{"taxonomy":"post_tag","embeddable":true,"href":"https:\/\/www.movilidadmachala.gob.ec\/web\/wp-json\/wp\/v2\/tags?post=1405"}],"curies":[{"name":"wp","href":"https:\/\/api.w.org\/{rel}","templated":true}]}}