{"id":1455,"date":"2021-10-02T14:28:22","date_gmt":"2021-10-02T19:28:22","guid":{"rendered":"https:\/\/www.movilidadmachala.gob.ec\/web\/?p=1455"},"modified":"2021-10-05T11:30:32","modified_gmt":"2021-10-05T16:30:32","slug":"llego-la-alcaldia-2","status":"publish","type":"post","link":"https:\/\/www.movilidadmachala.gob.ec\/web\/llego-la-alcaldia-2\/","title":{"rendered":"Lleg\u00f3 la Alcald\u00eda"},"content":{"rendered":"<div class=\"kvgmc6g5 cxmmr5t8 oygrvhab hcukyx3x c1et5uql ii04i59q\">\n<div dir=\"auto\">Movilidad Machala EP participa activamente en \u00abLleg\u00f3 la Alcald\u00eda\u00bb, un espacio para promover los servicios que brinda la instituci\u00f3n y dar soluciones pr\u00e1cticas a los usuarios, en el Barrio Rosita Nelly.<\/div>\n<\/div>\n<div class=\"o9v6fnle cxmmr5t8 oygrvhab hcukyx3x c1et5uql ii04i59q\">\n<div dir=\"auto\"><a class=\"oajrlxb2 g5ia77u1 qu0x051f esr5mh6w e9989ue4 r7d6kgcz rq0escxv nhd2j8a9 nc684nl6 p7hjln8o kvgmc6g5 cxmmr5t8 oygrvhab hcukyx3x jb3vyjys rz4wbd8a qt6c0cv9 a8nywdso i1ao9s8h esuyzwwr f1sip0of lzcic4wl q66pz984 gpro0wi8 b1v8xokw\" tabindex=\"0\" role=\"link\" href=\"https:\/\/www.facebook.com\/hashtag\/trabajamosportuseguridad?__eep__=6&amp;__cft__[0]=AZXRw7BWUO7Fyujpk-7RXOwO9CgxKBFzOKJMGgUFYZT2oQVAqWo6ayFYcNNW5KprY8_CT3IK3bLm604qF10KDVfyTfFhIVA5W6lxOghFFhYDgTorhCW9Q9Yn1LrNzTb0fwDsWXOQoSvc0g_CjWL3F2UFoOxbZXKPGwQCscy7k5et1rgKrYrGyXNbgv_6SRw6LhE&amp;__tn__=*NK-R\">#TrabajamosPorTuSeguridad<\/a><\/div>\n<div dir=\"auto\"><a class=\"oajrlxb2 g5ia77u1 qu0x051f esr5mh6w e9989ue4 r7d6kgcz rq0escxv nhd2j8a9 nc684nl6 p7hjln8o kvgmc6g5 cxmmr5t8 oygrvhab hcukyx3x jb3vyjys rz4wbd8a qt6c0cv9 a8nywdso i1ao9s8h esuyzwwr f1sip0of lzcic4wl q66pz984 gpro0wi8 b1v8xokw\" tabindex=\"0\" role=\"link\" href=\"https:\/\/www.facebook.com\/hashtag\/dar%C3%ADomacasalcalde?__eep__=6&amp;__cft__[0]=AZXRw7BWUO7Fyujpk-7RXOwO9CgxKBFzOKJMGgUFYZT2oQVAqWo6ayFYcNNW5KprY8_CT3IK3bLm604qF10KDVfyTfFhIVA5W6lxOghFFhYDgTorhCW9Q9Yn1LrNzTb0fwDsWXOQoSvc0g_CjWL3F2UFoOxbZXKPGwQCscy7k5et1rgKrYrGyXNbgv_6SRw6LhE&amp;__tn__=*NK-R\">#Dar\u00edoMacasAlcalde<\/a><\/div>\n<div dir=\"auto\"><img loading=\"lazy\" decoding=\"async\" class=\"alignnone  wp-image-1431 aligncenter\" src=\"https:\/\/www.movilidadmachala.gob.ec\/web\/wp-content\/uploads\/2021\/10\/244412392_837645110273476_2676042602549921037_n-300x225.jpeg\" alt=\"\" width=\"657\" height=\"493\" srcset=\"https:\/\/www.movilidadmachala.gob.ec\/web\/wp-content\/uploads\/2021\/10\/244412392_837645110273476_2676042602549921037_n-300x225.jpeg 300w, https:\/\/www.movilidadmachala.gob.ec\/web\/wp-content\/uploads\/2021\/10\/244412392_837645110273476_2676042602549921037_n-768x576.jpeg 768w, https:\/\/www.movilidadmachala.gob.ec\/web\/wp-content\/uploads\/2021\/10\/244412392_837645110273476_2676042602549921037_n-370x278.jpeg 370w, https:\/\/www.movilidadmachala.gob.ec\/web\/wp-content\/uploads\/2021\/10\/244412392_837645110273476_2676042602549921037_n-760x570.jpeg 760w, https:\/\/www.movilidadmachala.gob.ec\/web\/wp-content\/uploads\/2021\/10\/244412392_837645110273476_2676042602549921037_n.jpeg 960w\" sizes=\"auto, (max-width: 657px) 100vw, 657px\" \/><\/div>\n<div dir=\"auto\" style=\"text-align: center;\"><\/div>\n<div dir=\"auto\" style=\"text-align: center;\"><img loading=\"lazy\" decoding=\"async\" class=\"alignnone  wp-image-1432\" src=\"https:\/\/www.movilidadmachala.gob.ec\/web\/wp-content\/uploads\/2021\/10\/244422112_837645066940147_1020410728961238176_n-300x225.jpeg\" alt=\"\" width=\"653\" height=\"490\" srcset=\"https:\/\/www.movilidadmachala.gob.ec\/web\/wp-content\/uploads\/2021\/10\/244422112_837645066940147_1020410728961238176_n-300x225.jpeg 300w, https:\/\/www.movilidadmachala.gob.ec\/web\/wp-content\/uploads\/2021\/10\/244422112_837645066940147_1020410728961238176_n-768x576.jpeg 768w, https:\/\/www.movilidadmachala.gob.ec\/web\/wp-content\/uploads\/2021\/10\/244422112_837645066940147_1020410728961238176_n-370x278.jpeg 370w, https:\/\/www.movilidadmachala.gob.ec\/web\/wp-content\/uploads\/2021\/10\/244422112_837645066940147_1020410728961238176_n-760x570.jpeg 760w, https:\/\/www.movilidadmachala.gob.ec\/web\/wp-content\/uploads\/2021\/10\/244422112_837645066940147_1020410728961238176_n.jpeg 960w\" sizes=\"auto, (max-width: 653px) 100vw, 653px\" \/><\/div>\n<div dir=\"auto\" style=\"text-align: center;\"><\/div>\n<div dir=\"auto\" style=\"text-align: center;\">\u00a0<img loading=\"lazy\" decoding=\"async\" class=\"alignnone  wp-image-1430\" src=\"https:\/\/www.movilidadmachala.gob.ec\/web\/wp-content\/uploads\/2021\/10\/244428052_837645163606804_5254317052926246240_n-300x225.jpeg\" alt=\"\" width=\"644\" height=\"483\" srcset=\"https:\/\/www.movilidadmachala.gob.ec\/web\/wp-content\/uploads\/2021\/10\/244428052_837645163606804_5254317052926246240_n-300x225.jpeg 300w, https:\/\/www.movilidadmachala.gob.ec\/web\/wp-content\/uploads\/2021\/10\/244428052_837645163606804_5254317052926246240_n-768x576.jpeg 768w, https:\/\/www.movilidadmachala.gob.ec\/web\/wp-content\/uploads\/2021\/10\/244428052_837645163606804_5254317052926246240_n-370x278.jpeg 370w, https:\/\/www.movilidadmachala.gob.ec\/web\/wp-content\/uploads\/2021\/10\/244428052_837645163606804_5254317052926246240_n-760x570.jpeg 760w, https:\/\/www.movilidadmachala.gob.ec\/web\/wp-content\/uploads\/2021\/10\/244428052_837645163606804_5254317052926246240_n.jpeg 960w\" sizes=\"auto, (max-width: 644px) 100vw, 644px\" \/><\/div>\n<div dir=\"auto\" style=\"text-align: center;\"><\/div>\n<div dir=\"auto\" style=\"text-align: center;\"><img loading=\"lazy\" decoding=\"async\" class=\"alignnone  wp-image-1433\" src=\"https:\/\/www.movilidadmachala.gob.ec\/web\/wp-content\/uploads\/2021\/10\/244413533_837645030273484_2896130809148513659_n-300x225.jpeg\" alt=\"\" width=\"643\" height=\"482\" srcset=\"https:\/\/www.movilidadmachala.gob.ec\/web\/wp-content\/uploads\/2021\/10\/244413533_837645030273484_2896130809148513659_n-300x225.jpeg 300w, https:\/\/www.movilidadmachala.gob.ec\/web\/wp-content\/uploads\/2021\/10\/244413533_837645030273484_2896130809148513659_n-768x576.jpeg 768w, https:\/\/www.movilidadmachala.gob.ec\/web\/wp-content\/uploads\/2021\/10\/244413533_837645030273484_2896130809148513659_n-370x278.jpeg 370w, https:\/\/www.movilidadmachala.gob.ec\/web\/wp-content\/uploads\/2021\/10\/244413533_837645030273484_2896130809148513659_n-760x570.jpeg 760w, https:\/\/www.movilidadmachala.gob.ec\/web\/wp-content\/uploads\/2021\/10\/244413533_837645030273484_2896130809148513659_n.jpeg 960w\" sizes=\"auto, (max-width: 643px) 100vw, 643px\" \/><\/div>\n<div dir=\"auto\" style=\"text-align: center;\"><\/div>\n<div dir=\"auto\"><img loading=\"lazy\" decoding=\"async\" class=\"alignnone  wp-image-1434 aligncenter\" src=\"https:\/\/www.movilidadmachala.gob.ec\/web\/wp-content\/uploads\/2021\/10\/244453012_837645000273487_8974703146695529774_n-300x225.jpeg\" alt=\"\" width=\"639\" height=\"479\" srcset=\"https:\/\/www.movilidadmachala.gob.ec\/web\/wp-content\/uploads\/2021\/10\/244453012_837645000273487_8974703146695529774_n-300x225.jpeg 300w, https:\/\/www.movilidadmachala.gob.ec\/web\/wp-content\/uploads\/2021\/10\/244453012_837645000273487_8974703146695529774_n-768x576.jpeg 768w, https:\/\/www.movilidadmachala.gob.ec\/web\/wp-content\/uploads\/2021\/10\/244453012_837645000273487_8974703146695529774_n-370x278.jpeg 370w, https:\/\/www.movilidadmachala.gob.ec\/web\/wp-content\/uploads\/2021\/10\/244453012_837645000273487_8974703146695529774_n-760x570.jpeg 760w, https:\/\/www.movilidadmachala.gob.ec\/web\/wp-content\/uploads\/2021\/10\/244453012_837645000273487_8974703146695529774_n.jpeg 960w\" sizes=\"auto, (max-width: 639px) 100vw, 639px\" \/><\/div>\n<\/div>\n","protected":false},"excerpt":{"rendered":"<p>Movilidad Machala EP participa activamente en \u00abLleg\u00f3 la Alcald\u00eda\u00bb, un espacio para promover los servicios que brinda la instituci\u00f3n y dar soluciones pr\u00e1cticas a los usuarios, en el Barrio Rosita Nelly. #TrabajamosPorTuSeguridad #Dar\u00edoMacasAlcalde \u00a0<\/p>\n","protected":false},"author":1,"featured_media":1435,"comment_status":"closed","ping_status":"closed","sticky":false,"template":"","format":"standard","meta":{"footnotes":""},"categories":[35],"tags":[],"class_list":["post-1455","post","type-post","status-publish","format-standard","has-post-thumbnail","hentry","category-noticias"],"_links":{"self":[{"href":"https:\/\/www.movilidadmachala.gob.ec\/web\/wp-json\/wp\/v2\/posts\/1455","targetHints":{"allow":["GET"]}}],"collection":[{"href":"https:\/\/www.movilidadmachala.gob.ec\/web\/wp-json\/wp\/v2\/posts"}],"about":[{"href":"https:\/\/www.movilidadmachala.gob.ec\/web\/wp-json\/wp\/v2\/types\/post"}],"author":[{"embeddable":true,"href":"https:\/\/www.movilidadmachala.gob.ec\/web\/wp-json\/wp\/v2\/users\/1"}],"replies":[{"embeddable":true,"href":"https:\/\/www.movilidadmachala.gob.ec\/web\/wp-json\/wp\/v2\/comments?post=1455"}],"version-history":[{"count":1,"href":"https:\/\/www.movilidadmachala.gob.ec\/web\/wp-json\/wp\/v2\/posts\/1455\/revisions"}],"predecessor-version":[{"id":1456,"href":"https:\/\/www.movilidadmachala.gob.ec\/web\/wp-json\/wp\/v2\/posts\/1455\/revisions\/1456"}],"wp:featuredmedia":[{"embeddable":true,"href":"https:\/\/www.movilidadmachala.gob.ec\/web\/wp-json\/wp\/v2\/media\/1435"}],"wp:attachment":[{"href":"https:\/\/www.movilidadmachala.gob.ec\/web\/wp-json\/wp\/v2\/media?parent=1455"}],"wp:term":[{"taxonomy":"category","embeddable":true,"href":"https:\/\/www.movilidadmachala.gob.ec\/web\/wp-json\/wp\/v2\/categories?post=1455"},{"taxonomy":"post_tag","embeddable":true,"href":"https:\/\/www.movilidadmachala.gob.ec\/web\/wp-json\/wp\/v2\/tags?post=1455"}],"curies":[{"name":"wp","href":"https:\/\/api.w.org\/{rel}","templated":true}]}}