{"id":1465,"date":"2021-10-05T11:00:47","date_gmt":"2021-10-05T16:00:47","guid":{"rendered":"https:\/\/www.movilidadmachala.gob.ec\/web\/?p=1465"},"modified":"2021-10-05T11:37:19","modified_gmt":"2021-10-05T16:37:19","slug":"colocacion-de-nueva-interseccion-semaforica","status":"publish","type":"post","link":"https:\/\/www.movilidadmachala.gob.ec\/web\/colocacion-de-nueva-interseccion-semaforica\/","title":{"rendered":"Colocaci\u00f3n de Nueva Intersecci\u00f3n Semaf\u00f3rica"},"content":{"rendered":"<div class=\"kvgmc6g5 cxmmr5t8 oygrvhab hcukyx3x c1et5uql ii04i59q\">\n<div dir=\"auto\">Colocamos nueva intersecci\u00f3n semaf\u00f3rica en las calles Guabo y Ayacucho. Se encender\u00e1n los sem\u00e1foros el jueves 07 de Octubre del 2021 a las 10H00.<\/div>\n<\/div>\n<div class=\"o9v6fnle cxmmr5t8 oygrvhab hcukyx3x c1et5uql ii04i59q\">\n<div dir=\"auto\">Tomar precauciones al manejar por el sector.<\/div>\n<\/div>\n<div class=\"o9v6fnle cxmmr5t8 oygrvhab hcukyx3x c1et5uql ii04i59q\">\n<div dir=\"auto\">Aportamos a la correcta vialidad en Machala!<\/div>\n<\/div>\n<div class=\"o9v6fnle cxmmr5t8 oygrvhab hcukyx3x c1et5uql ii04i59q\">\n<div dir=\"auto\"><a class=\"oajrlxb2 g5ia77u1 qu0x051f esr5mh6w e9989ue4 r7d6kgcz rq0escxv nhd2j8a9 nc684nl6 p7hjln8o kvgmc6g5 cxmmr5t8 oygrvhab hcukyx3x jb3vyjys rz4wbd8a qt6c0cv9 a8nywdso i1ao9s8h esuyzwwr f1sip0of lzcic4wl q66pz984 gpro0wi8 b1v8xokw\" tabindex=\"0\" role=\"link\" href=\"https:\/\/www.facebook.com\/hashtag\/trabajamosportuseguridad?__eep__=6&amp;__cft__[0]=AZWnuCpOeAMqwTwwa8Xef10e12AfLE_-LfXp5s9-_v3OPE4tNVUXjBXTY5RWFMyF0PP91kVx4rWxCsWO_VXWv3p1Usy44vvSISigAjL8El02335KVHcYgfHqtMFuU6gWYsjCArVkT1r4vgQlAefOvMWpaUMqRAW4G627DAF7gnvQ3K5SKvTBFXeWFeJJMpkvmFY&amp;__tn__=*NK-R\">#TrabajamosPorTuSeguridad<\/a><\/div>\n<div dir=\"auto\"><a class=\"oajrlxb2 g5ia77u1 qu0x051f esr5mh6w e9989ue4 r7d6kgcz rq0escxv nhd2j8a9 nc684nl6 p7hjln8o kvgmc6g5 cxmmr5t8 oygrvhab hcukyx3x jb3vyjys rz4wbd8a qt6c0cv9 a8nywdso i1ao9s8h esuyzwwr f1sip0of lzcic4wl q66pz984 gpro0wi8 b1v8xokw\" tabindex=\"0\" role=\"link\" href=\"https:\/\/www.facebook.com\/hashtag\/dar%C3%ADomacasalcalde?__eep__=6&amp;__cft__[0]=AZWnuCpOeAMqwTwwa8Xef10e12AfLE_-LfXp5s9-_v3OPE4tNVUXjBXTY5RWFMyF0PP91kVx4rWxCsWO_VXWv3p1Usy44vvSISigAjL8El02335KVHcYgfHqtMFuU6gWYsjCArVkT1r4vgQlAefOvMWpaUMqRAW4G627DAF7gnvQ3K5SKvTBFXeWFeJJMpkvmFY&amp;__tn__=*NK-R\">#Dar\u00edoMacasAlcalde<\/a><\/div>\n<\/div>\n<div dir=\"auto\"><\/div>\n<div dir=\"auto\"><img loading=\"lazy\" decoding=\"async\" class=\"alignnone  wp-image-1412 aligncenter\" src=\"https:\/\/www.movilidadmachala.gob.ec\/web\/wp-content\/uploads\/2021\/10\/244596576_839175316787122_5847917109629032625_n-300x225.jpeg\" alt=\"\" width=\"660\" height=\"495\" srcset=\"https:\/\/www.movilidadmachala.gob.ec\/web\/wp-content\/uploads\/2021\/10\/244596576_839175316787122_5847917109629032625_n-300x225.jpeg 300w, https:\/\/www.movilidadmachala.gob.ec\/web\/wp-content\/uploads\/2021\/10\/244596576_839175316787122_5847917109629032625_n-1024x767.jpeg 1024w, https:\/\/www.movilidadmachala.gob.ec\/web\/wp-content\/uploads\/2021\/10\/244596576_839175316787122_5847917109629032625_n-768x575.jpeg 768w, https:\/\/www.movilidadmachala.gob.ec\/web\/wp-content\/uploads\/2021\/10\/244596576_839175316787122_5847917109629032625_n-370x277.jpeg 370w, https:\/\/www.movilidadmachala.gob.ec\/web\/wp-content\/uploads\/2021\/10\/244596576_839175316787122_5847917109629032625_n-760x569.jpeg 760w, https:\/\/www.movilidadmachala.gob.ec\/web\/wp-content\/uploads\/2021\/10\/244596576_839175316787122_5847917109629032625_n.jpeg 1280w\" sizes=\"auto, (max-width: 660px) 100vw, 660px\" \/><\/div>\n<div dir=\"auto\" style=\"text-align: center;\"><\/div>\n<div dir=\"auto\" style=\"text-align: center;\"><img loading=\"lazy\" decoding=\"async\" class=\"alignnone  wp-image-1411\" src=\"https:\/\/www.movilidadmachala.gob.ec\/web\/wp-content\/uploads\/2021\/10\/244655784_839175406787113_5431642216993070142_n-300x225.jpeg\" alt=\"\" width=\"657\" height=\"493\" srcset=\"https:\/\/www.movilidadmachala.gob.ec\/web\/wp-content\/uploads\/2021\/10\/244655784_839175406787113_5431642216993070142_n-300x225.jpeg 300w, https:\/\/www.movilidadmachala.gob.ec\/web\/wp-content\/uploads\/2021\/10\/244655784_839175406787113_5431642216993070142_n-1024x767.jpeg 1024w, https:\/\/www.movilidadmachala.gob.ec\/web\/wp-content\/uploads\/2021\/10\/244655784_839175406787113_5431642216993070142_n-768x575.jpeg 768w, https:\/\/www.movilidadmachala.gob.ec\/web\/wp-content\/uploads\/2021\/10\/244655784_839175406787113_5431642216993070142_n-370x277.jpeg 370w, https:\/\/www.movilidadmachala.gob.ec\/web\/wp-content\/uploads\/2021\/10\/244655784_839175406787113_5431642216993070142_n-760x569.jpeg 760w, https:\/\/www.movilidadmachala.gob.ec\/web\/wp-content\/uploads\/2021\/10\/244655784_839175406787113_5431642216993070142_n.jpeg 1280w\" sizes=\"auto, (max-width: 657px) 100vw, 657px\" \/><\/div>\n<div dir=\"auto\" style=\"text-align: center;\"><\/div>\n<div dir=\"auto\" style=\"text-align: center;\"><img loading=\"lazy\" decoding=\"async\" class=\"alignnone  wp-image-1410\" src=\"https:\/\/www.movilidadmachala.gob.ec\/web\/wp-content\/uploads\/2021\/10\/244614681_839175313453789_2171382202623013267_n-300x225.jpeg\" alt=\"\" width=\"652\" height=\"489\" srcset=\"https:\/\/www.movilidadmachala.gob.ec\/web\/wp-content\/uploads\/2021\/10\/244614681_839175313453789_2171382202623013267_n-300x225.jpeg 300w, https:\/\/www.movilidadmachala.gob.ec\/web\/wp-content\/uploads\/2021\/10\/244614681_839175313453789_2171382202623013267_n-1024x767.jpeg 1024w, https:\/\/www.movilidadmachala.gob.ec\/web\/wp-content\/uploads\/2021\/10\/244614681_839175313453789_2171382202623013267_n-768x575.jpeg 768w, https:\/\/www.movilidadmachala.gob.ec\/web\/wp-content\/uploads\/2021\/10\/244614681_839175313453789_2171382202623013267_n-370x277.jpeg 370w, https:\/\/www.movilidadmachala.gob.ec\/web\/wp-content\/uploads\/2021\/10\/244614681_839175313453789_2171382202623013267_n-760x569.jpeg 760w, https:\/\/www.movilidadmachala.gob.ec\/web\/wp-content\/uploads\/2021\/10\/244614681_839175313453789_2171382202623013267_n.jpeg 1280w\" sizes=\"auto, (max-width: 652px) 100vw, 652px\" \/><\/div>\n<div dir=\"auto\" style=\"text-align: center;\"><\/div>\n<div dir=\"auto\"><img loading=\"lazy\" decoding=\"async\" class=\"alignnone  wp-image-1414 aligncenter\" src=\"https:\/\/www.movilidadmachala.gob.ec\/web\/wp-content\/uploads\/2021\/10\/244608494_839175303453790_683716865859303299_n-300x225.jpeg\" alt=\"\" width=\"653\" height=\"490\" srcset=\"https:\/\/www.movilidadmachala.gob.ec\/web\/wp-content\/uploads\/2021\/10\/244608494_839175303453790_683716865859303299_n-300x225.jpeg 300w, https:\/\/www.movilidadmachala.gob.ec\/web\/wp-content\/uploads\/2021\/10\/244608494_839175303453790_683716865859303299_n-1024x767.jpeg 1024w, https:\/\/www.movilidadmachala.gob.ec\/web\/wp-content\/uploads\/2021\/10\/244608494_839175303453790_683716865859303299_n-768x575.jpeg 768w, https:\/\/www.movilidadmachala.gob.ec\/web\/wp-content\/uploads\/2021\/10\/244608494_839175303453790_683716865859303299_n-370x277.jpeg 370w, https:\/\/www.movilidadmachala.gob.ec\/web\/wp-content\/uploads\/2021\/10\/244608494_839175303453790_683716865859303299_n-760x569.jpeg 760w, https:\/\/www.movilidadmachala.gob.ec\/web\/wp-content\/uploads\/2021\/10\/244608494_839175303453790_683716865859303299_n.jpeg 1280w\" sizes=\"auto, (max-width: 653px) 100vw, 653px\" \/><\/div>\n","protected":false},"excerpt":{"rendered":"<p>Colocamos nueva intersecci\u00f3n semaf\u00f3rica en las calles Guabo y Ayacucho. Se encender\u00e1n los sem\u00e1foros el jueves 07 de Octubre del 2021 a las 10H00. Tomar precauciones al manejar por el sector. Aportamos a la correcta vialidad en Machala! #TrabajamosPorTuSeguridad #Dar\u00edoMacasAlcalde<\/p>\n","protected":false},"author":1,"featured_media":1413,"comment_status":"closed","ping_status":"closed","sticky":false,"template":"","format":"standard","meta":{"footnotes":""},"categories":[35],"tags":[],"class_list":["post-1465","post","type-post","status-publish","format-standard","has-post-thumbnail","hentry","category-noticias"],"_links":{"self":[{"href":"https:\/\/www.movilidadmachala.gob.ec\/web\/wp-json\/wp\/v2\/posts\/1465","targetHints":{"allow":["GET"]}}],"collection":[{"href":"https:\/\/www.movilidadmachala.gob.ec\/web\/wp-json\/wp\/v2\/posts"}],"about":[{"href":"https:\/\/www.movilidadmachala.gob.ec\/web\/wp-json\/wp\/v2\/types\/post"}],"author":[{"embeddable":true,"href":"https:\/\/www.movilidadmachala.gob.ec\/web\/wp-json\/wp\/v2\/users\/1"}],"replies":[{"embeddable":true,"href":"https:\/\/www.movilidadmachala.gob.ec\/web\/wp-json\/wp\/v2\/comments?post=1465"}],"version-history":[{"count":1,"href":"https:\/\/www.movilidadmachala.gob.ec\/web\/wp-json\/wp\/v2\/posts\/1465\/revisions"}],"predecessor-version":[{"id":1466,"href":"https:\/\/www.movilidadmachala.gob.ec\/web\/wp-json\/wp\/v2\/posts\/1465\/revisions\/1466"}],"wp:featuredmedia":[{"embeddable":true,"href":"https:\/\/www.movilidadmachala.gob.ec\/web\/wp-json\/wp\/v2\/media\/1413"}],"wp:attachment":[{"href":"https:\/\/www.movilidadmachala.gob.ec\/web\/wp-json\/wp\/v2\/media?parent=1465"}],"wp:term":[{"taxonomy":"category","embeddable":true,"href":"https:\/\/www.movilidadmachala.gob.ec\/web\/wp-json\/wp\/v2\/categories?post=1465"},{"taxonomy":"post_tag","embeddable":true,"href":"https:\/\/www.movilidadmachala.gob.ec\/web\/wp-json\/wp\/v2\/tags?post=1465"}],"curies":[{"name":"wp","href":"https:\/\/api.w.org\/{rel}","templated":true}]}}