{"id":1517,"date":"2021-10-06T18:42:36","date_gmt":"2021-10-06T23:42:36","guid":{"rendered":"https:\/\/www.movilidadmachala.gob.ec\/web\/?p=1517"},"modified":"2021-10-20T11:44:22","modified_gmt":"2021-10-20T16:44:22","slug":"plan-de-contingencia-para-el-feriado-del-9-de-octubre","status":"publish","type":"post","link":"https:\/\/www.movilidadmachala.gob.ec\/web\/plan-de-contingencia-para-el-feriado-del-9-de-octubre\/","title":{"rendered":"Plan de Contingencia para el feriado del 9 de Octubre"},"content":{"rendered":"<div class=\"kvgmc6g5 cxmmr5t8 oygrvhab hcukyx3x c1et5uql ii04i59q\">\n<div dir=\"auto\"><a class=\"oajrlxb2 g5ia77u1 qu0x051f esr5mh6w e9989ue4 r7d6kgcz rq0escxv nhd2j8a9 nc684nl6 p7hjln8o kvgmc6g5 cxmmr5t8 oygrvhab hcukyx3x jb3vyjys rz4wbd8a qt6c0cv9 a8nywdso i1ao9s8h esuyzwwr f1sip0of lzcic4wl q66pz984 gpro0wi8 b1v8xokw\" tabindex=\"0\" role=\"link\" href=\"https:\/\/www.facebook.com\/hashtag\/movilidadinforma?__eep__=6&amp;__cft__[0]=AZVfCIJfywfZGFJfNgNOnlXZ5PSlYIHNXkdjGbqOiTvsujINBgrjV7Va0RAO7TlPF6ZR4jTkGIFFlGLEXxt_S_AthEk6_1UZbnAwVRUcFv3ao_iC8lse1jyZfpxsowBfTo1ilkbR8GnZcV2SrXuLV97xvCR_7-RsULVGEYmHFwC9OKVWORtUcigoLH5Ja9XtDW8&amp;__tn__=*NK-R\">#MOVILIDADInforma<\/a> | El gerente Ing. Daniel Chan Mora, particip\u00f3 en la socializaci\u00f3n institucional del Plan de Contingencia para el feriado del 9 de Octubre. Este operativo estar\u00e1 conformado por las Fuerzas Armadas, Gobernaci\u00f3n de El Oro, Intendencia Pol\u00edtica, Polic\u00eda Nacional, Cuerpo de Bomberos, ANT y Comisi\u00f3n de Tr\u00e1nsito del Ecuador, ECU 911 y Cruz Roja, con el fin de precautelar la seguridad ciudadana.<\/div>\n<\/div>\n<div class=\"o9v6fnle cxmmr5t8 oygrvhab hcukyx3x c1et5uql ii04i59q\">\n<div dir=\"auto\"><a class=\"oajrlxb2 g5ia77u1 qu0x051f esr5mh6w e9989ue4 r7d6kgcz rq0escxv nhd2j8a9 nc684nl6 p7hjln8o kvgmc6g5 cxmmr5t8 oygrvhab hcukyx3x jb3vyjys rz4wbd8a qt6c0cv9 a8nywdso i1ao9s8h esuyzwwr f1sip0of lzcic4wl q66pz984 gpro0wi8 b1v8xokw\" tabindex=\"0\" role=\"link\" href=\"https:\/\/www.facebook.com\/hashtag\/trabajamosportuseguridad?__eep__=6&amp;__cft__[0]=AZVfCIJfywfZGFJfNgNOnlXZ5PSlYIHNXkdjGbqOiTvsujINBgrjV7Va0RAO7TlPF6ZR4jTkGIFFlGLEXxt_S_AthEk6_1UZbnAwVRUcFv3ao_iC8lse1jyZfpxsowBfTo1ilkbR8GnZcV2SrXuLV97xvCR_7-RsULVGEYmHFwC9OKVWORtUcigoLH5Ja9XtDW8&amp;__tn__=*NK-R\">#TrabajamosPorTuSeguridad<\/a><\/div>\n<div dir=\"auto\"><a class=\"oajrlxb2 g5ia77u1 qu0x051f esr5mh6w e9989ue4 r7d6kgcz rq0escxv nhd2j8a9 nc684nl6 p7hjln8o kvgmc6g5 cxmmr5t8 oygrvhab hcukyx3x jb3vyjys rz4wbd8a qt6c0cv9 a8nywdso i1ao9s8h esuyzwwr f1sip0of lzcic4wl q66pz984 gpro0wi8 b1v8xokw\" tabindex=\"0\" role=\"link\" href=\"https:\/\/www.facebook.com\/hashtag\/dar%C3%ADomacasalcalde?__eep__=6&amp;__cft__[0]=AZVfCIJfywfZGFJfNgNOnlXZ5PSlYIHNXkdjGbqOiTvsujINBgrjV7Va0RAO7TlPF6ZR4jTkGIFFlGLEXxt_S_AthEk6_1UZbnAwVRUcFv3ao_iC8lse1jyZfpxsowBfTo1ilkbR8GnZcV2SrXuLV97xvCR_7-RsULVGEYmHFwC9OKVWORtUcigoLH5Ja9XtDW8&amp;__tn__=*NK-R\">#Dar\u00edoMacasAlcalde<\/a><\/div>\n<\/div>\n<div dir=\"auto\"><img loading=\"lazy\" decoding=\"async\" class=\"wp-image-1518 aligncenter\" src=\"https:\/\/www.movilidadmachala.gob.ec\/web\/wp-content\/uploads\/2021\/10\/244742779_839909896713664_4308601498352448062_n-300x225.jpeg\" alt=\"\" width=\"639\" height=\"479\" srcset=\"https:\/\/www.movilidadmachala.gob.ec\/web\/wp-content\/uploads\/2021\/10\/244742779_839909896713664_4308601498352448062_n-300x225.jpeg 300w, https:\/\/www.movilidadmachala.gob.ec\/web\/wp-content\/uploads\/2021\/10\/244742779_839909896713664_4308601498352448062_n-1024x767.jpeg 1024w, https:\/\/www.movilidadmachala.gob.ec\/web\/wp-content\/uploads\/2021\/10\/244742779_839909896713664_4308601498352448062_n-768x575.jpeg 768w, https:\/\/www.movilidadmachala.gob.ec\/web\/wp-content\/uploads\/2021\/10\/244742779_839909896713664_4308601498352448062_n-370x277.jpeg 370w, https:\/\/www.movilidadmachala.gob.ec\/web\/wp-content\/uploads\/2021\/10\/244742779_839909896713664_4308601498352448062_n-760x569.jpeg 760w, https:\/\/www.movilidadmachala.gob.ec\/web\/wp-content\/uploads\/2021\/10\/244742779_839909896713664_4308601498352448062_n.jpeg 1280w\" sizes=\"auto, (max-width: 639px) 100vw, 639px\" \/><\/div>\n","protected":false},"excerpt":{"rendered":"<p>#MOVILIDADInforma | El gerente Ing. Daniel Chan Mora, particip\u00f3 en la socializaci\u00f3n institucional del Plan de Contingencia para el feriado del 9 de Octubre. Este operativo estar\u00e1 conformado por las Fuerzas Armadas, Gobernaci\u00f3n de El Oro, Intendencia Pol\u00edtica, Polic\u00eda Nacional,&hellip;<\/p>\n","protected":false},"author":1,"featured_media":1519,"comment_status":"closed","ping_status":"closed","sticky":false,"template":"","format":"standard","meta":{"footnotes":""},"categories":[35],"tags":[],"class_list":["post-1517","post","type-post","status-publish","format-standard","has-post-thumbnail","hentry","category-noticias"],"_links":{"self":[{"href":"https:\/\/www.movilidadmachala.gob.ec\/web\/wp-json\/wp\/v2\/posts\/1517","targetHints":{"allow":["GET"]}}],"collection":[{"href":"https:\/\/www.movilidadmachala.gob.ec\/web\/wp-json\/wp\/v2\/posts"}],"about":[{"href":"https:\/\/www.movilidadmachala.gob.ec\/web\/wp-json\/wp\/v2\/types\/post"}],"author":[{"embeddable":true,"href":"https:\/\/www.movilidadmachala.gob.ec\/web\/wp-json\/wp\/v2\/users\/1"}],"replies":[{"embeddable":true,"href":"https:\/\/www.movilidadmachala.gob.ec\/web\/wp-json\/wp\/v2\/comments?post=1517"}],"version-history":[{"count":1,"href":"https:\/\/www.movilidadmachala.gob.ec\/web\/wp-json\/wp\/v2\/posts\/1517\/revisions"}],"predecessor-version":[{"id":1520,"href":"https:\/\/www.movilidadmachala.gob.ec\/web\/wp-json\/wp\/v2\/posts\/1517\/revisions\/1520"}],"wp:featuredmedia":[{"embeddable":true,"href":"https:\/\/www.movilidadmachala.gob.ec\/web\/wp-json\/wp\/v2\/media\/1519"}],"wp:attachment":[{"href":"https:\/\/www.movilidadmachala.gob.ec\/web\/wp-json\/wp\/v2\/media?parent=1517"}],"wp:term":[{"taxonomy":"category","embeddable":true,"href":"https:\/\/www.movilidadmachala.gob.ec\/web\/wp-json\/wp\/v2\/categories?post=1517"},{"taxonomy":"post_tag","embeddable":true,"href":"https:\/\/www.movilidadmachala.gob.ec\/web\/wp-json\/wp\/v2\/tags?post=1517"}],"curies":[{"name":"wp","href":"https:\/\/api.w.org\/{rel}","templated":true}]}}