{"id":1521,"date":"2021-10-06T18:44:30","date_gmt":"2021-10-06T23:44:30","guid":{"rendered":"https:\/\/www.movilidadmachala.gob.ec\/web\/?p=1521"},"modified":"2021-10-20T11:46:59","modified_gmt":"2021-10-20T16:46:59","slug":"capacitacion-a-cooperativa-de-taxis","status":"publish","type":"post","link":"https:\/\/www.movilidadmachala.gob.ec\/web\/capacitacion-a-cooperativa-de-taxis\/","title":{"rendered":"Capacitaci\u00f3n a Cooperativa de Taxis"},"content":{"rendered":"<div class=\"kvgmc6g5 cxmmr5t8 oygrvhab hcukyx3x c1et5uql ii04i59q\">\n<div dir=\"auto\"><a class=\"oajrlxb2 g5ia77u1 qu0x051f esr5mh6w e9989ue4 r7d6kgcz rq0escxv nhd2j8a9 nc684nl6 p7hjln8o kvgmc6g5 cxmmr5t8 oygrvhab hcukyx3x jb3vyjys rz4wbd8a qt6c0cv9 a8nywdso i1ao9s8h esuyzwwr f1sip0of lzcic4wl q66pz984 gpro0wi8 b1v8xokw\" tabindex=\"0\" role=\"link\" href=\"https:\/\/www.facebook.com\/hashtag\/movilidadinforma?__eep__=6&amp;__cft__[0]=AZUKvL7Ap5k7JteBxIwJRePfepMH8aAmCqyxnCNHqBRsp5biIGAdjWDDgrCdXCp2t-MoGAmRMriQB-pgHJpQ9uQjnhaEWWWGNZibxT6ztL_7GYMuhrZ-9hY9jwuUe2TLKRx8URoAREZa1XejNkt6fNf1lZAMapTc6yzctoBXI6S3hUQaAVzl1vWWK6Zi7vGhxFw&amp;__tn__=*NK-R\">#MOVILIDADInforma<\/a> | Conductores de la cooperativa de transporte de taxis Machala, fueron capacitados en temas de prevenci\u00f3n de accidentes. Esto reforzar\u00e1 los conocimientos que tienen los conductores.<\/div>\n<\/div>\n<div class=\"o9v6fnle cxmmr5t8 oygrvhab hcukyx3x c1et5uql ii04i59q\">\n<div dir=\"auto\"><a class=\"oajrlxb2 g5ia77u1 qu0x051f esr5mh6w e9989ue4 r7d6kgcz rq0escxv nhd2j8a9 nc684nl6 p7hjln8o kvgmc6g5 cxmmr5t8 oygrvhab hcukyx3x jb3vyjys rz4wbd8a qt6c0cv9 a8nywdso i1ao9s8h esuyzwwr f1sip0of lzcic4wl q66pz984 gpro0wi8 b1v8xokw\" tabindex=\"0\" role=\"link\" href=\"https:\/\/www.facebook.com\/hashtag\/trabajamosportuseguridadvial?__eep__=6&amp;__cft__[0]=AZUKvL7Ap5k7JteBxIwJRePfepMH8aAmCqyxnCNHqBRsp5biIGAdjWDDgrCdXCp2t-MoGAmRMriQB-pgHJpQ9uQjnhaEWWWGNZibxT6ztL_7GYMuhrZ-9hY9jwuUe2TLKRx8URoAREZa1XejNkt6fNf1lZAMapTc6yzctoBXI6S3hUQaAVzl1vWWK6Zi7vGhxFw&amp;__tn__=*NK-R\">#TrabajamosPorTuSeguridadVial<\/a><\/div>\n<div dir=\"auto\"><a class=\"oajrlxb2 g5ia77u1 qu0x051f esr5mh6w e9989ue4 r7d6kgcz rq0escxv nhd2j8a9 nc684nl6 p7hjln8o kvgmc6g5 cxmmr5t8 oygrvhab hcukyx3x jb3vyjys rz4wbd8a qt6c0cv9 a8nywdso i1ao9s8h esuyzwwr f1sip0of lzcic4wl q66pz984 gpro0wi8 b1v8xokw\" tabindex=\"0\" role=\"link\" href=\"https:\/\/www.facebook.com\/hashtag\/dar%C3%ADomacasalcalde?__eep__=6&amp;__cft__[0]=AZUKvL7Ap5k7JteBxIwJRePfepMH8aAmCqyxnCNHqBRsp5biIGAdjWDDgrCdXCp2t-MoGAmRMriQB-pgHJpQ9uQjnhaEWWWGNZibxT6ztL_7GYMuhrZ-9hY9jwuUe2TLKRx8URoAREZa1XejNkt6fNf1lZAMapTc6yzctoBXI6S3hUQaAVzl1vWWK6Zi7vGhxFw&amp;__tn__=*NK-R\">#Dar\u00edoMacasAlcalde<\/a><\/div>\n<\/div>\n<div dir=\"auto\"><\/div>\n<div dir=\"auto\"><img loading=\"lazy\" decoding=\"async\" class=\"wp-image-1523 aligncenter\" src=\"https:\/\/www.movilidadmachala.gob.ec\/web\/wp-content\/uploads\/2021\/10\/244751743_839911286713525_6747138600088544659_n-300x225.jpeg\" alt=\"\" width=\"621\" height=\"466\" srcset=\"https:\/\/www.movilidadmachala.gob.ec\/web\/wp-content\/uploads\/2021\/10\/244751743_839911286713525_6747138600088544659_n-300x225.jpeg 300w, https:\/\/www.movilidadmachala.gob.ec\/web\/wp-content\/uploads\/2021\/10\/244751743_839911286713525_6747138600088544659_n-1024x767.jpeg 1024w, https:\/\/www.movilidadmachala.gob.ec\/web\/wp-content\/uploads\/2021\/10\/244751743_839911286713525_6747138600088544659_n-768x575.jpeg 768w, https:\/\/www.movilidadmachala.gob.ec\/web\/wp-content\/uploads\/2021\/10\/244751743_839911286713525_6747138600088544659_n-370x277.jpeg 370w, https:\/\/www.movilidadmachala.gob.ec\/web\/wp-content\/uploads\/2021\/10\/244751743_839911286713525_6747138600088544659_n-760x569.jpeg 760w, https:\/\/www.movilidadmachala.gob.ec\/web\/wp-content\/uploads\/2021\/10\/244751743_839911286713525_6747138600088544659_n.jpeg 1280w\" sizes=\"auto, (max-width: 621px) 100vw, 621px\" \/><\/div>\n","protected":false},"excerpt":{"rendered":"<p>#MOVILIDADInforma | Conductores de la cooperativa de transporte de taxis Machala, fueron capacitados en temas de prevenci\u00f3n de accidentes. Esto reforzar\u00e1 los conocimientos que tienen los conductores. #TrabajamosPorTuSeguridadVial #Dar\u00edoMacasAlcalde<\/p>\n","protected":false},"author":1,"featured_media":1522,"comment_status":"closed","ping_status":"closed","sticky":false,"template":"","format":"standard","meta":{"footnotes":""},"categories":[35],"tags":[],"class_list":["post-1521","post","type-post","status-publish","format-standard","has-post-thumbnail","hentry","category-noticias"],"_links":{"self":[{"href":"https:\/\/www.movilidadmachala.gob.ec\/web\/wp-json\/wp\/v2\/posts\/1521","targetHints":{"allow":["GET"]}}],"collection":[{"href":"https:\/\/www.movilidadmachala.gob.ec\/web\/wp-json\/wp\/v2\/posts"}],"about":[{"href":"https:\/\/www.movilidadmachala.gob.ec\/web\/wp-json\/wp\/v2\/types\/post"}],"author":[{"embeddable":true,"href":"https:\/\/www.movilidadmachala.gob.ec\/web\/wp-json\/wp\/v2\/users\/1"}],"replies":[{"embeddable":true,"href":"https:\/\/www.movilidadmachala.gob.ec\/web\/wp-json\/wp\/v2\/comments?post=1521"}],"version-history":[{"count":1,"href":"https:\/\/www.movilidadmachala.gob.ec\/web\/wp-json\/wp\/v2\/posts\/1521\/revisions"}],"predecessor-version":[{"id":1524,"href":"https:\/\/www.movilidadmachala.gob.ec\/web\/wp-json\/wp\/v2\/posts\/1521\/revisions\/1524"}],"wp:featuredmedia":[{"embeddable":true,"href":"https:\/\/www.movilidadmachala.gob.ec\/web\/wp-json\/wp\/v2\/media\/1522"}],"wp:attachment":[{"href":"https:\/\/www.movilidadmachala.gob.ec\/web\/wp-json\/wp\/v2\/media?parent=1521"}],"wp:term":[{"taxonomy":"category","embeddable":true,"href":"https:\/\/www.movilidadmachala.gob.ec\/web\/wp-json\/wp\/v2\/categories?post=1521"},{"taxonomy":"post_tag","embeddable":true,"href":"https:\/\/www.movilidadmachala.gob.ec\/web\/wp-json\/wp\/v2\/tags?post=1521"}],"curies":[{"name":"wp","href":"https:\/\/api.w.org\/{rel}","templated":true}]}}