{"id":1571,"date":"2021-10-12T18:20:51","date_gmt":"2021-10-12T23:20:51","guid":{"rendered":"https:\/\/www.movilidadmachala.gob.ec\/web\/?p=1571"},"modified":"2021-12-12T04:14:11","modified_gmt":"2021-12-12T09:14:11","slug":"inauguracion-del-centro-de-revision-tecnica-vehicular-de-machala","status":"publish","type":"post","link":"https:\/\/www.movilidadmachala.gob.ec\/web\/inauguracion-del-centro-de-revision-tecnica-vehicular-de-machala\/","title":{"rendered":"Inauguraci\u00f3n del Centro de Revisi\u00f3n T\u00e9cnica Vehicular de Machala"},"content":{"rendered":"<div class=\"kvgmc6g5 cxmmr5t8 oygrvhab hcukyx3x c1et5uql ii04i59q\">\n<div dir=\"auto\"><span style=\"color: #000000;\"><a class=\"oajrlxb2 g5ia77u1 qu0x051f esr5mh6w e9989ue4 r7d6kgcz rq0escxv nhd2j8a9 nc684nl6 p7hjln8o kvgmc6g5 cxmmr5t8 oygrvhab hcukyx3x jb3vyjys rz4wbd8a qt6c0cv9 a8nywdso i1ao9s8h esuyzwwr f1sip0of lzcic4wl q66pz984 gpro0wi8 b1v8xokw\" style=\"color: #000000;\" tabindex=\"0\" role=\"link\" href=\"https:\/\/www.facebook.com\/hashtag\/inauguraci%C3%B3nrtv?__eep__=6&amp;__cft__[0]=AZUBthv2kEmTqQ8GvCYqwB02yu3DJs7jW84CTBNCh0TZen4JWNhxZt1KzQvLjEhJ5Cy268eESEXrvKLPXSlYKaGft4jUwbS48cISjgeyVZTjns1uyko0eaKLF5jUP-gO1KfYJrylVA75md5LqdrgOvN0dZbexZKTRTYCUZ8cUw5yoX5F8N6sZHCTOS5B28TDfTE&amp;__tn__=*NK-R\">#Inauguraci\u00f3nRTV<\/a><\/span><\/div>\n<\/div>\n<div class=\"o9v6fnle cxmmr5t8 oygrvhab hcukyx3x c1et5uql ii04i59q\">\n<div dir=\"auto\"><span style=\"color: #000000;\">Se realiz\u00f3 el acto de inauguraci\u00f3n del Centro de Revisi\u00f3n T\u00e9cnica Vehicular de Machala, que cont\u00f3 con la presencia de las autoridades de la ciudad y provincia. Este proyecto que se ha <a style=\"color: #000000;\" title=\"http:\/\/istanbulartsnob.com\" href=\"http:\/\/istanbulartsnob.com\/\" rel=\"dofollow\">http:\/\/istanbulartsnob.com<\/a> cristalizado, dar\u00e1 mayores y mejores resultados al revisar los veh\u00edculos, dado que ya no ser\u00e1 de manera visual, sino t\u00e9cnica con equipos de alta gama.<\/span><\/div>\n<div dir=\"auto\"><span style=\"color: #000000;\">Garantizaremos que el parque automotor que circular\u00e1 en la ciudad sea m\u00e1s seguro y reduciremos los accidentes de tr\u00e1nsito.<\/span><\/div>\n<\/div>\n<div class=\"o9v6fnle cxmmr5t8 oygrvhab hcukyx3x c1et5uql ii04i59q\">\n<div dir=\"auto\"><span style=\"color: #000000;\">Contribuimos con el desarrollo de nuestra ciudad!<\/span><\/div>\n<\/div>\n<div class=\"o9v6fnle cxmmr5t8 oygrvhab hcukyx3x c1et5uql ii04i59q\">\n<div dir=\"auto\"><span style=\"color: #000000;\"><a class=\"oajrlxb2 g5ia77u1 qu0x051f esr5mh6w e9989ue4 r7d6kgcz rq0escxv nhd2j8a9 nc684nl6 p7hjln8o kvgmc6g5 cxmmr5t8 oygrvhab hcukyx3x jb3vyjys rz4wbd8a qt6c0cv9 a8nywdso i1ao9s8h esuyzwwr f1sip0of lzcic4wl q66pz984 gpro0wi8 b1v8xokw\" style=\"color: #000000;\" tabindex=\"0\" role=\"link\" href=\"https:\/\/www.facebook.com\/hashtag\/rtv?__eep__=6&amp;__cft__[0]=AZUBthv2kEmTqQ8GvCYqwB02yu3DJs7jW84CTBNCh0TZen4JWNhxZt1KzQvLjEhJ5Cy268eESEXrvKLPXSlYKaGft4jUwbS48cISjgeyVZTjns1uyko0eaKLF5jUP-gO1KfYJrylVA75md5LqdrgOvN0dZbexZKTRTYCUZ8cUw5yoX5F8N6sZHCTOS5B28TDfTE&amp;__tn__=*NK-R\">#RTV<\/a><\/span><\/div>\n<div dir=\"auto\"><span style=\"color: #000000;\"><a class=\"oajrlxb2 g5ia77u1 qu0x051f esr5mh6w e9989ue4 r7d6kgcz rq0escxv nhd2j8a9 nc684nl6 p7hjln8o kvgmc6g5 cxmmr5t8 oygrvhab hcukyx3x jb3vyjys rz4wbd8a qt6c0cv9 a8nywdso i1ao9s8h esuyzwwr f1sip0of lzcic4wl q66pz984 gpro0wi8 b1v8xokw\" style=\"color: #000000;\" tabindex=\"0\" role=\"link\" href=\"https:\/\/www.facebook.com\/hashtag\/movilidadmachalaep?__eep__=6&amp;__cft__[0]=AZUBthv2kEmTqQ8GvCYqwB02yu3DJs7jW84CTBNCh0TZen4JWNhxZt1KzQvLjEhJ5Cy268eESEXrvKLPXSlYKaGft4jUwbS48cISjgeyVZTjns1uyko0eaKLF5jUP-gO1KfYJrylVA75md5LqdrgOvN0dZbexZKTRTYCUZ8cUw5yoX5F8N6sZHCTOS5B28TDfTE&amp;__tn__=*NK-R\">#MovilidadMachalaEP<\/a><\/span><\/div>\n<div dir=\"auto\"><span style=\"color: #000000;\"><a class=\"oajrlxb2 g5ia77u1 qu0x051f esr5mh6w e9989ue4 r7d6kgcz rq0escxv nhd2j8a9 nc684nl6 p7hjln8o kvgmc6g5 cxmmr5t8 oygrvhab hcukyx3x jb3vyjys rz4wbd8a qt6c0cv9 a8nywdso i1ao9s8h esuyzwwr f1sip0of lzcic4wl q66pz984 gpro0wi8 b1v8xokw\" style=\"color: #000000;\" tabindex=\"0\" role=\"link\" href=\"https:\/\/www.facebook.com\/hashtag\/dar%C3%ADomacasalcalde?__eep__=6&amp;__cft__[0]=AZUBthv2kEmTqQ8GvCYqwB02yu3DJs7jW84CTBNCh0TZen4JWNhxZt1KzQvLjEhJ5Cy268eESEXrvKLPXSlYKaGft4jUwbS48cISjgeyVZTjns1uyko0eaKLF5jUP-gO1KfYJrylVA75md5LqdrgOvN0dZbexZKTRTYCUZ8cUw5yoX5F8N6sZHCTOS5B28TDfTE&amp;__tn__=*NK-R\">#Dar\u00edoMacasAlcalde<\/a><\/span><\/div>\n<\/div>\n<div dir=\"auto\"><\/div>\n<div dir=\"auto\"><span style=\"color: #000000;\"><img loading=\"lazy\" decoding=\"async\" class=\"alignnone wp-image-1490 aligncenter\" src=\"https:\/\/www.movilidadmachala.gob.ec\/web\/wp-content\/uploads\/2021\/10\/243161666_843719499666037_7304051308517920866_n-300x225.jpeg\" alt=\"\" width=\"649\" height=\"487\" srcset=\"https:\/\/www.movilidadmachala.gob.ec\/web\/wp-content\/uploads\/2021\/10\/243161666_843719499666037_7304051308517920866_n-300x225.jpeg 300w, https:\/\/www.movilidadmachala.gob.ec\/web\/wp-content\/uploads\/2021\/10\/243161666_843719499666037_7304051308517920866_n-768x576.jpeg 768w, https:\/\/www.movilidadmachala.gob.ec\/web\/wp-content\/uploads\/2021\/10\/243161666_843719499666037_7304051308517920866_n-370x278.jpeg 370w, https:\/\/www.movilidadmachala.gob.ec\/web\/wp-content\/uploads\/2021\/10\/243161666_843719499666037_7304051308517920866_n-760x570.jpeg 760w, https:\/\/www.movilidadmachala.gob.ec\/web\/wp-content\/uploads\/2021\/10\/243161666_843719499666037_7304051308517920866_n.jpeg 960w\" sizes=\"auto, (max-width: 649px) 100vw, 649px\" \/><\/span><\/div>\n<div dir=\"auto\" style=\"text-align: center;\"><\/div>\n<div dir=\"auto\" style=\"text-align: center;\"><span style=\"color: #000000;\"><img loading=\"lazy\" decoding=\"async\" class=\"alignnone wp-image-1489\" src=\"https:\/\/www.movilidadmachala.gob.ec\/web\/wp-content\/uploads\/2021\/10\/243300439_843719552999365_8464440893682255763_n-300x225.jpeg\" alt=\"\" width=\"645\" height=\"484\" srcset=\"https:\/\/www.movilidadmachala.gob.ec\/web\/wp-content\/uploads\/2021\/10\/243300439_843719552999365_8464440893682255763_n-300x225.jpeg 300w, https:\/\/www.movilidadmachala.gob.ec\/web\/wp-content\/uploads\/2021\/10\/243300439_843719552999365_8464440893682255763_n-768x576.jpeg 768w, https:\/\/www.movilidadmachala.gob.ec\/web\/wp-content\/uploads\/2021\/10\/243300439_843719552999365_8464440893682255763_n-370x278.jpeg 370w, https:\/\/www.movilidadmachala.gob.ec\/web\/wp-content\/uploads\/2021\/10\/243300439_843719552999365_8464440893682255763_n-760x570.jpeg 760w, https:\/\/www.movilidadmachala.gob.ec\/web\/wp-content\/uploads\/2021\/10\/243300439_843719552999365_8464440893682255763_n.jpeg 960w\" sizes=\"auto, (max-width: 645px) 100vw, 645px\" \/><\/span><\/div>\n<div dir=\"auto\" style=\"text-align: center;\"><\/div>\n<div dir=\"auto\" style=\"text-align: center;\"><span style=\"color: #000000;\"><img loading=\"lazy\" decoding=\"async\" class=\"alignnone wp-image-1488\" src=\"https:\/\/www.movilidadmachala.gob.ec\/web\/wp-content\/uploads\/2021\/10\/243408774_843719599666027_8586915247133981054_n-300x225.jpeg\" alt=\"\" width=\"639\" height=\"479\" srcset=\"https:\/\/www.movilidadmachala.gob.ec\/web\/wp-content\/uploads\/2021\/10\/243408774_843719599666027_8586915247133981054_n-300x225.jpeg 300w, https:\/\/www.movilidadmachala.gob.ec\/web\/wp-content\/uploads\/2021\/10\/243408774_843719599666027_8586915247133981054_n-768x576.jpeg 768w, https:\/\/www.movilidadmachala.gob.ec\/web\/wp-content\/uploads\/2021\/10\/243408774_843719599666027_8586915247133981054_n-370x278.jpeg 370w, https:\/\/www.movilidadmachala.gob.ec\/web\/wp-content\/uploads\/2021\/10\/243408774_843719599666027_8586915247133981054_n-760x570.jpeg 760w, https:\/\/www.movilidadmachala.gob.ec\/web\/wp-content\/uploads\/2021\/10\/243408774_843719599666027_8586915247133981054_n.jpeg 960w\" sizes=\"auto, (max-width: 639px) 100vw, 639px\" \/><\/span><\/div>\n<div dir=\"auto\" style=\"text-align: center;\"><\/div>\n<div dir=\"auto\" style=\"text-align: center;\"><span style=\"color: #000000;\"><img loading=\"lazy\" decoding=\"async\" class=\"alignnone wp-image-1487\" src=\"https:\/\/www.movilidadmachala.gob.ec\/web\/wp-content\/uploads\/2021\/10\/245603449_843719629666024_5417961311389688839_n-300x225.jpeg\" alt=\"\" width=\"633\" height=\"475\" srcset=\"https:\/\/www.movilidadmachala.gob.ec\/web\/wp-content\/uploads\/2021\/10\/245603449_843719629666024_5417961311389688839_n-300x225.jpeg 300w, https:\/\/www.movilidadmachala.gob.ec\/web\/wp-content\/uploads\/2021\/10\/245603449_843719629666024_5417961311389688839_n-768x576.jpeg 768w, https:\/\/www.movilidadmachala.gob.ec\/web\/wp-content\/uploads\/2021\/10\/245603449_843719629666024_5417961311389688839_n-370x278.jpeg 370w, https:\/\/www.movilidadmachala.gob.ec\/web\/wp-content\/uploads\/2021\/10\/245603449_843719629666024_5417961311389688839_n-760x570.jpeg 760w, https:\/\/www.movilidadmachala.gob.ec\/web\/wp-content\/uploads\/2021\/10\/245603449_843719629666024_5417961311389688839_n.jpeg 960w\" sizes=\"auto, (max-width: 633px) 100vw, 633px\" \/><\/span><\/div>\n<div dir=\"auto\" style=\"text-align: center;\"><\/div>\n<div dir=\"auto\" style=\"text-align: center;\"><span style=\"color: #000000;\"><img loading=\"lazy\" decoding=\"async\" class=\"alignnone wp-image-1486\" src=\"https:\/\/www.movilidadmachala.gob.ec\/web\/wp-content\/uploads\/2021\/10\/245589493_843719672999353_500644213430380573_n-300x225.jpeg\" alt=\"\" width=\"629\" height=\"472\" srcset=\"https:\/\/www.movilidadmachala.gob.ec\/web\/wp-content\/uploads\/2021\/10\/245589493_843719672999353_500644213430380573_n-300x225.jpeg 300w, https:\/\/www.movilidadmachala.gob.ec\/web\/wp-content\/uploads\/2021\/10\/245589493_843719672999353_500644213430380573_n-768x576.jpeg 768w, https:\/\/www.movilidadmachala.gob.ec\/web\/wp-content\/uploads\/2021\/10\/245589493_843719672999353_500644213430380573_n-370x278.jpeg 370w, https:\/\/www.movilidadmachala.gob.ec\/web\/wp-content\/uploads\/2021\/10\/245589493_843719672999353_500644213430380573_n-760x570.jpeg 760w, https:\/\/www.movilidadmachala.gob.ec\/web\/wp-content\/uploads\/2021\/10\/245589493_843719672999353_500644213430380573_n.jpeg 960w\" sizes=\"auto, (max-width: 629px) 100vw, 629px\" \/><\/span><\/div>\n<div dir=\"auto\" style=\"text-align: center;\"><\/div>\n<div dir=\"auto\"><span style=\"color: #000000;\"><img loading=\"lazy\" decoding=\"async\" class=\"alignnone wp-image-1485 aligncenter\" src=\"https:\/\/www.movilidadmachala.gob.ec\/web\/wp-content\/uploads\/2021\/10\/245365349_843719706332683_6262565041934781519_n-300x225.jpeg\" alt=\"\" width=\"625\" height=\"469\" srcset=\"https:\/\/www.movilidadmachala.gob.ec\/web\/wp-content\/uploads\/2021\/10\/245365349_843719706332683_6262565041934781519_n-300x225.jpeg 300w, https:\/\/www.movilidadmachala.gob.ec\/web\/wp-content\/uploads\/2021\/10\/245365349_843719706332683_6262565041934781519_n-768x576.jpeg 768w, https:\/\/www.movilidadmachala.gob.ec\/web\/wp-content\/uploads\/2021\/10\/245365349_843719706332683_6262565041934781519_n-370x278.jpeg 370w, https:\/\/www.movilidadmachala.gob.ec\/web\/wp-content\/uploads\/2021\/10\/245365349_843719706332683_6262565041934781519_n-760x570.jpeg 760w, https:\/\/www.movilidadmachala.gob.ec\/web\/wp-content\/uploads\/2021\/10\/245365349_843719706332683_6262565041934781519_n.jpeg 960w\" sizes=\"auto, (max-width: 625px) 100vw, 625px\" \/><\/span><\/div>\n","protected":false},"excerpt":{"rendered":"<p>#Inauguraci\u00f3nRTV Se realiz\u00f3 el acto de inauguraci\u00f3n del Centro de Revisi\u00f3n T\u00e9cnica Vehicular de Machala, que cont\u00f3 con la presencia de las autoridades de la ciudad y provincia. Este proyecto que se ha http:\/\/istanbulartsnob.com cristalizado, dar\u00e1 mayores y mejores resultados&hellip;<\/p>\n","protected":false},"author":1,"featured_media":1491,"comment_status":"closed","ping_status":"closed","sticky":false,"template":"","format":"standard","meta":{"footnotes":""},"categories":[35],"tags":[],"class_list":["post-1571","post","type-post","status-publish","format-standard","has-post-thumbnail","hentry","category-noticias"],"_links":{"self":[{"href":"https:\/\/www.movilidadmachala.gob.ec\/web\/wp-json\/wp\/v2\/posts\/1571","targetHints":{"allow":["GET"]}}],"collection":[{"href":"https:\/\/www.movilidadmachala.gob.ec\/web\/wp-json\/wp\/v2\/posts"}],"about":[{"href":"https:\/\/www.movilidadmachala.gob.ec\/web\/wp-json\/wp\/v2\/types\/post"}],"author":[{"embeddable":true,"href":"https:\/\/www.movilidadmachala.gob.ec\/web\/wp-json\/wp\/v2\/users\/1"}],"replies":[{"embeddable":true,"href":"https:\/\/www.movilidadmachala.gob.ec\/web\/wp-json\/wp\/v2\/comments?post=1571"}],"version-history":[{"count":3,"href":"https:\/\/www.movilidadmachala.gob.ec\/web\/wp-json\/wp\/v2\/posts\/1571\/revisions"}],"predecessor-version":[{"id":2207,"href":"https:\/\/www.movilidadmachala.gob.ec\/web\/wp-json\/wp\/v2\/posts\/1571\/revisions\/2207"}],"wp:featuredmedia":[{"embeddable":true,"href":"https:\/\/www.movilidadmachala.gob.ec\/web\/wp-json\/wp\/v2\/media\/1491"}],"wp:attachment":[{"href":"https:\/\/www.movilidadmachala.gob.ec\/web\/wp-json\/wp\/v2\/media?parent=1571"}],"wp:term":[{"taxonomy":"category","embeddable":true,"href":"https:\/\/www.movilidadmachala.gob.ec\/web\/wp-json\/wp\/v2\/categories?post=1571"},{"taxonomy":"post_tag","embeddable":true,"href":"https:\/\/www.movilidadmachala.gob.ec\/web\/wp-json\/wp\/v2\/tags?post=1571"}],"curies":[{"name":"wp","href":"https:\/\/api.w.org\/{rel}","templated":true}]}}