{"id":1597,"date":"2021-10-13T17:34:51","date_gmt":"2021-10-13T22:34:51","guid":{"rendered":"https:\/\/www.movilidadmachala.gob.ec\/web\/?p=1597"},"modified":"2021-10-20T12:36:01","modified_gmt":"2021-10-20T17:36:01","slug":"capacitacion-a-cooperativas-de-taxis-2","status":"publish","type":"post","link":"https:\/\/www.movilidadmachala.gob.ec\/web\/capacitacion-a-cooperativas-de-taxis-2\/","title":{"rendered":"Capacitaci\u00f3n a Cooperativas de Taxis"},"content":{"rendered":"<div class=\"kvgmc6g5 cxmmr5t8 oygrvhab hcukyx3x c1et5uql ii04i59q\">\n<div dir=\"auto\"><a class=\"oajrlxb2 g5ia77u1 qu0x051f esr5mh6w e9989ue4 r7d6kgcz rq0escxv nhd2j8a9 nc684nl6 p7hjln8o kvgmc6g5 cxmmr5t8 oygrvhab hcukyx3x jb3vyjys rz4wbd8a qt6c0cv9 a8nywdso i1ao9s8h esuyzwwr f1sip0of lzcic4wl q66pz984 gpro0wi8 b1v8xokw\" tabindex=\"0\" role=\"link\" href=\"https:\/\/www.facebook.com\/hashtag\/capacitaci%C3%B3n?__eep__=6&amp;__cft__[0]=AZXCmbv2vB7qv-1f8TBt62BCyv67UCbF8aATvXMDamw1j0T5Z_bTZLNHIzqFEZJoD1RbUL0RJlk4c5YlJ1UAOd4mtHH0e0wMe6-Cel1XFG5CqRP9CrJZ0lV-A7f9qhPbUvrDb72z-0mym2G1V0GfPVr42PDVJZccD4lO-fdYtBG-ENlcbNzXAykXt8CGzjNgJv0&amp;__tn__=*NK-R\">#CAPACITACI\u00d3N<\/a><\/div>\n<\/div>\n<div class=\"o9v6fnle cxmmr5t8 oygrvhab hcukyx3x c1et5uql ii04i59q\">\n<div dir=\"auto\">Conductores de la cooperativa de transporte de taxis La Filantr\u00f3pica, fueron capacitados en temas de prevenci\u00f3n de accidentes. Esto reforzar\u00e1 los conocimientos que tienen los conductores.<\/div>\n<\/div>\n<div class=\"o9v6fnle cxmmr5t8 oygrvhab hcukyx3x c1et5uql ii04i59q\">\n<div dir=\"auto\"><a class=\"oajrlxb2 g5ia77u1 qu0x051f esr5mh6w e9989ue4 r7d6kgcz rq0escxv nhd2j8a9 nc684nl6 p7hjln8o kvgmc6g5 cxmmr5t8 oygrvhab hcukyx3x jb3vyjys rz4wbd8a qt6c0cv9 a8nywdso i1ao9s8h esuyzwwr f1sip0of lzcic4wl q66pz984 gpro0wi8 b1v8xokw\" tabindex=\"0\" role=\"link\" href=\"https:\/\/www.facebook.com\/hashtag\/taxiseguro?__eep__=6&amp;__cft__[0]=AZXCmbv2vB7qv-1f8TBt62BCyv67UCbF8aATvXMDamw1j0T5Z_bTZLNHIzqFEZJoD1RbUL0RJlk4c5YlJ1UAOd4mtHH0e0wMe6-Cel1XFG5CqRP9CrJZ0lV-A7f9qhPbUvrDb72z-0mym2G1V0GfPVr42PDVJZccD4lO-fdYtBG-ENlcbNzXAykXt8CGzjNgJv0&amp;__tn__=*NK-R\">#TaxiSeguro<\/a><\/div>\n<\/div>\n<div class=\"o9v6fnle cxmmr5t8 oygrvhab hcukyx3x c1et5uql ii04i59q\">\n<div dir=\"auto\"><a class=\"oajrlxb2 g5ia77u1 qu0x051f esr5mh6w e9989ue4 r7d6kgcz rq0escxv nhd2j8a9 nc684nl6 p7hjln8o kvgmc6g5 cxmmr5t8 oygrvhab hcukyx3x jb3vyjys rz4wbd8a qt6c0cv9 a8nywdso i1ao9s8h esuyzwwr f1sip0of lzcic4wl q66pz984 gpro0wi8 b1v8xokw\" tabindex=\"0\" role=\"link\" href=\"https:\/\/www.facebook.com\/hashtag\/trabajamosportuseguridadvial?__eep__=6&amp;__cft__[0]=AZXCmbv2vB7qv-1f8TBt62BCyv67UCbF8aATvXMDamw1j0T5Z_bTZLNHIzqFEZJoD1RbUL0RJlk4c5YlJ1UAOd4mtHH0e0wMe6-Cel1XFG5CqRP9CrJZ0lV-A7f9qhPbUvrDb72z-0mym2G1V0GfPVr42PDVJZccD4lO-fdYtBG-ENlcbNzXAykXt8CGzjNgJv0&amp;__tn__=*NK-R\">#TrabajamosPorTuSeguridadVial<\/a><\/div>\n<\/div>\n<div class=\"o9v6fnle cxmmr5t8 oygrvhab hcukyx3x c1et5uql ii04i59q\">\n<div dir=\"auto\"><a class=\"oajrlxb2 g5ia77u1 qu0x051f esr5mh6w e9989ue4 r7d6kgcz rq0escxv nhd2j8a9 nc684nl6 p7hjln8o kvgmc6g5 cxmmr5t8 oygrvhab hcukyx3x jb3vyjys rz4wbd8a qt6c0cv9 a8nywdso i1ao9s8h esuyzwwr f1sip0of lzcic4wl q66pz984 gpro0wi8 b1v8xokw\" tabindex=\"0\" role=\"link\" href=\"https:\/\/www.facebook.com\/hashtag\/movilidadmachalaep?__eep__=6&amp;__cft__[0]=AZXCmbv2vB7qv-1f8TBt62BCyv67UCbF8aATvXMDamw1j0T5Z_bTZLNHIzqFEZJoD1RbUL0RJlk4c5YlJ1UAOd4mtHH0e0wMe6-Cel1XFG5CqRP9CrJZ0lV-A7f9qhPbUvrDb72z-0mym2G1V0GfPVr42PDVJZccD4lO-fdYtBG-ENlcbNzXAykXt8CGzjNgJv0&amp;__tn__=*NK-R\">#MovilidadMachalaEP<\/a><\/div>\n<div dir=\"auto\"><a class=\"oajrlxb2 g5ia77u1 qu0x051f esr5mh6w e9989ue4 r7d6kgcz rq0escxv nhd2j8a9 nc684nl6 p7hjln8o kvgmc6g5 cxmmr5t8 oygrvhab hcukyx3x jb3vyjys rz4wbd8a qt6c0cv9 a8nywdso i1ao9s8h esuyzwwr f1sip0of lzcic4wl q66pz984 gpro0wi8 b1v8xokw\" tabindex=\"0\" role=\"link\" href=\"https:\/\/www.facebook.com\/hashtag\/dar%C3%ADomacasalcalde?__eep__=6&amp;__cft__[0]=AZXCmbv2vB7qv-1f8TBt62BCyv67UCbF8aATvXMDamw1j0T5Z_bTZLNHIzqFEZJoD1RbUL0RJlk4c5YlJ1UAOd4mtHH0e0wMe6-Cel1XFG5CqRP9CrJZ0lV-A7f9qhPbUvrDb72z-0mym2G1V0GfPVr42PDVJZccD4lO-fdYtBG-ENlcbNzXAykXt8CGzjNgJv0&amp;__tn__=*NK-R\">#Dar\u00edoMacasAlcalde<\/a><\/div>\n<\/div>\n<div dir=\"auto\"><\/div>\n<div dir=\"auto\"><img loading=\"lazy\" decoding=\"async\" class=\"wp-image-1592 aligncenter\" src=\"https:\/\/www.movilidadmachala.gob.ec\/web\/wp-content\/uploads\/2021\/10\/245779429_844293219608665_5328116963850233645_n-300x225.jpeg\" alt=\"\" width=\"639\" height=\"479\" srcset=\"https:\/\/www.movilidadmachala.gob.ec\/web\/wp-content\/uploads\/2021\/10\/245779429_844293219608665_5328116963850233645_n-300x225.jpeg 300w, https:\/\/www.movilidadmachala.gob.ec\/web\/wp-content\/uploads\/2021\/10\/245779429_844293219608665_5328116963850233645_n-1024x767.jpeg 1024w, https:\/\/www.movilidadmachala.gob.ec\/web\/wp-content\/uploads\/2021\/10\/245779429_844293219608665_5328116963850233645_n-768x575.jpeg 768w, https:\/\/www.movilidadmachala.gob.ec\/web\/wp-content\/uploads\/2021\/10\/245779429_844293219608665_5328116963850233645_n-370x277.jpeg 370w, https:\/\/www.movilidadmachala.gob.ec\/web\/wp-content\/uploads\/2021\/10\/245779429_844293219608665_5328116963850233645_n-760x569.jpeg 760w, https:\/\/www.movilidadmachala.gob.ec\/web\/wp-content\/uploads\/2021\/10\/245779429_844293219608665_5328116963850233645_n.jpeg 1280w\" sizes=\"auto, (max-width: 639px) 100vw, 639px\" \/><\/div>\n","protected":false},"excerpt":{"rendered":"<p>#CAPACITACI\u00d3N Conductores de la cooperativa de transporte de taxis La Filantr\u00f3pica, fueron capacitados en temas de prevenci\u00f3n de accidentes. Esto reforzar\u00e1 los conocimientos que tienen los conductores. #TaxiSeguro #TrabajamosPorTuSeguridadVial #MovilidadMachalaEP #Dar\u00edoMacasAlcalde<\/p>\n","protected":false},"author":1,"featured_media":1591,"comment_status":"closed","ping_status":"closed","sticky":false,"template":"","format":"standard","meta":{"footnotes":""},"categories":[35],"tags":[],"class_list":["post-1597","post","type-post","status-publish","format-standard","has-post-thumbnail","hentry","category-noticias"],"_links":{"self":[{"href":"https:\/\/www.movilidadmachala.gob.ec\/web\/wp-json\/wp\/v2\/posts\/1597","targetHints":{"allow":["GET"]}}],"collection":[{"href":"https:\/\/www.movilidadmachala.gob.ec\/web\/wp-json\/wp\/v2\/posts"}],"about":[{"href":"https:\/\/www.movilidadmachala.gob.ec\/web\/wp-json\/wp\/v2\/types\/post"}],"author":[{"embeddable":true,"href":"https:\/\/www.movilidadmachala.gob.ec\/web\/wp-json\/wp\/v2\/users\/1"}],"replies":[{"embeddable":true,"href":"https:\/\/www.movilidadmachala.gob.ec\/web\/wp-json\/wp\/v2\/comments?post=1597"}],"version-history":[{"count":1,"href":"https:\/\/www.movilidadmachala.gob.ec\/web\/wp-json\/wp\/v2\/posts\/1597\/revisions"}],"predecessor-version":[{"id":1598,"href":"https:\/\/www.movilidadmachala.gob.ec\/web\/wp-json\/wp\/v2\/posts\/1597\/revisions\/1598"}],"wp:featuredmedia":[{"embeddable":true,"href":"https:\/\/www.movilidadmachala.gob.ec\/web\/wp-json\/wp\/v2\/media\/1591"}],"wp:attachment":[{"href":"https:\/\/www.movilidadmachala.gob.ec\/web\/wp-json\/wp\/v2\/media?parent=1597"}],"wp:term":[{"taxonomy":"category","embeddable":true,"href":"https:\/\/www.movilidadmachala.gob.ec\/web\/wp-json\/wp\/v2\/categories?post=1597"},{"taxonomy":"post_tag","embeddable":true,"href":"https:\/\/www.movilidadmachala.gob.ec\/web\/wp-json\/wp\/v2\/tags?post=1597"}],"curies":[{"name":"wp","href":"https:\/\/api.w.org\/{rel}","templated":true}]}}