{"id":1603,"date":"2021-10-15T09:39:01","date_gmt":"2021-10-15T14:39:01","guid":{"rendered":"https:\/\/www.movilidadmachala.gob.ec\/web\/?p=1603"},"modified":"2021-10-20T12:39:33","modified_gmt":"2021-10-20T17:39:33","slug":"centro-de-revision-tecnica-vehicular","status":"publish","type":"post","link":"https:\/\/www.movilidadmachala.gob.ec\/web\/centro-de-revision-tecnica-vehicular\/","title":{"rendered":"Centro de Revisi\u00f3n T\u00e9cnica Vehicular"},"content":{"rendered":"<div class=\"kvgmc6g5 cxmmr5t8 oygrvhab hcukyx3x c1et5uql ii04i59q\">\n<div dir=\"auto\"><a class=\"oajrlxb2 g5ia77u1 qu0x051f esr5mh6w e9989ue4 r7d6kgcz rq0escxv nhd2j8a9 nc684nl6 p7hjln8o kvgmc6g5 cxmmr5t8 oygrvhab hcukyx3x jb3vyjys rz4wbd8a qt6c0cv9 a8nywdso i1ao9s8h esuyzwwr f1sip0of lzcic4wl q66pz984 gpro0wi8 b1v8xokw\" tabindex=\"0\" role=\"link\" href=\"https:\/\/www.facebook.com\/hashtag\/rtv?__eep__=6&amp;__cft__[0]=AZUmqq6F24gL-9huaUxKPwKR8rzisARviqKtqNn_v-wKlZR1-KNlHJtb_d2xiproXryHBvZfaOxsTPgWdfkXfgBmQPYuZ_MbhMP5IpJckak-B4sdH0vSha35XbtoUJT7_YA1eVQWwHclH2AMoAE-xczZ5dkGLAHcFiUfVixJoWvyO6qgpoxqyJan1gITJ3NEWM8&amp;__tn__=*NK-R\">#RTV<\/a><\/div>\n<\/div>\n<div class=\"o9v6fnle cxmmr5t8 oygrvhab hcukyx3x c1et5uql ii04i59q\">\n<div dir=\"auto\">El mejor Centro de Revisi\u00f3n T\u00e9cnica Vehicular de la provincia de El Oro, atender\u00e1 a los usuarios desde el 18 de octubre del 2021.<\/div>\n<\/div>\n<div class=\"o9v6fnle cxmmr5t8 oygrvhab hcukyx3x c1et5uql ii04i59q\">\n<div dir=\"auto\">Inf\u00f3rmate a trav\u00e9s de nuestros canales oficiales y redes sociales.<\/div>\n<\/div>\n<div class=\"o9v6fnle cxmmr5t8 oygrvhab hcukyx3x c1et5uql ii04i59q\">\n<div dir=\"auto\"><a class=\"oajrlxb2 g5ia77u1 qu0x051f esr5mh6w e9989ue4 r7d6kgcz rq0escxv nhd2j8a9 nc684nl6 p7hjln8o kvgmc6g5 cxmmr5t8 oygrvhab hcukyx3x jb3vyjys rz4wbd8a qt6c0cv9 a8nywdso i1ao9s8h esuyzwwr f1sip0of lzcic4wl q66pz984 gpro0wi8 b1v8xokw\" tabindex=\"0\" role=\"link\" href=\"https:\/\/www.facebook.com\/hashtag\/trabajamosportuseguridadvial?__eep__=6&amp;__cft__[0]=AZUmqq6F24gL-9huaUxKPwKR8rzisARviqKtqNn_v-wKlZR1-KNlHJtb_d2xiproXryHBvZfaOxsTPgWdfkXfgBmQPYuZ_MbhMP5IpJckak-B4sdH0vSha35XbtoUJT7_YA1eVQWwHclH2AMoAE-xczZ5dkGLAHcFiUfVixJoWvyO6qgpoxqyJan1gITJ3NEWM8&amp;__tn__=*NK-R\">#TrabajamosPorTuSeguridadVial<\/a><\/div>\n<\/div>\n<div class=\"o9v6fnle cxmmr5t8 oygrvhab hcukyx3x c1et5uql ii04i59q\">\n<div dir=\"auto\"><a class=\"oajrlxb2 g5ia77u1 qu0x051f esr5mh6w e9989ue4 r7d6kgcz rq0escxv nhd2j8a9 nc684nl6 p7hjln8o kvgmc6g5 cxmmr5t8 oygrvhab hcukyx3x jb3vyjys rz4wbd8a qt6c0cv9 a8nywdso i1ao9s8h esuyzwwr f1sip0of lzcic4wl q66pz984 gpro0wi8 b1v8xokw\" tabindex=\"0\" role=\"link\" href=\"https:\/\/www.facebook.com\/hashtag\/movilidadmachalaep?__eep__=6&amp;__cft__[0]=AZUmqq6F24gL-9huaUxKPwKR8rzisARviqKtqNn_v-wKlZR1-KNlHJtb_d2xiproXryHBvZfaOxsTPgWdfkXfgBmQPYuZ_MbhMP5IpJckak-B4sdH0vSha35XbtoUJT7_YA1eVQWwHclH2AMoAE-xczZ5dkGLAHcFiUfVixJoWvyO6qgpoxqyJan1gITJ3NEWM8&amp;__tn__=*NK-R\">#MovilidadMachalaEP<\/a><\/div>\n<div dir=\"auto\"><a class=\"oajrlxb2 g5ia77u1 qu0x051f esr5mh6w e9989ue4 r7d6kgcz rq0escxv nhd2j8a9 nc684nl6 p7hjln8o kvgmc6g5 cxmmr5t8 oygrvhab hcukyx3x jb3vyjys rz4wbd8a qt6c0cv9 a8nywdso i1ao9s8h esuyzwwr f1sip0of lzcic4wl q66pz984 gpro0wi8 b1v8xokw\" tabindex=\"0\" role=\"link\" href=\"https:\/\/www.facebook.com\/hashtag\/dar%C3%ADomacasalcalde?__eep__=6&amp;__cft__[0]=AZUmqq6F24gL-9huaUxKPwKR8rzisARviqKtqNn_v-wKlZR1-KNlHJtb_d2xiproXryHBvZfaOxsTPgWdfkXfgBmQPYuZ_MbhMP5IpJckak-B4sdH0vSha35XbtoUJT7_YA1eVQWwHclH2AMoAE-xczZ5dkGLAHcFiUfVixJoWvyO6qgpoxqyJan1gITJ3NEWM8&amp;__tn__=*NK-R\">#Dar\u00edoMacasAlcalde<\/a><\/div>\n<\/div>\n","protected":false},"excerpt":{"rendered":"<p>#RTV El mejor Centro de Revisi\u00f3n T\u00e9cnica Vehicular de la provincia de El Oro, atender\u00e1 a los usuarios desde el 18 de octubre del 2021. Inf\u00f3rmate a trav\u00e9s de nuestros canales oficiales y redes sociales. #TrabajamosPorTuSeguridadVial #MovilidadMachalaEP #Dar\u00edoMacasAlcalde<\/p>\n","protected":false},"author":1,"featured_media":1584,"comment_status":"closed","ping_status":"closed","sticky":false,"template":"","format":"standard","meta":{"footnotes":""},"categories":[35],"tags":[],"class_list":["post-1603","post","type-post","status-publish","format-standard","has-post-thumbnail","hentry","category-noticias"],"_links":{"self":[{"href":"https:\/\/www.movilidadmachala.gob.ec\/web\/wp-json\/wp\/v2\/posts\/1603","targetHints":{"allow":["GET"]}}],"collection":[{"href":"https:\/\/www.movilidadmachala.gob.ec\/web\/wp-json\/wp\/v2\/posts"}],"about":[{"href":"https:\/\/www.movilidadmachala.gob.ec\/web\/wp-json\/wp\/v2\/types\/post"}],"author":[{"embeddable":true,"href":"https:\/\/www.movilidadmachala.gob.ec\/web\/wp-json\/wp\/v2\/users\/1"}],"replies":[{"embeddable":true,"href":"https:\/\/www.movilidadmachala.gob.ec\/web\/wp-json\/wp\/v2\/comments?post=1603"}],"version-history":[{"count":1,"href":"https:\/\/www.movilidadmachala.gob.ec\/web\/wp-json\/wp\/v2\/posts\/1603\/revisions"}],"predecessor-version":[{"id":1604,"href":"https:\/\/www.movilidadmachala.gob.ec\/web\/wp-json\/wp\/v2\/posts\/1603\/revisions\/1604"}],"wp:featuredmedia":[{"embeddable":true,"href":"https:\/\/www.movilidadmachala.gob.ec\/web\/wp-json\/wp\/v2\/media\/1584"}],"wp:attachment":[{"href":"https:\/\/www.movilidadmachala.gob.ec\/web\/wp-json\/wp\/v2\/media?parent=1603"}],"wp:term":[{"taxonomy":"category","embeddable":true,"href":"https:\/\/www.movilidadmachala.gob.ec\/web\/wp-json\/wp\/v2\/categories?post=1603"},{"taxonomy":"post_tag","embeddable":true,"href":"https:\/\/www.movilidadmachala.gob.ec\/web\/wp-json\/wp\/v2\/tags?post=1603"}],"curies":[{"name":"wp","href":"https:\/\/api.w.org\/{rel}","templated":true}]}}