{"id":1613,"date":"2021-10-18T07:43:26","date_gmt":"2021-10-18T12:43:26","guid":{"rendered":"https:\/\/www.movilidadmachala.gob.ec\/web\/?p=1613"},"modified":"2021-10-20T12:44:29","modified_gmt":"2021-10-20T17:44:29","slug":"atencion-en-el-nuevo-centro-de-revision-tecnica-vehicular","status":"publish","type":"post","link":"https:\/\/www.movilidadmachala.gob.ec\/web\/atencion-en-el-nuevo-centro-de-revision-tecnica-vehicular\/","title":{"rendered":"Atenci\u00f3n en el Nuevo Centro de Revisi\u00f3n T\u00e9cnica Vehicular"},"content":{"rendered":"<div class=\"kvgmc6g5 cxmmr5t8 oygrvhab hcukyx3x c1et5uql ii04i59q\">\n<div dir=\"auto\"><a class=\"oajrlxb2 g5ia77u1 qu0x051f esr5mh6w e9989ue4 r7d6kgcz rq0escxv nhd2j8a9 nc684nl6 p7hjln8o kvgmc6g5 cxmmr5t8 oygrvhab hcukyx3x jb3vyjys rz4wbd8a qt6c0cv9 a8nywdso i1ao9s8h esuyzwwr f1sip0of lzcic4wl q66pz984 gpro0wi8 b1v8xokw\" tabindex=\"0\" role=\"link\" href=\"https:\/\/www.facebook.com\/hashtag\/hoy?__eep__=6&amp;__cft__[0]=AZVLWERZWWoOf65iK6E4FDhtKr1n4Pm-TJWmYL7NhoLPp1fzf2JmNDaANBCMAzI3BzD5MYRYkc6CwlPe6OZIdb8JgzBmHUMhHB4t1ESgOuz85-Kue59PM4CXVOuKXtpKxZwgwaxJvv-6tmZ9TdjXy459PZmXvbE9RMAsKr6SPbaNJjJh9iB6AWKJ7iDuDwQbjag&amp;__tn__=*NK-R\">#HOY<\/a><\/div>\n<\/div>\n<div class=\"o9v6fnle cxmmr5t8 oygrvhab hcukyx3x c1et5uql ii04i59q\">\n<div dir=\"auto\">El mejor Centro de Revisi\u00f3n T\u00e9cnica Vehicular de la provincia de El Oro, atender\u00e1 a los usuarios desde hoy 18 de octubre del 2021<\/div>\n<\/div>\n<div class=\"o9v6fnle cxmmr5t8 oygrvhab hcukyx3x c1et5uql ii04i59q\">\n<div dir=\"auto\">Inf\u00f3rmate a trav\u00e9s de nuestros canales oficiales y redes sociales.<\/div>\n<\/div>\n<div class=\"o9v6fnle cxmmr5t8 oygrvhab hcukyx3x c1et5uql ii04i59q\">\n<div dir=\"auto\"><a class=\"oajrlxb2 g5ia77u1 qu0x051f esr5mh6w e9989ue4 r7d6kgcz rq0escxv nhd2j8a9 nc684nl6 p7hjln8o kvgmc6g5 cxmmr5t8 oygrvhab hcukyx3x jb3vyjys rz4wbd8a qt6c0cv9 a8nywdso i1ao9s8h esuyzwwr f1sip0of lzcic4wl q66pz984 gpro0wi8 b1v8xokw\" tabindex=\"0\" role=\"link\" href=\"https:\/\/www.facebook.com\/hashtag\/trabajamosportuseguridadvial?__eep__=6&amp;__cft__[0]=AZVLWERZWWoOf65iK6E4FDhtKr1n4Pm-TJWmYL7NhoLPp1fzf2JmNDaANBCMAzI3BzD5MYRYkc6CwlPe6OZIdb8JgzBmHUMhHB4t1ESgOuz85-Kue59PM4CXVOuKXtpKxZwgwaxJvv-6tmZ9TdjXy459PZmXvbE9RMAsKr6SPbaNJjJh9iB6AWKJ7iDuDwQbjag&amp;__tn__=*NK-R\">#TrabajamosPorTuSeguridadVial<\/a><\/div>\n<\/div>\n<div class=\"o9v6fnle cxmmr5t8 oygrvhab hcukyx3x c1et5uql ii04i59q\">\n<div dir=\"auto\"><a class=\"oajrlxb2 g5ia77u1 qu0x051f esr5mh6w e9989ue4 r7d6kgcz rq0escxv nhd2j8a9 nc684nl6 p7hjln8o kvgmc6g5 cxmmr5t8 oygrvhab hcukyx3x jb3vyjys rz4wbd8a qt6c0cv9 a8nywdso i1ao9s8h esuyzwwr f1sip0of lzcic4wl q66pz984 gpro0wi8 b1v8xokw\" tabindex=\"0\" role=\"link\" href=\"https:\/\/www.facebook.com\/hashtag\/movilidadmachalaep?__eep__=6&amp;__cft__[0]=AZVLWERZWWoOf65iK6E4FDhtKr1n4Pm-TJWmYL7NhoLPp1fzf2JmNDaANBCMAzI3BzD5MYRYkc6CwlPe6OZIdb8JgzBmHUMhHB4t1ESgOuz85-Kue59PM4CXVOuKXtpKxZwgwaxJvv-6tmZ9TdjXy459PZmXvbE9RMAsKr6SPbaNJjJh9iB6AWKJ7iDuDwQbjag&amp;__tn__=*NK-R\">#MovilidadMachalaEP<\/a><\/div>\n<div dir=\"auto\"><a class=\"oajrlxb2 g5ia77u1 qu0x051f esr5mh6w e9989ue4 r7d6kgcz rq0escxv nhd2j8a9 nc684nl6 p7hjln8o kvgmc6g5 cxmmr5t8 oygrvhab hcukyx3x jb3vyjys rz4wbd8a qt6c0cv9 a8nywdso i1ao9s8h esuyzwwr f1sip0of lzcic4wl q66pz984 gpro0wi8 b1v8xokw\" tabindex=\"0\" role=\"link\" href=\"https:\/\/www.facebook.com\/hashtag\/dar%C3%ADomacasalcalde?__eep__=6&amp;__cft__[0]=AZVLWERZWWoOf65iK6E4FDhtKr1n4Pm-TJWmYL7NhoLPp1fzf2JmNDaANBCMAzI3BzD5MYRYkc6CwlPe6OZIdb8JgzBmHUMhHB4t1ESgOuz85-Kue59PM4CXVOuKXtpKxZwgwaxJvv-6tmZ9TdjXy459PZmXvbE9RMAsKr6SPbaNJjJh9iB6AWKJ7iDuDwQbjag&amp;__tn__=*NK-R\">#Dar\u00edoMacasAlcalde<\/a><\/div>\n<\/div>\n","protected":false},"excerpt":{"rendered":"<p>#HOY El mejor Centro de Revisi\u00f3n T\u00e9cnica Vehicular de la provincia de El Oro, atender\u00e1 a los usuarios desde hoy 18 de octubre del 2021 Inf\u00f3rmate a trav\u00e9s de nuestros canales oficiales y redes sociales. #TrabajamosPorTuSeguridadVial #MovilidadMachalaEP #Dar\u00edoMacasAlcalde<\/p>\n","protected":false},"author":1,"featured_media":1584,"comment_status":"closed","ping_status":"closed","sticky":false,"template":"","format":"standard","meta":{"footnotes":""},"categories":[35],"tags":[],"class_list":["post-1613","post","type-post","status-publish","format-standard","has-post-thumbnail","hentry","category-noticias"],"_links":{"self":[{"href":"https:\/\/www.movilidadmachala.gob.ec\/web\/wp-json\/wp\/v2\/posts\/1613","targetHints":{"allow":["GET"]}}],"collection":[{"href":"https:\/\/www.movilidadmachala.gob.ec\/web\/wp-json\/wp\/v2\/posts"}],"about":[{"href":"https:\/\/www.movilidadmachala.gob.ec\/web\/wp-json\/wp\/v2\/types\/post"}],"author":[{"embeddable":true,"href":"https:\/\/www.movilidadmachala.gob.ec\/web\/wp-json\/wp\/v2\/users\/1"}],"replies":[{"embeddable":true,"href":"https:\/\/www.movilidadmachala.gob.ec\/web\/wp-json\/wp\/v2\/comments?post=1613"}],"version-history":[{"count":1,"href":"https:\/\/www.movilidadmachala.gob.ec\/web\/wp-json\/wp\/v2\/posts\/1613\/revisions"}],"predecessor-version":[{"id":1614,"href":"https:\/\/www.movilidadmachala.gob.ec\/web\/wp-json\/wp\/v2\/posts\/1613\/revisions\/1614"}],"wp:featuredmedia":[{"embeddable":true,"href":"https:\/\/www.movilidadmachala.gob.ec\/web\/wp-json\/wp\/v2\/media\/1584"}],"wp:attachment":[{"href":"https:\/\/www.movilidadmachala.gob.ec\/web\/wp-json\/wp\/v2\/media?parent=1613"}],"wp:term":[{"taxonomy":"category","embeddable":true,"href":"https:\/\/www.movilidadmachala.gob.ec\/web\/wp-json\/wp\/v2\/categories?post=1613"},{"taxonomy":"post_tag","embeddable":true,"href":"https:\/\/www.movilidadmachala.gob.ec\/web\/wp-json\/wp\/v2\/tags?post=1613"}],"curies":[{"name":"wp","href":"https:\/\/api.w.org\/{rel}","templated":true}]}}