{"id":1798,"date":"2021-10-29T13:55:46","date_gmt":"2021-10-29T18:55:46","guid":{"rendered":"https:\/\/www.movilidadmachala.gob.ec\/web\/?p=1798"},"modified":"2021-11-15T12:57:02","modified_gmt":"2021-11-15T17:57:02","slug":"ceremonia-por-el-dia-del-escudo-nacional","status":"publish","type":"post","link":"https:\/\/www.movilidadmachala.gob.ec\/web\/ceremonia-por-el-dia-del-escudo-nacional\/","title":{"rendered":"Ceremonia por el D\u00eda del Escudo Nacional"},"content":{"rendered":"<div class=\"kvgmc6g5 cxmmr5t8 oygrvhab hcukyx3x c1et5uql ii04i59q\">\n<div dir=\"auto\"><a class=\"oajrlxb2 g5ia77u1 qu0x051f esr5mh6w e9989ue4 r7d6kgcz rq0escxv nhd2j8a9 nc684nl6 p7hjln8o kvgmc6g5 cxmmr5t8 oygrvhab hcukyx3x jb3vyjys rz4wbd8a qt6c0cv9 a8nywdso i1ao9s8h esuyzwwr f1sip0of lzcic4wl q66pz984 gpro0wi8 b1v8xokw\" tabindex=\"0\" role=\"link\" href=\"https:\/\/www.facebook.com\/hashtag\/ceremoniad%C3%ADadelescudonacional?__eep__=6&amp;__cft__[0]=AZUBCuhQKboUm4rhC2yPt-uS95CG6rXRY3snMijXyEiWEc5Z-8SsEsca_Sxcm-Lqd5gJzcIzGV5AHlrr92Q46ehKlO5SLrji4GjGhBkb9n3Yy9QycK15oJ3Q1vO4RUCmIui0s_KqtxOT6c5PmDDT-FVA&amp;__tn__=*NK-R\">#CeremoniaD\u00edaDelEscudoNacional<\/a><\/div>\n<\/div>\n<div class=\"o9v6fnle cxmmr5t8 oygrvhab hcukyx3x c1et5uql ii04i59q\">\n<div dir=\"auto\">Esta ma\u00f1ana, el gerente Ing. Daniel Chan Mora, particip\u00f3 en la ceremonia c\u00edvico militar por conmemorarse el 31 de octubre el D\u00eda del Escudo Nacional, organizado por la Brigada de Infanter\u00eda Motorizada N\u00ba1 \u201cEl Oro\u201d<\/div>\n<\/div>\n<div class=\"o9v6fnle cxmmr5t8 oygrvhab hcukyx3x c1et5uql ii04i59q\">\n<div dir=\"auto\"><a class=\"oajrlxb2 g5ia77u1 qu0x051f esr5mh6w e9989ue4 r7d6kgcz rq0escxv nhd2j8a9 nc684nl6 p7hjln8o kvgmc6g5 cxmmr5t8 oygrvhab hcukyx3x jb3vyjys rz4wbd8a qt6c0cv9 a8nywdso i1ao9s8h esuyzwwr f1sip0of lzcic4wl q66pz984 gpro0wi8 b1v8xokw\" tabindex=\"0\" role=\"link\" href=\"https:\/\/www.facebook.com\/hashtag\/d%C3%ADaescudonacional?__eep__=6&amp;__cft__[0]=AZUBCuhQKboUm4rhC2yPt-uS95CG6rXRY3snMijXyEiWEc5Z-8SsEsca_Sxcm-Lqd5gJzcIzGV5AHlrr92Q46ehKlO5SLrji4GjGhBkb9n3Yy9QycK15oJ3Q1vO4RUCmIui0s_KqtxOT6c5PmDDT-FVA&amp;__tn__=*NK-R\">#D\u00edaEscudoNacional<\/a><\/div>\n<\/div>\n<div class=\"o9v6fnle cxmmr5t8 oygrvhab hcukyx3x c1et5uql ii04i59q\">\n<div dir=\"auto\"><a class=\"oajrlxb2 g5ia77u1 qu0x051f esr5mh6w e9989ue4 r7d6kgcz rq0escxv nhd2j8a9 nc684nl6 p7hjln8o kvgmc6g5 cxmmr5t8 oygrvhab hcukyx3x jb3vyjys rz4wbd8a qt6c0cv9 a8nywdso i1ao9s8h esuyzwwr f1sip0of lzcic4wl q66pz984 gpro0wi8 b1v8xokw\" tabindex=\"0\" role=\"link\" href=\"https:\/\/www.facebook.com\/hashtag\/movilidadmachalaep?__eep__=6&amp;__cft__[0]=AZUBCuhQKboUm4rhC2yPt-uS95CG6rXRY3snMijXyEiWEc5Z-8SsEsca_Sxcm-Lqd5gJzcIzGV5AHlrr92Q46ehKlO5SLrji4GjGhBkb9n3Yy9QycK15oJ3Q1vO4RUCmIui0s_KqtxOT6c5PmDDT-FVA&amp;__tn__=*NK-R\">#MovilidadMachalaEP<\/a><\/div>\n<div dir=\"auto\"><a class=\"oajrlxb2 g5ia77u1 qu0x051f esr5mh6w e9989ue4 r7d6kgcz rq0escxv nhd2j8a9 nc684nl6 p7hjln8o kvgmc6g5 cxmmr5t8 oygrvhab hcukyx3x jb3vyjys rz4wbd8a qt6c0cv9 a8nywdso i1ao9s8h esuyzwwr f1sip0of lzcic4wl q66pz984 gpro0wi8 b1v8xokw\" tabindex=\"0\" role=\"link\" href=\"https:\/\/www.facebook.com\/hashtag\/dar%C3%ADomacasalcalde?__eep__=6&amp;__cft__[0]=AZUBCuhQKboUm4rhC2yPt-uS95CG6rXRY3snMijXyEiWEc5Z-8SsEsca_Sxcm-Lqd5gJzcIzGV5AHlrr92Q46ehKlO5SLrji4GjGhBkb9n3Yy9QycK15oJ3Q1vO4RUCmIui0s_KqtxOT6c5PmDDT-FVA&amp;__tn__=*NK-R\">#Dar\u00edoMacasAlcalde<\/a><\/div>\n<\/div>\n<div dir=\"auto\"><\/div>\n<div dir=\"auto\"><img loading=\"lazy\" decoding=\"async\" class=\"alignnone  wp-image-1727 aligncenter\" src=\"https:\/\/www.movilidadmachala.gob.ec\/web\/wp-content\/uploads\/2021\/11\/248416426_853631295341524_8011019016383880471_n-300x225.jpeg\" alt=\"\" width=\"609\" height=\"457\" srcset=\"https:\/\/www.movilidadmachala.gob.ec\/web\/wp-content\/uploads\/2021\/11\/248416426_853631295341524_8011019016383880471_n-300x225.jpeg 300w, https:\/\/www.movilidadmachala.gob.ec\/web\/wp-content\/uploads\/2021\/11\/248416426_853631295341524_8011019016383880471_n-768x576.jpeg 768w, https:\/\/www.movilidadmachala.gob.ec\/web\/wp-content\/uploads\/2021\/11\/248416426_853631295341524_8011019016383880471_n-370x278.jpeg 370w, https:\/\/www.movilidadmachala.gob.ec\/web\/wp-content\/uploads\/2021\/11\/248416426_853631295341524_8011019016383880471_n-760x570.jpeg 760w, https:\/\/www.movilidadmachala.gob.ec\/web\/wp-content\/uploads\/2021\/11\/248416426_853631295341524_8011019016383880471_n.jpeg 960w\" sizes=\"auto, (max-width: 609px) 100vw, 609px\" \/><\/div>\n<div dir=\"auto\" style=\"text-align: center;\"><\/div>\n<div dir=\"auto\" style=\"text-align: center;\"><img loading=\"lazy\" decoding=\"async\" class=\"alignnone  wp-image-1726\" src=\"https:\/\/www.movilidadmachala.gob.ec\/web\/wp-content\/uploads\/2021\/11\/247672046_853631355341518_4763550413341980479_n-300x225.jpeg\" alt=\"\" width=\"604\" height=\"453\" srcset=\"https:\/\/www.movilidadmachala.gob.ec\/web\/wp-content\/uploads\/2021\/11\/247672046_853631355341518_4763550413341980479_n-300x225.jpeg 300w, https:\/\/www.movilidadmachala.gob.ec\/web\/wp-content\/uploads\/2021\/11\/247672046_853631355341518_4763550413341980479_n-768x576.jpeg 768w, https:\/\/www.movilidadmachala.gob.ec\/web\/wp-content\/uploads\/2021\/11\/247672046_853631355341518_4763550413341980479_n-370x278.jpeg 370w, https:\/\/www.movilidadmachala.gob.ec\/web\/wp-content\/uploads\/2021\/11\/247672046_853631355341518_4763550413341980479_n-760x570.jpeg 760w, https:\/\/www.movilidadmachala.gob.ec\/web\/wp-content\/uploads\/2021\/11\/247672046_853631355341518_4763550413341980479_n.jpeg 960w\" sizes=\"auto, (max-width: 604px) 100vw, 604px\" \/><\/div>\n<div dir=\"auto\" style=\"text-align: center;\"><\/div>\n<div dir=\"auto\"><img loading=\"lazy\" decoding=\"async\" class=\"alignnone  wp-image-1724 aligncenter\" src=\"https:\/\/www.movilidadmachala.gob.ec\/web\/wp-content\/uploads\/2021\/11\/248612935_853631462008174_2454753955845061851_n-300x225.jpeg\" alt=\"\" width=\"604\" height=\"453\" srcset=\"https:\/\/www.movilidadmachala.gob.ec\/web\/wp-content\/uploads\/2021\/11\/248612935_853631462008174_2454753955845061851_n-300x225.jpeg 300w, https:\/\/www.movilidadmachala.gob.ec\/web\/wp-content\/uploads\/2021\/11\/248612935_853631462008174_2454753955845061851_n-768x576.jpeg 768w, https:\/\/www.movilidadmachala.gob.ec\/web\/wp-content\/uploads\/2021\/11\/248612935_853631462008174_2454753955845061851_n-370x278.jpeg 370w, https:\/\/www.movilidadmachala.gob.ec\/web\/wp-content\/uploads\/2021\/11\/248612935_853631462008174_2454753955845061851_n-760x570.jpeg 760w, https:\/\/www.movilidadmachala.gob.ec\/web\/wp-content\/uploads\/2021\/11\/248612935_853631462008174_2454753955845061851_n.jpeg 960w\" sizes=\"auto, (max-width: 604px) 100vw, 604px\" \/><\/div>\n","protected":false},"excerpt":{"rendered":"<p>#CeremoniaD\u00edaDelEscudoNacional Esta ma\u00f1ana, el gerente Ing. Daniel Chan Mora, particip\u00f3 en la ceremonia c\u00edvico militar por conmemorarse el 31 de octubre el D\u00eda del Escudo Nacional, organizado por la Brigada de Infanter\u00eda Motorizada N\u00ba1 \u201cEl Oro\u201d #D\u00edaEscudoNacional #MovilidadMachalaEP #Dar\u00edoMacasAlcalde<\/p>\n","protected":false},"author":1,"featured_media":1725,"comment_status":"closed","ping_status":"closed","sticky":false,"template":"","format":"standard","meta":{"footnotes":""},"categories":[35],"tags":[],"class_list":["post-1798","post","type-post","status-publish","format-standard","has-post-thumbnail","hentry","category-noticias"],"_links":{"self":[{"href":"https:\/\/www.movilidadmachala.gob.ec\/web\/wp-json\/wp\/v2\/posts\/1798","targetHints":{"allow":["GET"]}}],"collection":[{"href":"https:\/\/www.movilidadmachala.gob.ec\/web\/wp-json\/wp\/v2\/posts"}],"about":[{"href":"https:\/\/www.movilidadmachala.gob.ec\/web\/wp-json\/wp\/v2\/types\/post"}],"author":[{"embeddable":true,"href":"https:\/\/www.movilidadmachala.gob.ec\/web\/wp-json\/wp\/v2\/users\/1"}],"replies":[{"embeddable":true,"href":"https:\/\/www.movilidadmachala.gob.ec\/web\/wp-json\/wp\/v2\/comments?post=1798"}],"version-history":[{"count":1,"href":"https:\/\/www.movilidadmachala.gob.ec\/web\/wp-json\/wp\/v2\/posts\/1798\/revisions"}],"predecessor-version":[{"id":1799,"href":"https:\/\/www.movilidadmachala.gob.ec\/web\/wp-json\/wp\/v2\/posts\/1798\/revisions\/1799"}],"wp:featuredmedia":[{"embeddable":true,"href":"https:\/\/www.movilidadmachala.gob.ec\/web\/wp-json\/wp\/v2\/media\/1725"}],"wp:attachment":[{"href":"https:\/\/www.movilidadmachala.gob.ec\/web\/wp-json\/wp\/v2\/media?parent=1798"}],"wp:term":[{"taxonomy":"category","embeddable":true,"href":"https:\/\/www.movilidadmachala.gob.ec\/web\/wp-json\/wp\/v2\/categories?post=1798"},{"taxonomy":"post_tag","embeddable":true,"href":"https:\/\/www.movilidadmachala.gob.ec\/web\/wp-json\/wp\/v2\/tags?post=1798"}],"curies":[{"name":"wp","href":"https:\/\/api.w.org\/{rel}","templated":true}]}}