{"id":1843,"date":"2021-11-04T12:17:59","date_gmt":"2021-11-04T17:17:59","guid":{"rendered":"https:\/\/www.movilidadmachala.gob.ec\/web\/?p=1843"},"modified":"2021-11-15T15:01:56","modified_gmt":"2021-11-15T20:01:56","slug":"informe-del-feriado-de-noviembre","status":"publish","type":"post","link":"https:\/\/www.movilidadmachala.gob.ec\/web\/informe-del-feriado-de-noviembre\/","title":{"rendered":"Informe del Feriado de Noviembre"},"content":{"rendered":"<div class=\"kvgmc6g5 cxmmr5t8 oygrvhab hcukyx3x c1et5uql ii04i59q\">\n<div dir=\"auto\"><a class=\"oajrlxb2 g5ia77u1 qu0x051f esr5mh6w e9989ue4 r7d6kgcz rq0escxv nhd2j8a9 nc684nl6 p7hjln8o kvgmc6g5 cxmmr5t8 oygrvhab hcukyx3x jb3vyjys rz4wbd8a qt6c0cv9 a8nywdso i1ao9s8h esuyzwwr f1sip0of lzcic4wl q66pz984 gpro0wi8 b1v8xokw\" tabindex=\"0\" role=\"link\" href=\"https:\/\/www.facebook.com\/hashtag\/movilidadinforma?__eep__=6&amp;__cft__[0]=AZUJ2StHaxCumItbRhQTSnUOjTtk5thjbcrbPor8RdwA-MZ78TTz6H47irf-9OEaI50CVVIcpfGM0sfHPw8KJgZBDxmvXkxuWot7XcVNfM-2c0pBm6zrInOdc4IN8NvFolx0vwzOG-V76KuaT-wVZQqz&amp;__tn__=*NK-R\">#MovilidadInforma<\/a><\/div>\n<\/div>\n<div class=\"o9v6fnle cxmmr5t8 oygrvhab hcukyx3x c1et5uql ii04i59q\">\n<div dir=\"auto\">Agradecemos a la ciudadan\u00eda por tomar conciencia sobre la importancia de respetar las leyes y normas de tr\u00e1nsito, los resultados en este <a class=\"oajrlxb2 g5ia77u1 qu0x051f esr5mh6w e9989ue4 r7d6kgcz rq0escxv nhd2j8a9 nc684nl6 p7hjln8o kvgmc6g5 cxmmr5t8 oygrvhab hcukyx3x jb3vyjys rz4wbd8a qt6c0cv9 a8nywdso i1ao9s8h esuyzwwr f1sip0of lzcic4wl q66pz984 gpro0wi8 b1v8xokw\" tabindex=\"0\" role=\"link\" href=\"https:\/\/www.facebook.com\/hashtag\/feriado?__eep__=6&amp;__cft__[0]=AZUJ2StHaxCumItbRhQTSnUOjTtk5thjbcrbPor8RdwA-MZ78TTz6H47irf-9OEaI50CVVIcpfGM0sfHPw8KJgZBDxmvXkxuWot7XcVNfM-2c0pBm6zrInOdc4IN8NvFolx0vwzOG-V76KuaT-wVZQqz&amp;__tn__=*NK-R\">#Feriado<\/a> fueron: 0 fallecidos.<\/div>\n<\/div>\n<div class=\"o9v6fnle cxmmr5t8 oygrvhab hcukyx3x c1et5uql ii04i59q\">\n<div dir=\"auto\">Continuaremos con campa\u00f1as de concientizaci\u00f3n a los conductores y peatones diariamente.<\/div>\n<\/div>\n<div class=\"o9v6fnle cxmmr5t8 oygrvhab hcukyx3x c1et5uql ii04i59q\">\n<div dir=\"auto\">\u00a1Por ti, por los dem\u00e1s y los que amas!<\/div>\n<\/div>\n<div class=\"o9v6fnle cxmmr5t8 oygrvhab hcukyx3x c1et5uql ii04i59q\">\n<div dir=\"auto\"><a class=\"oajrlxb2 g5ia77u1 qu0x051f esr5mh6w e9989ue4 r7d6kgcz rq0escxv nhd2j8a9 nc684nl6 p7hjln8o kvgmc6g5 cxmmr5t8 oygrvhab hcukyx3x jb3vyjys rz4wbd8a qt6c0cv9 a8nywdso i1ao9s8h esuyzwwr f1sip0of lzcic4wl q66pz984 gpro0wi8 b1v8xokw\" tabindex=\"0\" role=\"link\" href=\"https:\/\/www.facebook.com\/hashtag\/trabajamosportuseguridadvial?__eep__=6&amp;__cft__[0]=AZUJ2StHaxCumItbRhQTSnUOjTtk5thjbcrbPor8RdwA-MZ78TTz6H47irf-9OEaI50CVVIcpfGM0sfHPw8KJgZBDxmvXkxuWot7XcVNfM-2c0pBm6zrInOdc4IN8NvFolx0vwzOG-V76KuaT-wVZQqz&amp;__tn__=*NK-R\">#TrabajamosPorTuSeguridadVial<\/a><\/div>\n<\/div>\n<div class=\"o9v6fnle cxmmr5t8 oygrvhab hcukyx3x c1et5uql ii04i59q\">\n<div dir=\"auto\"><a class=\"oajrlxb2 g5ia77u1 qu0x051f esr5mh6w e9989ue4 r7d6kgcz rq0escxv nhd2j8a9 nc684nl6 p7hjln8o kvgmc6g5 cxmmr5t8 oygrvhab hcukyx3x jb3vyjys rz4wbd8a qt6c0cv9 a8nywdso i1ao9s8h esuyzwwr f1sip0of lzcic4wl q66pz984 gpro0wi8 b1v8xokw\" tabindex=\"0\" role=\"link\" href=\"https:\/\/www.facebook.com\/hashtag\/movilidadmachalaep?__eep__=6&amp;__cft__[0]=AZUJ2StHaxCumItbRhQTSnUOjTtk5thjbcrbPor8RdwA-MZ78TTz6H47irf-9OEaI50CVVIcpfGM0sfHPw8KJgZBDxmvXkxuWot7XcVNfM-2c0pBm6zrInOdc4IN8NvFolx0vwzOG-V76KuaT-wVZQqz&amp;__tn__=*NK-R\">#MovilidadMachalaEP<\/a><\/div>\n<div dir=\"auto\"><a class=\"oajrlxb2 g5ia77u1 qu0x051f esr5mh6w e9989ue4 r7d6kgcz rq0escxv nhd2j8a9 nc684nl6 p7hjln8o kvgmc6g5 cxmmr5t8 oygrvhab hcukyx3x jb3vyjys rz4wbd8a qt6c0cv9 a8nywdso i1ao9s8h esuyzwwr f1sip0of lzcic4wl q66pz984 gpro0wi8 b1v8xokw\" tabindex=\"0\" role=\"link\" href=\"https:\/\/www.facebook.com\/hashtag\/dar%C3%ADomacasalcalde?__eep__=6&amp;__cft__[0]=AZUJ2StHaxCumItbRhQTSnUOjTtk5thjbcrbPor8RdwA-MZ78TTz6H47irf-9OEaI50CVVIcpfGM0sfHPw8KJgZBDxmvXkxuWot7XcVNfM-2c0pBm6zrInOdc4IN8NvFolx0vwzOG-V76KuaT-wVZQqz&amp;__tn__=*NK-R\">#Dar\u00edoMacasAlcalde<\/a><\/div>\n<\/div>\n","protected":false},"excerpt":{"rendered":"<p>#MovilidadInforma Agradecemos a la ciudadan\u00eda por tomar conciencia sobre la importancia de respetar las leyes y normas de tr\u00e1nsito, los resultados en este #Feriado fueron: 0 fallecidos. Continuaremos con campa\u00f1as de concientizaci\u00f3n a los conductores y peatones diariamente. \u00a1Por ti,&hellip;<\/p>\n","protected":false},"author":1,"featured_media":1702,"comment_status":"closed","ping_status":"closed","sticky":false,"template":"","format":"standard","meta":{"footnotes":""},"categories":[35],"tags":[],"class_list":["post-1843","post","type-post","status-publish","format-standard","has-post-thumbnail","hentry","category-noticias"],"_links":{"self":[{"href":"https:\/\/www.movilidadmachala.gob.ec\/web\/wp-json\/wp\/v2\/posts\/1843","targetHints":{"allow":["GET"]}}],"collection":[{"href":"https:\/\/www.movilidadmachala.gob.ec\/web\/wp-json\/wp\/v2\/posts"}],"about":[{"href":"https:\/\/www.movilidadmachala.gob.ec\/web\/wp-json\/wp\/v2\/types\/post"}],"author":[{"embeddable":true,"href":"https:\/\/www.movilidadmachala.gob.ec\/web\/wp-json\/wp\/v2\/users\/1"}],"replies":[{"embeddable":true,"href":"https:\/\/www.movilidadmachala.gob.ec\/web\/wp-json\/wp\/v2\/comments?post=1843"}],"version-history":[{"count":1,"href":"https:\/\/www.movilidadmachala.gob.ec\/web\/wp-json\/wp\/v2\/posts\/1843\/revisions"}],"predecessor-version":[{"id":1844,"href":"https:\/\/www.movilidadmachala.gob.ec\/web\/wp-json\/wp\/v2\/posts\/1843\/revisions\/1844"}],"wp:featuredmedia":[{"embeddable":true,"href":"https:\/\/www.movilidadmachala.gob.ec\/web\/wp-json\/wp\/v2\/media\/1702"}],"wp:attachment":[{"href":"https:\/\/www.movilidadmachala.gob.ec\/web\/wp-json\/wp\/v2\/media?parent=1843"}],"wp:term":[{"taxonomy":"category","embeddable":true,"href":"https:\/\/www.movilidadmachala.gob.ec\/web\/wp-json\/wp\/v2\/categories?post=1843"},{"taxonomy":"post_tag","embeddable":true,"href":"https:\/\/www.movilidadmachala.gob.ec\/web\/wp-json\/wp\/v2\/tags?post=1843"}],"curies":[{"name":"wp","href":"https:\/\/api.w.org\/{rel}","templated":true}]}}