{"id":1870,"date":"2021-11-10T15:23:20","date_gmt":"2021-11-10T20:23:20","guid":{"rendered":"https:\/\/www.movilidadmachala.gob.ec\/web\/?p=1870"},"modified":"2022-11-13T19:22:07","modified_gmt":"2022-11-14T00:22:07","slug":"capacitacion-a-conductores-de-cooperativas-de-taxis-2","status":"publish","type":"post","link":"https:\/\/www.movilidadmachala.gob.ec\/web\/capacitacion-a-conductores-de-cooperativas-de-taxis-2\/","title":{"rendered":"Capacitaci\u00f3n a conductores de Cooperativas de Taxis"},"content":{"rendered":"<div class=\"kvgmc6g5 cxmmr5t8 oygrvhab hcukyx3x c1et5uql ii04i59q\">\n<div dir=\"auto\">\n<div class=\"o9v6fnle cxmmr5t8 oygrvhab hcukyx3x c1et5uql ii04i59q\">\n<div dir=\"auto\">Se contin\u00faa capacitando con temas de prevenci\u00f3n de accidentes de tr\u00e1nsito a los conductores de la Cooperativa de taxi <a class=\"oajrlxb2 g5ia77u1 qu0x051f esr5mh6w e9989ue4 r7d6kgcz rq0escxv nhd2j8a9 nc684nl6 p7hjln8o kvgmc6g5 cxmmr5t8 oygrvhab hcukyx3x jb3vyjys rz4wbd8a qt6c0cv9 a8nywdso i1ao9s8h esuyzwwr f1sip0of lzcic4wl q66pz984 gpro0wi8 b1v8xokw\" tabindex=\"0\" role=\"link\" href=\"https:\/\/www.facebook.com\/hashtag\/santaisabel?__eep__=6&amp;__cft__[0]=AZV_1biUrSaP-OAwwbLkA4qiZRLS8QIJf7TRxbxwnM7pl3CmAX1Po3BMs3duUCPtli_B8sp7N6Gid4Q9AA00vMbW0c2BCqnkgPFjPY9xEC_8km7VNYBPRNLTNPVOe63glP0gxJ4klqHeBQg6kihR-RcV&amp;__tn__=*NK-R\">#SantaIsabel<\/a><\/div>\n<\/div>\n<div class=\"o9v6fnle cxmmr5t8 oygrvhab hcukyx3x c1et5uql ii04i59q\">\n<div dir=\"auto\"><a class=\"oajrlxb2 g5ia77u1 qu0x051f esr5mh6w e9989ue4 r7d6kgcz rq0escxv nhd2j8a9 <a title=\"bursa escort\" href=\"https:\/\/papim.net\/istanbul\/bursa\/\" rel=\"dofollow\">bursa escort<\/a> nc684nl6 p7hjln8o kvgmc6g5 cxmmr5t8 oygrvhab hcukyx3x jb3vyjys rz4wbd8a qt6c0cv9 a8nywdso i1ao9s8h esuyzwwr f1sip0of lzcic4wl q66pz984 gpro0wi8 b1v8xokw\u00bb tabindex=\u00bb0&#8243; role=\u00bblink\u00bb href=\u00bbhttps:\/\/www.facebook.com\/hashtag\/taxiseguro?__eep__=6&amp;__cft__[0]=AZV_1biUrSaP-OAwwbLkA4qiZRLS8QIJf7TRxbxwnM7pl3CmAX1Po3BMs3duUCPtli_B8sp7N6Gid4Q9AA00vMbW0c2BCqnkgPFjPY9xEC_8km7VNYBPRNLTNPVOe63glP0gxJ4klqHeBQg6kihR-RcV&amp;__tn__=*NK-R\u00bb>#TaxiSeguro<\/a><\/div>\n<\/div>\n<div class=\"o9v6fnle cxmmr5t8 oygrvhab hcukyx3x c1et5uql ii04i59q\">\n<div dir=\"auto\"><a class=\"oajrlxb2 g5ia77u1 qu0x051f esr5mh6w e9989ue4 r7d6kgcz rq0escxv nhd2j8a9 nc684nl6 p7hjln8o kvgmc6g5 cxmmr5t8 oygrvhab hcukyx3x jb3vyjys rz4wbd8a qt6c0cv9 a8nywdso i1ao9s8h esuyzwwr f1sip0of lzcic4wl q66pz984 gpro0wi8 b1v8xokw\" tabindex=\"0\" role=\"link\" href=\"https:\/\/www.facebook.com\/hashtag\/trabajamosportuseguridadvial?__eep__=6&amp;__cft__[0]=AZV_1biUrSaP-OAwwbLkA4qiZRLS8QIJf7TRxbxwnM7pl3CmAX1Po3BMs3duUCPtli_B8sp7N6Gid4Q9AA00vMbW0c2BCqnkgPFjPY9xEC_8km7VNYBPRNLTNPVOe63glP0gxJ4klqHeBQg6kihR-RcV&amp;__tn__=*NK-R\">#TrabajamosPorTuSeguridadVial<\/a><\/div>\n<div dir=\"auto\"><a class=\"oajrlxb2 g5ia77u1 qu0x051f esr5mh6w e9989ue4 r7d6kgcz rq0escxv nhd2j8a9 nc684nl6 p7hjln8o kvgmc6g5 cxmmr5t8 oygrvhab hcukyx3x jb3vyjys rz4wbd8a qt6c0cv9 a8nywdso i1ao9s8h esuyzwwr f1sip0of lzcic4wl q66pz984 gpro0wi8 b1v8xokw\" tabindex=\"0\" role=\"link\" href=\"https:\/\/www.facebook.com\/hashtag\/movilidadmachalaep?__eep__=6&amp;__cft__[0]=AZV_1biUrSaP-OAwwbLkA4qiZRLS8QIJf7TRxbxwnM7pl3CmAX1Po3BMs3duUCPtli_B8sp7N6Gid4Q9AA00vMbW0c2BCqnkgPFjPY9xEC_8km7VNYBPRNLTNPVOe63glP0gxJ4klqHeBQg6kihR-RcV&amp;__tn__=*NK-R\">#MovilidadMachalaEP<\/a><\/div>\n<div dir=\"auto\"> e9989ue4 r7d6kgcz rq0escxv nhd2j8a9 nc684nl6 p7hjln8o kvgmc6g5 cxmmr5t8 oygrvhab hcukyx3x jb3vyjys rz4wbd8a qt6c0cv9 a8nywdso i1ao9s8h esuyzwwr f1sip0of lzcic4wl q66pz984 gpro0wi8 b1v8xokw\u00bb tabindex=\u00bb0&#8243; role=\u00bblink\u00bb href=\u00bbhttps:\/\/www.facebook.com\/hashtag\/dar%C3%ADomacasalcalde?__eep__=6&amp;__cft__[0]=AZV_1biUrSaP-OAwwbLkA4qiZRLS8QIJf7TRxbxwnM7pl3CmAX1Po3BMs3duUCPtli_B8sp7N6Gid4Q9AA00vMbW0c2BCqnkgPFjPY9xEC_8km7VNYBPRNLTNPVOe63glP0gxJ4klqHeBQg6kihR-RcV&amp;__tn__=*NK-R\u00bb>#Dar\u00edoMacasAlcalde<\/a><\/div>\n<\/div>\n<\/div>\n<\/div>\n<div dir=\"auto\"><img loading=\"lazy\" decoding=\"async\" class=\"wp-image-1674 aligncenter\" src=\"https:\/\/www.movilidadmachala.gob.ec\/web\/wp-content\/uploads\/2021\/11\/252508193_182119384110914_8608040695660915697_n-300x225.jpeg\" alt=\"\" width=\"639\" height=\"479\" srcset=\"https:\/\/www.movilidadmachala.gob.ec\/web\/wp-content\/uploads\/2021\/11\/252508193_182119384110914_8608040695660915697_n-300x225.jpeg 300w, https:\/\/www.movilidadmachala.gob.ec\/web\/wp-content\/uploads\/2021\/11\/252508193_182119384110914_8608040695660915697_n-1024x767.jpeg 1024w, https:\/\/www.movilidadmachala.gob.ec\/web\/wp-content\/uploads\/2021\/11\/252508193_182119384110914_8608040695660915697_n-768x575.jpeg 768w, https:\/\/www.movilidadmachala.gob.ec\/web\/wp-content\/uploads\/2021\/11\/252508193_182119384110914_8608040695660915697_n-370x277.jpeg 370w, https:\/\/www.movilidadmachala.gob.ec\/web\/wp-content\/uploads\/2021\/11\/252508193_182119384110914_8608040695660915697_n-760x569.jpeg 760w, https:\/\/www.movilidadmachala.gob.ec\/web\/wp-content\/uploads\/2021\/11\/252508193_182119384110914_8608040695660915697_n.jpeg 1280w\" sizes=\"auto, (max-width: 639px) 100vw, 639px\" \/><\/div>\n<div class=\"o9v6fnle cxmmr5t8 oygrvhab hcukyx3x c1et5uql ii04i59q\"><\/div>\n","protected":false},"excerpt":{"rendered":"<p>Se contin\u00faa capacitando con temas de prevenci\u00f3n de accidentes de tr\u00e1nsito a los conductores de la Cooperativa de taxi #SantaIsabel<\/p>\n","protected":false},"author":1,"featured_media":1675,"comment_status":"closed","ping_status":"closed","sticky":false,"template":"","format":"standard","meta":{"footnotes":""},"categories":[35],"tags":[],"class_list":["post-1870","post","type-post","status-publish","format-standard","has-post-thumbnail","hentry","category-noticias"],"_links":{"self":[{"href":"https:\/\/www.movilidadmachala.gob.ec\/web\/wp-json\/wp\/v2\/posts\/1870","targetHints":{"allow":["GET"]}}],"collection":[{"href":"https:\/\/www.movilidadmachala.gob.ec\/web\/wp-json\/wp\/v2\/posts"}],"about":[{"href":"https:\/\/www.movilidadmachala.gob.ec\/web\/wp-json\/wp\/v2\/types\/post"}],"author":[{"embeddable":true,"href":"https:\/\/www.movilidadmachala.gob.ec\/web\/wp-json\/wp\/v2\/users\/1"}],"replies":[{"embeddable":true,"href":"https:\/\/www.movilidadmachala.gob.ec\/web\/wp-json\/wp\/v2\/comments?post=1870"}],"version-history":[{"count":1,"href":"https:\/\/www.movilidadmachala.gob.ec\/web\/wp-json\/wp\/v2\/posts\/1870\/revisions"}],"predecessor-version":[{"id":1871,"href":"https:\/\/www.movilidadmachala.gob.ec\/web\/wp-json\/wp\/v2\/posts\/1870\/revisions\/1871"}],"wp:featuredmedia":[{"embeddable":true,"href":"https:\/\/www.movilidadmachala.gob.ec\/web\/wp-json\/wp\/v2\/media\/1675"}],"wp:attachment":[{"href":"https:\/\/www.movilidadmachala.gob.ec\/web\/wp-json\/wp\/v2\/media?parent=1870"}],"wp:term":[{"taxonomy":"category","embeddable":true,"href":"https:\/\/www.movilidadmachala.gob.ec\/web\/wp-json\/wp\/v2\/categories?post=1870"},{"taxonomy":"post_tag","embeddable":true,"href":"https:\/\/www.movilidadmachala.gob.ec\/web\/wp-json\/wp\/v2\/tags?post=1870"}],"curies":[{"name":"wp","href":"https:\/\/api.w.org\/{rel}","templated":true}]}}