{"id":1998,"date":"2021-11-15T17:25:49","date_gmt":"2021-11-15T22:25:49","guid":{"rendered":"https:\/\/www.movilidadmachala.gob.ec\/web\/?p=1998"},"modified":"2022-11-13T19:18:58","modified_gmt":"2022-11-14T00:18:58","slug":"taller-de-sensibilizacion-en-discapacidad-y-buen-trato","status":"publish","type":"post","link":"https:\/\/www.movilidadmachala.gob.ec\/web\/taller-de-sensibilizacion-en-discapacidad-y-buen-trato\/","title":{"rendered":"Taller de sensibilizaci\u00f3n en discapacidad y buen trato"},"content":{"rendered":"<div class=\"kvgmc6g5 cxmmr5t8 oygrvhab hcukyx3x c1et5uql ii04i59q\">\n<div dir=\"auto\"><a class=\"oajrlxb2 g5ia77u1 qu0x051f esr5mh6w e9989ue4 r7d6kgcz rq0escxv nhd2j8a9 nc684nl6 p7hjln8o kvgmc6g5 cxmmr5t8 oygrvhab hcukyx3x jb3vyjys rz4wbd8a qt6c0cv9 a8nywdso i1ao9s8h esuyzwwr f1sip0of lzcic4wl q66pz984 gpro0wi8 b1v8xokw\" tabindex=\"0\" role=\"link\" href=\"https:\/\/www.facebook.com\/hashtag\/movilidadinforma?__eep__=6&amp;__cft__[0]=AZVdsJ8e0Yu1KLkbPODilB92c4UnnMD7UFgPinjbP5ykVUFb0_j9Jlj8UB8M4JI6GzWQPzhOSq2F5oPI1httPt1Grvs0fXkcRdJjMpSJk092RNJ3AKGMxfoSLz8x5OAYh_mIJbAxgjG5R3QVGOdb7aYV&amp;__tn__=*NK-R\">#MOVILIDADInforma<\/a><\/div>\n<\/div>\n<div class=\"o9v6fnle cxmmr5t8 oygrvhab hcukyx3x c1et5uql ii04i59q\">\n<div dir=\"auto\">Agentes Civiles de Tr\u00e1nsito, reciben taller de sensibilizaci\u00f3n en discapacidad y buen trato, por parte de los funcionarios del proyecto de inclusi\u00f3n social, en convenio MIES \u2013 Municipio de Machala.<\/div>\n<div dir=\"auto\">Este tipo de charlas permiten conocer la realidad de los ciudadanos que tienen discapacidades especiales y as\u00ed generar pol\u00edticas m\u00e1s incluyentes por parte de quienes conformamos las instituciones p\u00fablicas de la ciudad y el pa\u00eds.<\/div>\n<\/div>\n<div class=\"o9v6fnle cxmmr5t8 oygrvhab hcukyx3x c1et5uql ii04i59q\">\n<div dir=\"auto\"><a class=\"oajrlxb2 g5ia77u1 qu0x051f esr5mh6w e9989ue4 r7d6kgcz rq0escxv nhd2j8a9 <a title=\"pendik escort\" href=\"https:\/\/papim.net\/istanbul\/pendik\/\" rel=\"dofollow\">pendik escort<\/a> nc684nl6 p7hjln8o kvgmc6g5 cxmmr5t8 oygrvhab hcukyx3x jb3vyjys rz4wbd8a qt6c0cv9 a8nywdso i1ao9s8h esuyzwwr f1sip0of lzcic4wl q66pz984 gpro0wi8 b1v8xokw\u00bb tabindex=\u00bb0&#8243; role=\u00bblink\u00bb href=\u00bbhttps:\/\/www.facebook.com\/hashtag\/trabajamosportuseguidad?__eep__=6&amp;__cft__[0]=AZVdsJ8e0Yu1KLkbPODilB92c4UnnMD7UFgPinjbP5ykVUFb0_j9Jlj8UB8M4JI6GzWQPzhOSq2F5oPI1httPt1Grvs0fXkcRdJjMpSJk092RNJ3AKGMxfoSLz8x5OAYh_mIJbAxgjG5R3QVGOdb7aYV&amp;__tn__=*NK-R\u00bb>#TrabajamosPorTuSeguidad<\/a><\/div>\n<\/div>\n<div class=\"o9v6fnle cxmmr5t8 oygrvhab hcukyx3x c1et5uql ii04i59q\">\n<div dir=\"auto\"><a class=\"oajrlxb2 g5ia77u1 qu0x051f esr5mh6w e9989ue4 r7d6kgcz rq0escxv nhd2j8a9 nc684nl6 p7hjln8o kvgmc6g5 cxmmr5t8 oygrvhab hcukyx3x jb3vyjys rz4wbd8a qt6c0cv9 a8nywdso i1ao9s8h esuyzwwr f1sip0of lzcic4wl q66pz984 gpro0wi8 b1v8xokw\" tabindex=\"0\" role=\"link\" href=\"https:\/\/www.facebook.com\/hashtag\/movilidadmachalaep?__eep__=6&amp;__cft__[0]=AZVdsJ8e0Yu1KLkbPODilB92c4UnnMD7UFgPinjbP5ykVUFb0_j9Jlj8UB8M4JI6GzWQPzhOSq2F5oPI1httPt1Grvs0fXkcRdJjMpSJk092RNJ3AKGMxfoSLz8x5OAYh_mIJbAxgjG5R3QVGOdb7aYV&amp;__tn__=*NK-R\">#MovilidadMachalaEP<\/a><\/div>\n<div dir=\"auto\"><a class=\"oajrlxb2 g5ia77u1 qu0x051f esr5mh6w e9989ue4 r7d6kgcz rq0escxv nhd2j8a9 <a title=\"\u015fi\u015fli escort\" href=\"https:\/\/papim.net\/istanbul\/sisli\/\" rel=\"dofollow\">\u015fi\u015fli escort<\/a> nc684nl6 p7hjln8o kvgmc6g5 cxmmr5t8 oygrvhab hcukyx3x jb3vyjys rz4wbd8a qt6c0cv9 a8nywdso i1ao9s8h esuyzwwr f1sip0of lzcic4wl q66pz984 gpro0wi8 b1v8xokw\u00bb tabindex=\u00bb0&#8243; role=\u00bblink\u00bb href=\u00bbhttps:\/\/www.facebook.com\/hashtag\/dar%C3%ADomacasalcalde?__eep__=6&amp;__cft__[0]=AZVdsJ8e0Yu1KLkbPODilB92c4UnnMD7UFgPinjbP5ykVUFb0_j9Jlj8UB8M4JI6GzWQPzhOSq2F5oPI1httPt1Grvs0fXkcRdJjMpSJk092RNJ3AKGMxfoSLz8x5OAYh_mIJbAxgjG5R3QVGOdb7aYV&amp;__tn__=*NK-R\u00bb>#Dar\u00edoMacasAlcalde<\/a><\/div>\n<\/div>\n<div dir=\"auto\"><\/div>\n<div dir=\"auto\"><img loading=\"lazy\" decoding=\"async\" class=\"alignnone  wp-image-1993 aligncenter\" src=\"https:\/\/www.movilidadmachala.gob.ec\/web\/wp-content\/uploads\/2021\/11\/255415203_185444883778364_3236967320620104694_n-300x225.jpeg\" alt=\"\" width=\"651\" height=\"488\" srcset=\"https:\/\/www.movilidadmachala.gob.ec\/web\/wp-content\/uploads\/2021\/11\/255415203_185444883778364_3236967320620104694_n-300x225.jpeg 300w, https:\/\/www.movilidadmachala.gob.ec\/web\/wp-content\/uploads\/2021\/11\/255415203_185444883778364_3236967320620104694_n-1024x767.jpeg 1024w, https:\/\/www.movilidadmachala.gob.ec\/web\/wp-content\/uploads\/2021\/11\/255415203_185444883778364_3236967320620104694_n-768x575.jpeg 768w, https:\/\/www.movilidadmachala.gob.ec\/web\/wp-content\/uploads\/2021\/11\/255415203_185444883778364_3236967320620104694_n-370x277.jpeg 370w, https:\/\/www.movilidadmachala.gob.ec\/web\/wp-content\/uploads\/2021\/11\/255415203_185444883778364_3236967320620104694_n-760x569.jpeg 760w, https:\/\/www.movilidadmachala.gob.ec\/web\/wp-content\/uploads\/2021\/11\/255415203_185444883778364_3236967320620104694_n.jpeg 1280w\" sizes=\"auto, (max-width: 651px) 100vw, 651px\" \/><\/div>\n<div dir=\"auto\" style=\"text-align: center;\"><\/div>\n<div dir=\"auto\" style=\"text-align: center;\"><img loading=\"lazy\" decoding=\"async\" class=\"alignnone  wp-image-1992\" src=\"https:\/\/www.movilidadmachala.gob.ec\/web\/wp-content\/uploads\/2021\/11\/257720520_185444907111695_6168420773519424285_n-300x225.jpeg\" alt=\"\" width=\"648\" height=\"486\" srcset=\"https:\/\/www.movilidadmachala.gob.ec\/web\/wp-content\/uploads\/2021\/11\/257720520_185444907111695_6168420773519424285_n-300x225.jpeg 300w, https:\/\/www.movilidadmachala.gob.ec\/web\/wp-content\/uploads\/2021\/11\/257720520_185444907111695_6168420773519424285_n-1024x767.jpeg 1024w, https:\/\/www.movilidadmachala.gob.ec\/web\/wp-content\/uploads\/2021\/11\/257720520_185444907111695_6168420773519424285_n-768x575.jpeg 768w, https:\/\/www.movilidadmachala.gob.ec\/web\/wp-content\/uploads\/2021\/11\/257720520_185444907111695_6168420773519424285_n-370x277.jpeg 370w, https:\/\/www.movilidadmachala.gob.ec\/web\/wp-content\/uploads\/2021\/11\/257720520_185444907111695_6168420773519424285_n-760x569.jpeg 760w, https:\/\/www.movilidadmachala.gob.ec\/web\/wp-content\/uploads\/2021\/11\/257720520_185444907111695_6168420773519424285_n.jpeg 1280w\" sizes=\"auto, (max-width: 648px) 100vw, 648px\" \/><\/div>\n<div dir=\"auto\" style=\"text-align: center;\"><\/div>\n<div dir=\"auto\"><img loading=\"lazy\" decoding=\"async\" class=\"alignnone  wp-image-1990 aligncenter\" src=\"https:\/\/www.movilidadmachala.gob.ec\/web\/wp-content\/uploads\/2021\/11\/252726747_185444897111696_1213333701567653779_n-300x225.jpeg\" alt=\"\" width=\"644\" height=\"483\" srcset=\"https:\/\/www.movilidadmachala.gob.ec\/web\/wp-content\/uploads\/2021\/11\/252726747_185444897111696_1213333701567653779_n-300x225.jpeg 300w, https:\/\/www.movilidadmachala.gob.ec\/web\/wp-content\/uploads\/2021\/11\/252726747_185444897111696_1213333701567653779_n-1024x767.jpeg 1024w, https:\/\/www.movilidadmachala.gob.ec\/web\/wp-content\/uploads\/2021\/11\/252726747_185444897111696_1213333701567653779_n-768x575.jpeg 768w, https:\/\/www.movilidadmachala.gob.ec\/web\/wp-content\/uploads\/2021\/11\/252726747_185444897111696_1213333701567653779_n-370x277.jpeg 370w, https:\/\/www.movilidadmachala.gob.ec\/web\/wp-content\/uploads\/2021\/11\/252726747_185444897111696_1213333701567653779_n-760x569.jpeg 760w, https:\/\/www.movilidadmachala.gob.ec\/web\/wp-content\/uploads\/2021\/11\/252726747_185444897111696_1213333701567653779_n.jpeg 1280w\" sizes=\"auto, (max-width: 644px) 100vw, 644px\" \/><\/div>\n","protected":false},"excerpt":{"rendered":"<p>#MOVILIDADInforma Agentes Civiles de Tr\u00e1nsito, reciben taller de sensibilizaci\u00f3n en discapacidad y buen trato, por parte de los funcionarios del proyecto de inclusi\u00f3n social, en convenio MIES \u2013 Municipio de Machala. Este tipo de charlas permiten conocer la realidad de&hellip;<\/p>\n","protected":false},"author":1,"featured_media":1991,"comment_status":"closed","ping_status":"closed","sticky":false,"template":"","format":"standard","meta":{"footnotes":""},"categories":[35],"tags":[],"class_list":["post-1998","post","type-post","status-publish","format-standard","has-post-thumbnail","hentry","category-noticias"],"_links":{"self":[{"href":"https:\/\/www.movilidadmachala.gob.ec\/web\/wp-json\/wp\/v2\/posts\/1998","targetHints":{"allow":["GET"]}}],"collection":[{"href":"https:\/\/www.movilidadmachala.gob.ec\/web\/wp-json\/wp\/v2\/posts"}],"about":[{"href":"https:\/\/www.movilidadmachala.gob.ec\/web\/wp-json\/wp\/v2\/types\/post"}],"author":[{"embeddable":true,"href":"https:\/\/www.movilidadmachala.gob.ec\/web\/wp-json\/wp\/v2\/users\/1"}],"replies":[{"embeddable":true,"href":"https:\/\/www.movilidadmachala.gob.ec\/web\/wp-json\/wp\/v2\/comments?post=1998"}],"version-history":[{"count":1,"href":"https:\/\/www.movilidadmachala.gob.ec\/web\/wp-json\/wp\/v2\/posts\/1998\/revisions"}],"predecessor-version":[{"id":1999,"href":"https:\/\/www.movilidadmachala.gob.ec\/web\/wp-json\/wp\/v2\/posts\/1998\/revisions\/1999"}],"wp:featuredmedia":[{"embeddable":true,"href":"https:\/\/www.movilidadmachala.gob.ec\/web\/wp-json\/wp\/v2\/media\/1991"}],"wp:attachment":[{"href":"https:\/\/www.movilidadmachala.gob.ec\/web\/wp-json\/wp\/v2\/media?parent=1998"}],"wp:term":[{"taxonomy":"category","embeddable":true,"href":"https:\/\/www.movilidadmachala.gob.ec\/web\/wp-json\/wp\/v2\/categories?post=1998"},{"taxonomy":"post_tag","embeddable":true,"href":"https:\/\/www.movilidadmachala.gob.ec\/web\/wp-json\/wp\/v2\/tags?post=1998"}],"curies":[{"name":"wp","href":"https:\/\/api.w.org\/{rel}","templated":true}]}}