{"id":2004,"date":"2021-11-16T10:08:47","date_gmt":"2021-11-16T15:08:47","guid":{"rendered":"https:\/\/www.movilidadmachala.gob.ec\/web\/?p=2004"},"modified":"2021-11-29T15:11:25","modified_gmt":"2021-11-29T20:11:25","slug":"participacion-en-casa-abierta-homenaje-a-las-personas-fallecidas-en-accidentes-de-transito","status":"publish","type":"post","link":"https:\/\/www.movilidadmachala.gob.ec\/web\/participacion-en-casa-abierta-homenaje-a-las-personas-fallecidas-en-accidentes-de-transito\/","title":{"rendered":"Participaci\u00f3n en casa abierta \u201cHomenaje a las personas fallecidas en accidentes de tr\u00e1nsito\u201d"},"content":{"rendered":"<div class=\"kvgmc6g5 cxmmr5t8 oygrvhab hcukyx3x c1et5uql ii04i59q\">\n<div dir=\"auto\"><a class=\"oajrlxb2 g5ia77u1 qu0x051f esr5mh6w e9989ue4 r7d6kgcz rq0escxv nhd2j8a9 nc684nl6 p7hjln8o kvgmc6g5 cxmmr5t8 oygrvhab hcukyx3x jb3vyjys rz4wbd8a qt6c0cv9 a8nywdso i1ao9s8h esuyzwwr f1sip0of lzcic4wl q66pz984 gpro0wi8 b1v8xokw\" tabindex=\"0\" role=\"link\" href=\"https:\/\/www.facebook.com\/hashtag\/movilidadinforma?__eep__=6&amp;__cft__[0]=AZXzWZthTLEXYueei2Nh_zjduaiocIjfUPwvWcoIvNyf4Csn-SqITuhRZOVlrJ86ASnUAOsEWStvjmfy2rcZwObHAZNwQNBGBWc2iZ5BZJ8kPlcX6wo7VKlDFVwFnO63tXKEoFhlLqdFknNaZLYssjXf&amp;__tn__=*NK-R\">#MOVILIDADInforma<\/a><\/div>\n<\/div>\n<div class=\"o9v6fnle cxmmr5t8 oygrvhab hcukyx3x c1et5uql ii04i59q\">\n<div dir=\"auto\">Movilidad Machala EP, particip\u00f3 en la casa abierta \u201cHomenaje a las personas fallecidas en accidentes de tr\u00e1nsito\u201d, organizado por la Escuela de Capacitaci\u00f3n para Conductores Profesionales del Sindicato de Choferes Profesionales de Machala. El evento se realiz\u00f3 el lunes 15 de noviembre en la concha ac\u00fastica del Parque Zoila Ugarte.<\/div>\n<\/div>\n<div class=\"o9v6fnle cxmmr5t8 oygrvhab hcukyx3x c1et5uql ii04i59q\">\n<div dir=\"auto\"><a class=\"oajrlxb2 g5ia77u1 qu0x051f esr5mh6w e9989ue4 r7d6kgcz rq0escxv nhd2j8a9 nc684nl6 p7hjln8o kvgmc6g5 cxmmr5t8 oygrvhab hcukyx3x jb3vyjys rz4wbd8a qt6c0cv9 a8nywdso i1ao9s8h esuyzwwr f1sip0of lzcic4wl q66pz984 gpro0wi8 b1v8xokw\" tabindex=\"0\" role=\"link\" href=\"https:\/\/www.facebook.com\/hashtag\/trabajamosportuseguidad?__eep__=6&amp;__cft__[0]=AZXzWZthTLEXYueei2Nh_zjduaiocIjfUPwvWcoIvNyf4Csn-SqITuhRZOVlrJ86ASnUAOsEWStvjmfy2rcZwObHAZNwQNBGBWc2iZ5BZJ8kPlcX6wo7VKlDFVwFnO63tXKEoFhlLqdFknNaZLYssjXf&amp;__tn__=*NK-R\">#TrabajamosPorTuSeguidad<\/a><\/div>\n<\/div>\n<div class=\"o9v6fnle cxmmr5t8 oygrvhab hcukyx3x c1et5uql ii04i59q\">\n<div dir=\"auto\"><a class=\"oajrlxb2 g5ia77u1 qu0x051f esr5mh6w e9989ue4 r7d6kgcz rq0escxv nhd2j8a9 nc684nl6 p7hjln8o kvgmc6g5 cxmmr5t8 oygrvhab hcukyx3x jb3vyjys rz4wbd8a qt6c0cv9 a8nywdso i1ao9s8h esuyzwwr f1sip0of lzcic4wl q66pz984 gpro0wi8 b1v8xokw\" tabindex=\"0\" role=\"link\" href=\"https:\/\/www.facebook.com\/hashtag\/movilidadmachalaep?__eep__=6&amp;__cft__[0]=AZXzWZthTLEXYueei2Nh_zjduaiocIjfUPwvWcoIvNyf4Csn-SqITuhRZOVlrJ86ASnUAOsEWStvjmfy2rcZwObHAZNwQNBGBWc2iZ5BZJ8kPlcX6wo7VKlDFVwFnO63tXKEoFhlLqdFknNaZLYssjXf&amp;__tn__=*NK-R\">#MovilidadMachalaEP<\/a><\/div>\n<div dir=\"auto\"><a class=\"oajrlxb2 g5ia77u1 qu0x051f esr5mh6w e9989ue4 r7d6kgcz rq0escxv nhd2j8a9 nc684nl6 p7hjln8o kvgmc6g5 cxmmr5t8 oygrvhab hcukyx3x jb3vyjys rz4wbd8a qt6c0cv9 a8nywdso i1ao9s8h esuyzwwr f1sip0of lzcic4wl q66pz984 gpro0wi8 b1v8xokw\" tabindex=\"0\" role=\"link\" href=\"https:\/\/www.facebook.com\/hashtag\/dar%C3%ADomacasalcalde?__eep__=6&amp;__cft__[0]=AZXzWZthTLEXYueei2Nh_zjduaiocIjfUPwvWcoIvNyf4Csn-SqITuhRZOVlrJ86ASnUAOsEWStvjmfy2rcZwObHAZNwQNBGBWc2iZ5BZJ8kPlcX6wo7VKlDFVwFnO63tXKEoFhlLqdFknNaZLYssjXf&amp;__tn__=*NK-R\">#Dar\u00edoMacasAlcalde<\/a><\/div>\n<\/div>\n<div dir=\"auto\"><\/div>\n<div dir=\"auto\"><img loading=\"lazy\" decoding=\"async\" class=\"alignnone  wp-image-1983 aligncenter\" src=\"https:\/\/www.movilidadmachala.gob.ec\/web\/wp-content\/uploads\/2021\/11\/257834306_185916713731181_8022485420791749492_n-300x225.jpeg\" alt=\"\" width=\"616\" height=\"462\" srcset=\"https:\/\/www.movilidadmachala.gob.ec\/web\/wp-content\/uploads\/2021\/11\/257834306_185916713731181_8022485420791749492_n-300x225.jpeg 300w, https:\/\/www.movilidadmachala.gob.ec\/web\/wp-content\/uploads\/2021\/11\/257834306_185916713731181_8022485420791749492_n-1024x767.jpeg 1024w, https:\/\/www.movilidadmachala.gob.ec\/web\/wp-content\/uploads\/2021\/11\/257834306_185916713731181_8022485420791749492_n-768x575.jpeg 768w, https:\/\/www.movilidadmachala.gob.ec\/web\/wp-content\/uploads\/2021\/11\/257834306_185916713731181_8022485420791749492_n-370x277.jpeg 370w, https:\/\/www.movilidadmachala.gob.ec\/web\/wp-content\/uploads\/2021\/11\/257834306_185916713731181_8022485420791749492_n-760x569.jpeg 760w, https:\/\/www.movilidadmachala.gob.ec\/web\/wp-content\/uploads\/2021\/11\/257834306_185916713731181_8022485420791749492_n.jpeg 1280w\" sizes=\"auto, (max-width: 616px) 100vw, 616px\" \/><\/div>\n<div dir=\"auto\" style=\"text-align: center;\"><\/div>\n<div dir=\"auto\" style=\"text-align: center;\"><img loading=\"lazy\" decoding=\"async\" class=\"alignnone  wp-image-1984\" src=\"https:\/\/www.movilidadmachala.gob.ec\/web\/wp-content\/uploads\/2021\/11\/253672471_185916717064514_4616765053455975605_n-300x225.jpeg\" alt=\"\" width=\"615\" height=\"461\" srcset=\"https:\/\/www.movilidadmachala.gob.ec\/web\/wp-content\/uploads\/2021\/11\/253672471_185916717064514_4616765053455975605_n-300x225.jpeg 300w, https:\/\/www.movilidadmachala.gob.ec\/web\/wp-content\/uploads\/2021\/11\/253672471_185916717064514_4616765053455975605_n-1024x767.jpeg 1024w, https:\/\/www.movilidadmachala.gob.ec\/web\/wp-content\/uploads\/2021\/11\/253672471_185916717064514_4616765053455975605_n-768x575.jpeg 768w, https:\/\/www.movilidadmachala.gob.ec\/web\/wp-content\/uploads\/2021\/11\/253672471_185916717064514_4616765053455975605_n-370x277.jpeg 370w, https:\/\/www.movilidadmachala.gob.ec\/web\/wp-content\/uploads\/2021\/11\/253672471_185916717064514_4616765053455975605_n-760x569.jpeg 760w, https:\/\/www.movilidadmachala.gob.ec\/web\/wp-content\/uploads\/2021\/11\/253672471_185916717064514_4616765053455975605_n.jpeg 1280w\" sizes=\"auto, (max-width: 615px) 100vw, 615px\" \/><\/div>\n<div dir=\"auto\" style=\"text-align: center;\"><\/div>\n<div dir=\"auto\"><img loading=\"lazy\" decoding=\"async\" class=\"alignnone  wp-image-1985 aligncenter\" src=\"https:\/\/www.movilidadmachala.gob.ec\/web\/wp-content\/uploads\/2021\/11\/248352738_185916727064513_3855849398889709872_n-300x225.jpeg\" alt=\"\" width=\"612\" height=\"459\" srcset=\"https:\/\/www.movilidadmachala.gob.ec\/web\/wp-content\/uploads\/2021\/11\/248352738_185916727064513_3855849398889709872_n-300x225.jpeg 300w, https:\/\/www.movilidadmachala.gob.ec\/web\/wp-content\/uploads\/2021\/11\/248352738_185916727064513_3855849398889709872_n-1024x767.jpeg 1024w, https:\/\/www.movilidadmachala.gob.ec\/web\/wp-content\/uploads\/2021\/11\/248352738_185916727064513_3855849398889709872_n-768x575.jpeg 768w, https:\/\/www.movilidadmachala.gob.ec\/web\/wp-content\/uploads\/2021\/11\/248352738_185916727064513_3855849398889709872_n-370x277.jpeg 370w, https:\/\/www.movilidadmachala.gob.ec\/web\/wp-content\/uploads\/2021\/11\/248352738_185916727064513_3855849398889709872_n-760x569.jpeg 760w, https:\/\/www.movilidadmachala.gob.ec\/web\/wp-content\/uploads\/2021\/11\/248352738_185916727064513_3855849398889709872_n.jpeg 1280w\" sizes=\"auto, (max-width: 612px) 100vw, 612px\" \/><\/div>\n","protected":false},"excerpt":{"rendered":"<p>#MOVILIDADInforma Movilidad Machala EP, particip\u00f3 en la casa abierta \u201cHomenaje a las personas fallecidas en accidentes de tr\u00e1nsito\u201d, organizado por la Escuela de Capacitaci\u00f3n para Conductores Profesionales del Sindicato de Choferes Profesionales de Machala. El evento se realiz\u00f3 el lunes&hellip;<\/p>\n","protected":false},"author":1,"featured_media":1982,"comment_status":"closed","ping_status":"closed","sticky":false,"template":"","format":"standard","meta":{"footnotes":""},"categories":[35],"tags":[],"class_list":["post-2004","post","type-post","status-publish","format-standard","has-post-thumbnail","hentry","category-noticias"],"_links":{"self":[{"href":"https:\/\/www.movilidadmachala.gob.ec\/web\/wp-json\/wp\/v2\/posts\/2004","targetHints":{"allow":["GET"]}}],"collection":[{"href":"https:\/\/www.movilidadmachala.gob.ec\/web\/wp-json\/wp\/v2\/posts"}],"about":[{"href":"https:\/\/www.movilidadmachala.gob.ec\/web\/wp-json\/wp\/v2\/types\/post"}],"author":[{"embeddable":true,"href":"https:\/\/www.movilidadmachala.gob.ec\/web\/wp-json\/wp\/v2\/users\/1"}],"replies":[{"embeddable":true,"href":"https:\/\/www.movilidadmachala.gob.ec\/web\/wp-json\/wp\/v2\/comments?post=2004"}],"version-history":[{"count":1,"href":"https:\/\/www.movilidadmachala.gob.ec\/web\/wp-json\/wp\/v2\/posts\/2004\/revisions"}],"predecessor-version":[{"id":2005,"href":"https:\/\/www.movilidadmachala.gob.ec\/web\/wp-json\/wp\/v2\/posts\/2004\/revisions\/2005"}],"wp:featuredmedia":[{"embeddable":true,"href":"https:\/\/www.movilidadmachala.gob.ec\/web\/wp-json\/wp\/v2\/media\/1982"}],"wp:attachment":[{"href":"https:\/\/www.movilidadmachala.gob.ec\/web\/wp-json\/wp\/v2\/media?parent=2004"}],"wp:term":[{"taxonomy":"category","embeddable":true,"href":"https:\/\/www.movilidadmachala.gob.ec\/web\/wp-json\/wp\/v2\/categories?post=2004"},{"taxonomy":"post_tag","embeddable":true,"href":"https:\/\/www.movilidadmachala.gob.ec\/web\/wp-json\/wp\/v2\/tags?post=2004"}],"curies":[{"name":"wp","href":"https:\/\/api.w.org\/{rel}","templated":true}]}}