{"id":2017,"date":"2021-11-18T13:28:40","date_gmt":"2021-11-18T18:28:40","guid":{"rendered":"https:\/\/www.movilidadmachala.gob.ec\/web\/?p=2017"},"modified":"2021-11-29T15:30:39","modified_gmt":"2021-11-29T20:30:39","slug":"clausura-del-taller-de-sensibilizacion-en-discapacidad-y-buen-trato","status":"publish","type":"post","link":"https:\/\/www.movilidadmachala.gob.ec\/web\/clausura-del-taller-de-sensibilizacion-en-discapacidad-y-buen-trato\/","title":{"rendered":"Clausura del taller de sensibilizaci\u00f3n en discapacidad y buen trato"},"content":{"rendered":"<div class=\"o9v6fnle cxmmr5t8 oygrvhab hcukyx3x c1et5uql ii04i59q\">\n<div dir=\"auto\">Se realiz\u00f3 la clausura del taller de sensibilizaci\u00f3n en discapacidad y buen trato, por parte de los funcionarios del proyecto de inclusi\u00f3n social, en convenio MIES \u2013 Municipio de Machala, a los Agentes Civiles de Tr\u00e1nsito.<\/div>\n<\/div>\n<div class=\"o9v6fnle cxmmr5t8 oygrvhab hcukyx3x c1et5uql ii04i59q\">\n<div dir=\"auto\">Este tipo de capacitaciones genera pol\u00edticas m\u00e1s incluyentes por parte de quienes conformamos las instituciones p\u00fablicas de la ciudad y el pa\u00eds hacia el bien com\u00fan de todos.<\/div>\n<\/div>\n<div class=\"o9v6fnle cxmmr5t8 oygrvhab hcukyx3x c1et5uql ii04i59q\">\n<div dir=\"auto\"><a class=\"oajrlxb2 g5ia77u1 qu0x051f esr5mh6w e9989ue4 r7d6kgcz rq0escxv nhd2j8a9 nc684nl6 p7hjln8o kvgmc6g5 cxmmr5t8 oygrvhab hcukyx3x jb3vyjys rz4wbd8a qt6c0cv9 a8nywdso i1ao9s8h esuyzwwr f1sip0of lzcic4wl q66pz984 gpro0wi8 b1v8xokw\" tabindex=\"0\" role=\"link\" href=\"https:\/\/www.facebook.com\/hashtag\/trabajamosportuseguidad?__eep__=6&amp;__cft__[0]=AZVte2e0z4R7kv1iagnWKo3xwJjVR7QsB2COfR9qrsS660hDlmBAUD4UoOYMVAcTg3HOFodgUoGJrWdH07rROtYKpuNnXs_TO4u_LpeHGy0R656InmOqc6GuBScRgR90N0wBMPQ_0jb2Ip58IZEnH2SR&amp;__tn__=*NK-R\">#TrabajamosPorTuSeguidad<\/a><\/div>\n<\/div>\n<div class=\"o9v6fnle cxmmr5t8 oygrvhab hcukyx3x c1et5uql ii04i59q\">\n<div dir=\"auto\"><a class=\"oajrlxb2 g5ia77u1 qu0x051f esr5mh6w e9989ue4 r7d6kgcz rq0escxv nhd2j8a9 nc684nl6 p7hjln8o kvgmc6g5 cxmmr5t8 oygrvhab hcukyx3x jb3vyjys rz4wbd8a qt6c0cv9 a8nywdso i1ao9s8h esuyzwwr f1sip0of lzcic4wl q66pz984 gpro0wi8 b1v8xokw\" tabindex=\"0\" role=\"link\" href=\"https:\/\/www.facebook.com\/hashtag\/movilidadmachalaep?__eep__=6&amp;__cft__[0]=AZVte2e0z4R7kv1iagnWKo3xwJjVR7QsB2COfR9qrsS660hDlmBAUD4UoOYMVAcTg3HOFodgUoGJrWdH07rROtYKpuNnXs_TO4u_LpeHGy0R656InmOqc6GuBScRgR90N0wBMPQ_0jb2Ip58IZEnH2SR&amp;__tn__=*NK-R\">#MovilidadMachalaEP<\/a><\/div>\n<div dir=\"auto\"><a class=\"oajrlxb2 g5ia77u1 qu0x051f esr5mh6w e9989ue4 r7d6kgcz rq0escxv nhd2j8a9 nc684nl6 p7hjln8o kvgmc6g5 cxmmr5t8 oygrvhab hcukyx3x jb3vyjys rz4wbd8a qt6c0cv9 a8nywdso i1ao9s8h esuyzwwr f1sip0of lzcic4wl q66pz984 gpro0wi8 b1v8xokw\" tabindex=\"0\" role=\"link\" href=\"https:\/\/www.facebook.com\/hashtag\/dar%C3%ADomacasalcalde?__eep__=6&amp;__cft__[0]=AZVte2e0z4R7kv1iagnWKo3xwJjVR7QsB2COfR9qrsS660hDlmBAUD4UoOYMVAcTg3HOFodgUoGJrWdH07rROtYKpuNnXs_TO4u_LpeHGy0R656InmOqc6GuBScRgR90N0wBMPQ_0jb2Ip58IZEnH2SR&amp;__tn__=*NK-R\">#Dar\u00edoMacasAlcalde<\/a><\/div>\n<\/div>\n<div dir=\"auto\"><\/div>\n<div dir=\"auto\"><img loading=\"lazy\" decoding=\"async\" class=\"alignnone  wp-image-1971 aligncenter\" src=\"https:\/\/www.movilidadmachala.gob.ec\/web\/wp-content\/uploads\/2021\/11\/258815436_187321370257382_975617952708889682_n-300x225.jpeg\" alt=\"\" width=\"659\" height=\"494\" srcset=\"https:\/\/www.movilidadmachala.gob.ec\/web\/wp-content\/uploads\/2021\/11\/258815436_187321370257382_975617952708889682_n-300x225.jpeg 300w, https:\/\/www.movilidadmachala.gob.ec\/web\/wp-content\/uploads\/2021\/11\/258815436_187321370257382_975617952708889682_n-768x576.jpeg 768w, https:\/\/www.movilidadmachala.gob.ec\/web\/wp-content\/uploads\/2021\/11\/258815436_187321370257382_975617952708889682_n-370x278.jpeg 370w, https:\/\/www.movilidadmachala.gob.ec\/web\/wp-content\/uploads\/2021\/11\/258815436_187321370257382_975617952708889682_n-760x570.jpeg 760w, https:\/\/www.movilidadmachala.gob.ec\/web\/wp-content\/uploads\/2021\/11\/258815436_187321370257382_975617952708889682_n.jpeg 960w\" sizes=\"auto, (max-width: 659px) 100vw, 659px\" \/><\/div>\n<div dir=\"auto\" style=\"text-align: center;\"><\/div>\n<div dir=\"auto\" style=\"text-align: center;\"><img loading=\"lazy\" decoding=\"async\" class=\"alignnone  wp-image-1970\" src=\"https:\/\/www.movilidadmachala.gob.ec\/web\/wp-content\/uploads\/2021\/11\/257461187_187321400257379_4863349588638310081_n-300x225.jpeg\" alt=\"\" width=\"657\" height=\"493\" srcset=\"https:\/\/www.movilidadmachala.gob.ec\/web\/wp-content\/uploads\/2021\/11\/257461187_187321400257379_4863349588638310081_n-300x225.jpeg 300w, https:\/\/www.movilidadmachala.gob.ec\/web\/wp-content\/uploads\/2021\/11\/257461187_187321400257379_4863349588638310081_n-768x576.jpeg 768w, https:\/\/www.movilidadmachala.gob.ec\/web\/wp-content\/uploads\/2021\/11\/257461187_187321400257379_4863349588638310081_n-370x278.jpeg 370w, https:\/\/www.movilidadmachala.gob.ec\/web\/wp-content\/uploads\/2021\/11\/257461187_187321400257379_4863349588638310081_n-760x570.jpeg 760w, https:\/\/www.movilidadmachala.gob.ec\/web\/wp-content\/uploads\/2021\/11\/257461187_187321400257379_4863349588638310081_n.jpeg 960w\" sizes=\"auto, (max-width: 657px) 100vw, 657px\" \/><\/div>\n<div dir=\"auto\" style=\"text-align: center;\"><\/div>\n<div dir=\"auto\"><img loading=\"lazy\" decoding=\"async\" class=\"alignnone  wp-image-1969 aligncenter\" src=\"https:\/\/www.movilidadmachala.gob.ec\/web\/wp-content\/uploads\/2021\/11\/254659741_187321446924041_1664837143361575590_n-300x225.jpeg\" alt=\"\" width=\"659\" height=\"494\" srcset=\"https:\/\/www.movilidadmachala.gob.ec\/web\/wp-content\/uploads\/2021\/11\/254659741_187321446924041_1664837143361575590_n-300x225.jpeg 300w, https:\/\/www.movilidadmachala.gob.ec\/web\/wp-content\/uploads\/2021\/11\/254659741_187321446924041_1664837143361575590_n-768x576.jpeg 768w, https:\/\/www.movilidadmachala.gob.ec\/web\/wp-content\/uploads\/2021\/11\/254659741_187321446924041_1664837143361575590_n-370x278.jpeg 370w, https:\/\/www.movilidadmachala.gob.ec\/web\/wp-content\/uploads\/2021\/11\/254659741_187321446924041_1664837143361575590_n-760x570.jpeg 760w, https:\/\/www.movilidadmachala.gob.ec\/web\/wp-content\/uploads\/2021\/11\/254659741_187321446924041_1664837143361575590_n.jpeg 960w\" sizes=\"auto, (max-width: 659px) 100vw, 659px\" \/><\/div>\n","protected":false},"excerpt":{"rendered":"<p>Se realiz\u00f3 la clausura del taller de sensibilizaci\u00f3n en discapacidad y buen trato, por parte de los funcionarios del proyecto de inclusi\u00f3n social, en convenio MIES \u2013 Municipio de Machala, a los Agentes Civiles de Tr\u00e1nsito. Este tipo de capacitaciones&hellip;<\/p>\n","protected":false},"author":1,"featured_media":1968,"comment_status":"closed","ping_status":"closed","sticky":false,"template":"","format":"standard","meta":{"footnotes":""},"categories":[35],"tags":[],"class_list":["post-2017","post","type-post","status-publish","format-standard","has-post-thumbnail","hentry","category-noticias"],"_links":{"self":[{"href":"https:\/\/www.movilidadmachala.gob.ec\/web\/wp-json\/wp\/v2\/posts\/2017","targetHints":{"allow":["GET"]}}],"collection":[{"href":"https:\/\/www.movilidadmachala.gob.ec\/web\/wp-json\/wp\/v2\/posts"}],"about":[{"href":"https:\/\/www.movilidadmachala.gob.ec\/web\/wp-json\/wp\/v2\/types\/post"}],"author":[{"embeddable":true,"href":"https:\/\/www.movilidadmachala.gob.ec\/web\/wp-json\/wp\/v2\/users\/1"}],"replies":[{"embeddable":true,"href":"https:\/\/www.movilidadmachala.gob.ec\/web\/wp-json\/wp\/v2\/comments?post=2017"}],"version-history":[{"count":1,"href":"https:\/\/www.movilidadmachala.gob.ec\/web\/wp-json\/wp\/v2\/posts\/2017\/revisions"}],"predecessor-version":[{"id":2018,"href":"https:\/\/www.movilidadmachala.gob.ec\/web\/wp-json\/wp\/v2\/posts\/2017\/revisions\/2018"}],"wp:featuredmedia":[{"embeddable":true,"href":"https:\/\/www.movilidadmachala.gob.ec\/web\/wp-json\/wp\/v2\/media\/1968"}],"wp:attachment":[{"href":"https:\/\/www.movilidadmachala.gob.ec\/web\/wp-json\/wp\/v2\/media?parent=2017"}],"wp:term":[{"taxonomy":"category","embeddable":true,"href":"https:\/\/www.movilidadmachala.gob.ec\/web\/wp-json\/wp\/v2\/categories?post=2017"},{"taxonomy":"post_tag","embeddable":true,"href":"https:\/\/www.movilidadmachala.gob.ec\/web\/wp-json\/wp\/v2\/tags?post=2017"}],"curies":[{"name":"wp","href":"https:\/\/api.w.org\/{rel}","templated":true}]}}