{"id":2030,"date":"2021-11-22T11:42:13","date_gmt":"2021-11-22T16:42:13","guid":{"rendered":"https:\/\/www.movilidadmachala.gob.ec\/web\/?p=2030"},"modified":"2021-11-29T16:02:50","modified_gmt":"2021-11-29T21:02:50","slug":"minuto-civico","status":"publish","type":"post","link":"https:\/\/www.movilidadmachala.gob.ec\/web\/minuto-civico\/","title":{"rendered":"Minuto C\u00edvico"},"content":{"rendered":"<div class=\"o9v6fnle cxmmr5t8 oygrvhab hcukyx3x c1et5uql ii04i59q\">\n<div dir=\"auto\">El Lunes 22 de noviembre del 2021, se realiz\u00f3 el Minuto C\u00edvico, d\u00f3nde particip\u00f3 personal del Cuerpo de Bomberos de Machala y se reconoci\u00f3 el trabajo de los auxiliares de SERTMA, por su labor que ejercen d\u00eda a d\u00eda en las calles de nuestra ciudad.<\/div>\n<\/div>\n<div class=\"o9v6fnle cxmmr5t8 oygrvhab hcukyx3x c1et5uql ii04i59q\">\n<div dir=\"auto\"><a class=\"oajrlxb2 g5ia77u1 qu0x051f esr5mh6w e9989ue4 r7d6kgcz rq0escxv nhd2j8a9 nc684nl6 p7hjln8o kvgmc6g5 cxmmr5t8 oygrvhab hcukyx3x jb3vyjys rz4wbd8a qt6c0cv9 a8nywdso i1ao9s8h esuyzwwr f1sip0of lzcic4wl q66pz984 gpro0wi8 b1v8xokw\" tabindex=\"0\" role=\"link\" href=\"https:\/\/www.facebook.com\/hashtag\/minutoc%C3%ADvico?__eep__=6&amp;__cft__[0]=AZXLRu91Iy4Seoky7k-IW-xWyHbIil_r1iW2dBk9zv5FQGGel-TIss_X2AXL3w3uI2M55lIyPnOi4_sE31TS5kfbpDzlSito8_XB7DOGFcu8dbeQHDCfafIjZZG19cCduf9rGVSVK-CwbJZDigsUKzxo&amp;__tn__=*NK-R\">#MinutoC\u00edvico<\/a><\/div>\n<\/div>\n<div class=\"o9v6fnle cxmmr5t8 oygrvhab hcukyx3x c1et5uql ii04i59q\">\n<div dir=\"auto\"><a class=\"oajrlxb2 g5ia77u1 qu0x051f esr5mh6w e9989ue4 r7d6kgcz rq0escxv nhd2j8a9 nc684nl6 p7hjln8o kvgmc6g5 cxmmr5t8 oygrvhab hcukyx3x jb3vyjys rz4wbd8a qt6c0cv9 a8nywdso i1ao9s8h esuyzwwr f1sip0of lzcic4wl q66pz984 gpro0wi8 b1v8xokw\" tabindex=\"0\" role=\"link\" href=\"https:\/\/www.facebook.com\/hashtag\/movilidadmachalaep?__eep__=6&amp;__cft__[0]=AZXLRu91Iy4Seoky7k-IW-xWyHbIil_r1iW2dBk9zv5FQGGel-TIss_X2AXL3w3uI2M55lIyPnOi4_sE31TS5kfbpDzlSito8_XB7DOGFcu8dbeQHDCfafIjZZG19cCduf9rGVSVK-CwbJZDigsUKzxo&amp;__tn__=*NK-R\">#MovilidadMachalaEP<\/a><\/div>\n<div dir=\"auto\"><a class=\"oajrlxb2 g5ia77u1 qu0x051f esr5mh6w e9989ue4 r7d6kgcz rq0escxv nhd2j8a9 nc684nl6 p7hjln8o kvgmc6g5 cxmmr5t8 oygrvhab hcukyx3x jb3vyjys rz4wbd8a qt6c0cv9 a8nywdso i1ao9s8h esuyzwwr f1sip0of lzcic4wl q66pz984 gpro0wi8 b1v8xokw\" tabindex=\"0\" role=\"link\" href=\"https:\/\/www.facebook.com\/hashtag\/dar%C3%ADomacasalcalde?__eep__=6&amp;__cft__[0]=AZXLRu91Iy4Seoky7k-IW-xWyHbIil_r1iW2dBk9zv5FQGGel-TIss_X2AXL3w3uI2M55lIyPnOi4_sE31TS5kfbpDzlSito8_XB7DOGFcu8dbeQHDCfafIjZZG19cCduf9rGVSVK-CwbJZDigsUKzxo&amp;__tn__=*NK-R\">#Dar\u00edoMacasAlcalde<\/a><\/div>\n<\/div>\n<div dir=\"auto\"><\/div>\n<div dir=\"auto\"><img loading=\"lazy\" decoding=\"async\" class=\"alignnone  wp-image-2071 aligncenter\" src=\"https:\/\/www.movilidadmachala.gob.ec\/web\/wp-content\/uploads\/2021\/11\/260409315_189826690006850_174300206716571643_n-300x225.jpeg\" alt=\"\" width=\"659\" height=\"494\" srcset=\"https:\/\/www.movilidadmachala.gob.ec\/web\/wp-content\/uploads\/2021\/11\/260409315_189826690006850_174300206716571643_n-300x225.jpeg 300w, https:\/\/www.movilidadmachala.gob.ec\/web\/wp-content\/uploads\/2021\/11\/260409315_189826690006850_174300206716571643_n-768x576.jpeg 768w, https:\/\/www.movilidadmachala.gob.ec\/web\/wp-content\/uploads\/2021\/11\/260409315_189826690006850_174300206716571643_n-370x278.jpeg 370w, https:\/\/www.movilidadmachala.gob.ec\/web\/wp-content\/uploads\/2021\/11\/260409315_189826690006850_174300206716571643_n-760x570.jpeg 760w, https:\/\/www.movilidadmachala.gob.ec\/web\/wp-content\/uploads\/2021\/11\/260409315_189826690006850_174300206716571643_n.jpeg 960w\" sizes=\"auto, (max-width: 659px) 100vw, 659px\" \/><\/div>\n<div dir=\"auto\" style=\"text-align: center;\"><\/div>\n<div dir=\"auto\" style=\"text-align: center;\"><img loading=\"lazy\" decoding=\"async\" class=\"alignnone  wp-image-2070\" src=\"https:\/\/www.movilidadmachala.gob.ec\/web\/wp-content\/uploads\/2021\/11\/258876761_189826746673511_2764373822143054789_n-300x225.jpeg\" alt=\"\" width=\"656\" height=\"492\" srcset=\"https:\/\/www.movilidadmachala.gob.ec\/web\/wp-content\/uploads\/2021\/11\/258876761_189826746673511_2764373822143054789_n-300x225.jpeg 300w, https:\/\/www.movilidadmachala.gob.ec\/web\/wp-content\/uploads\/2021\/11\/258876761_189826746673511_2764373822143054789_n-768x576.jpeg 768w, https:\/\/www.movilidadmachala.gob.ec\/web\/wp-content\/uploads\/2021\/11\/258876761_189826746673511_2764373822143054789_n-370x278.jpeg 370w, https:\/\/www.movilidadmachala.gob.ec\/web\/wp-content\/uploads\/2021\/11\/258876761_189826746673511_2764373822143054789_n-760x570.jpeg 760w, https:\/\/www.movilidadmachala.gob.ec\/web\/wp-content\/uploads\/2021\/11\/258876761_189826746673511_2764373822143054789_n.jpeg 960w\" sizes=\"auto, (max-width: 656px) 100vw, 656px\" \/><\/div>\n<div dir=\"auto\" style=\"text-align: center;\"><\/div>\n<div dir=\"auto\" style=\"text-align: center;\"><img loading=\"lazy\" decoding=\"async\" class=\"alignnone  wp-image-2069\" src=\"https:\/\/www.movilidadmachala.gob.ec\/web\/wp-content\/uploads\/2021\/11\/260246371_189826806673505_5415166682458400341_n-300x225.jpeg\" alt=\"\" width=\"651\" height=\"488\" srcset=\"https:\/\/www.movilidadmachala.gob.ec\/web\/wp-content\/uploads\/2021\/11\/260246371_189826806673505_5415166682458400341_n-300x225.jpeg 300w, https:\/\/www.movilidadmachala.gob.ec\/web\/wp-content\/uploads\/2021\/11\/260246371_189826806673505_5415166682458400341_n-768x576.jpeg 768w, https:\/\/www.movilidadmachala.gob.ec\/web\/wp-content\/uploads\/2021\/11\/260246371_189826806673505_5415166682458400341_n-370x278.jpeg 370w, https:\/\/www.movilidadmachala.gob.ec\/web\/wp-content\/uploads\/2021\/11\/260246371_189826806673505_5415166682458400341_n-760x570.jpeg 760w, https:\/\/www.movilidadmachala.gob.ec\/web\/wp-content\/uploads\/2021\/11\/260246371_189826806673505_5415166682458400341_n.jpeg 960w\" sizes=\"auto, (max-width: 651px) 100vw, 651px\" \/><\/div>\n<div dir=\"auto\" style=\"text-align: center;\"><\/div>\n<div dir=\"auto\"><img loading=\"lazy\" decoding=\"async\" class=\"alignnone  wp-image-2068 aligncenter\" src=\"https:\/\/www.movilidadmachala.gob.ec\/web\/wp-content\/uploads\/2021\/11\/258863173_189826843340168_56597213506610095_n-300x225.jpeg\" alt=\"\" width=\"651\" height=\"488\" srcset=\"https:\/\/www.movilidadmachala.gob.ec\/web\/wp-content\/uploads\/2021\/11\/258863173_189826843340168_56597213506610095_n-300x225.jpeg 300w, https:\/\/www.movilidadmachala.gob.ec\/web\/wp-content\/uploads\/2021\/11\/258863173_189826843340168_56597213506610095_n-768x576.jpeg 768w, https:\/\/www.movilidadmachala.gob.ec\/web\/wp-content\/uploads\/2021\/11\/258863173_189826843340168_56597213506610095_n-370x278.jpeg 370w, https:\/\/www.movilidadmachala.gob.ec\/web\/wp-content\/uploads\/2021\/11\/258863173_189826843340168_56597213506610095_n-760x570.jpeg 760w, https:\/\/www.movilidadmachala.gob.ec\/web\/wp-content\/uploads\/2021\/11\/258863173_189826843340168_56597213506610095_n.jpeg 960w\" sizes=\"auto, (max-width: 651px) 100vw, 651px\" \/><\/div>\n","protected":false},"excerpt":{"rendered":"<p>El Lunes 22 de noviembre del 2021, se realiz\u00f3 el Minuto C\u00edvico, d\u00f3nde particip\u00f3 personal del Cuerpo de Bomberos de Machala y se reconoci\u00f3 el trabajo de los auxiliares de SERTMA, por su labor que ejercen d\u00eda a d\u00eda en&hellip;<\/p>\n","protected":false},"author":1,"featured_media":2072,"comment_status":"closed","ping_status":"closed","sticky":false,"template":"","format":"standard","meta":{"footnotes":""},"categories":[35],"tags":[],"class_list":["post-2030","post","type-post","status-publish","format-standard","has-post-thumbnail","hentry","category-noticias"],"_links":{"self":[{"href":"https:\/\/www.movilidadmachala.gob.ec\/web\/wp-json\/wp\/v2\/posts\/2030","targetHints":{"allow":["GET"]}}],"collection":[{"href":"https:\/\/www.movilidadmachala.gob.ec\/web\/wp-json\/wp\/v2\/posts"}],"about":[{"href":"https:\/\/www.movilidadmachala.gob.ec\/web\/wp-json\/wp\/v2\/types\/post"}],"author":[{"embeddable":true,"href":"https:\/\/www.movilidadmachala.gob.ec\/web\/wp-json\/wp\/v2\/users\/1"}],"replies":[{"embeddable":true,"href":"https:\/\/www.movilidadmachala.gob.ec\/web\/wp-json\/wp\/v2\/comments?post=2030"}],"version-history":[{"count":1,"href":"https:\/\/www.movilidadmachala.gob.ec\/web\/wp-json\/wp\/v2\/posts\/2030\/revisions"}],"predecessor-version":[{"id":2073,"href":"https:\/\/www.movilidadmachala.gob.ec\/web\/wp-json\/wp\/v2\/posts\/2030\/revisions\/2073"}],"wp:featuredmedia":[{"embeddable":true,"href":"https:\/\/www.movilidadmachala.gob.ec\/web\/wp-json\/wp\/v2\/media\/2072"}],"wp:attachment":[{"href":"https:\/\/www.movilidadmachala.gob.ec\/web\/wp-json\/wp\/v2\/media?parent=2030"}],"wp:term":[{"taxonomy":"category","embeddable":true,"href":"https:\/\/www.movilidadmachala.gob.ec\/web\/wp-json\/wp\/v2\/categories?post=2030"},{"taxonomy":"post_tag","embeddable":true,"href":"https:\/\/www.movilidadmachala.gob.ec\/web\/wp-json\/wp\/v2\/tags?post=2030"}],"curies":[{"name":"wp","href":"https:\/\/api.w.org\/{rel}","templated":true}]}}