{"id":2088,"date":"2021-11-24T17:16:10","date_gmt":"2021-11-24T22:16:10","guid":{"rendered":"https:\/\/www.movilidadmachala.gob.ec\/web\/?p=2088"},"modified":"2022-11-13T19:16:30","modified_gmt":"2022-11-14T00:16:30","slug":"capacitacion-al-personal-de-movilidad-machala-ep-2","status":"publish","type":"post","link":"https:\/\/www.movilidadmachala.gob.ec\/web\/capacitacion-al-personal-de-movilidad-machala-ep-2\/","title":{"rendered":"Capacitaci\u00f3n al personal de Movilidad Machala EP"},"content":{"rendered":"<div class=\"kvgmc6g5 cxmmr5t8 oygrvhab hcukyx3x c1et5uql ii04i59q\">\n<div dir=\"auto\"><\/div>\n<\/div>\n<div class=\"o9v6fnle cxmmr5t8 oygrvhab hcukyx3x c1et5uql ii04i59q\">\n<div dir=\"auto\">El personal de Movilidad Machala EP, <a title=\"ata\u015fehir escort\" href=\"https:\/\/papim.net\/istanbul\/atasehir\/\" rel=\"dofollow\">ata\u015fehir escort<\/a>  recibi\u00f3 capacitaci\u00f3n sobre los riesgos psicosociales que se presentan en los lugares de trabajo. Esta charla tiene como prop\u00f3sito prevenir los riesgos psicol\u00f3gicos en el \u00e1rea laboral, crear un entorno saludable que mejore su desempe\u00f1o y detectar a tiempo <a title=\"kad\u0131k\u00f6y escort\" href=\"https:\/\/papim.net\/istanbul\/kadikoy\/\" rel=\"dofollow\">kad\u0131k\u00f6y escort<\/a> problemas que nuestro personal presente.<\/div>\n<\/div>\n<div class=\"o9v6fnle cxmmr5t8 oygrvhab hcukyx3x c1et5uql ii04i59q\">\n<div dir=\"auto\"><a class=\"oajrlxb2 g5ia77u1 qu0x051f esr5mh6w e9989ue4 r7d6kgcz rq0escxv nhd2j8a9 nc684nl6 p7hjln8o kvgmc6g5 cxmmr5t8 oygrvhab hcukyx3x jb3vyjys rz4wbd8a qt6c0cv9 a8nywdso i1ao9s8h esuyzwwr f1sip0of lzcic4wl q66pz984 gpro0wi8 b1v8xokw\" tabindex=\"0\" role=\"link\" href=\"https:\/\/www.facebook.com\/hashtag\/trabajandoportuseguridad?__eep__=6&amp;__cft__[0]=AZXW2NrUZQBjq_HEQ0m_8JiMbnkSLZ0dUil8Vl5gN6Y6CB81TUaFDctXHKFvALwTf3Bo2hWcw-ODQpUjH865MJK0-UNlIDJUEg4sxMR8s5oW9vLD0PrrpSce0hbUv-LkuK-G-TspEl4DvyX_--tRINhe&amp;__tn__=*NK-R\">#TrabajandoPorTuSeguridad<\/a><\/div>\n<\/div>\n<div class=\"o9v6fnle cxmmr5t8 oygrvhab hcukyx3x c1et5uql ii04i59q\">\n<div dir=\"auto\"><a class=\"oajrlxb2 g5ia77u1 qu0x051f esr5mh6w e9989ue4 r7d6kgcz rq0escxv nhd2j8a9 nc684nl6 p7hjln8o kvgmc6g5 cxmmr5t8 oygrvhab hcukyx3x jb3vyjys rz4wbd8a qt6c0cv9 a8nywdso i1ao9s8h esuyzwwr f1sip0of lzcic4wl q66pz984 gpro0wi8 b1v8xokw\" tabindex=\"0\" role=\"link\" href=\"https:\/\/www.facebook.com\/hashtag\/movilidadmachalaep?__eep__=6&amp;__cft__[0]=AZXW2NrUZQBjq_HEQ0m_8JiMbnkSLZ0dUil8Vl5gN6Y6CB81TUaFDctXHKFvALwTf3Bo2hWcw-ODQpUjH865MJK0-UNlIDJUEg4sxMR8s5oW9vLD0PrrpSce0hbUv-LkuK-G-TspEl4DvyX_--tRINhe&amp;__tn__=*NK-R\">#MovilidadMachalaEP<\/a><\/div>\n<div dir=\"auto\"><a class=\"oajrlxb2 g5ia77u1 qu0x051f esr5mh6w e9989ue4 r7d6kgcz rq0escxv nhd2j8a9 nc684nl6 p7hjln8o kvgmc6g5 cxmmr5t8 oygrvhab hcukyx3x jb3vyjys rz4wbd8a qt6c0cv9 a8nywdso i1ao9s8h esuyzwwr f1sip0of lzcic4wl q66pz984 gpro0wi8 b1v8xokw\" tabindex=\"0\" role=\"link\" href=\"https:\/\/www.facebook.com\/hashtag\/dariomacasalcalde?__eep__=6&amp;__cft__[0]=AZXW2NrUZQBjq_HEQ0m_8JiMbnkSLZ0dUil8Vl5gN6Y6CB81TUaFDctXHKFvALwTf3Bo2hWcw-ODQpUjH865MJK0-UNlIDJUEg4sxMR8s5oW9vLD0PrrpSce0hbUv-LkuK-G-TspEl4DvyX_--tRINhe&amp;__tn__=*NK-R\">#DarioMacasAlcalde<\/a><\/div>\n<\/div>\n<div dir=\"auto\"><\/div>\n<div dir=\"auto\"><img loading=\"lazy\" decoding=\"async\" class=\"alignnone  wp-image-2053 aligncenter\" src=\"https:\/\/www.movilidadmachala.gob.ec\/web\/wp-content\/uploads\/2021\/11\/257288636_191201956535990_8238353538283435828_n-300x225.jpeg\" alt=\"\" width=\"635\" height=\"476\" srcset=\"https:\/\/www.movilidadmachala.gob.ec\/web\/wp-content\/uploads\/2021\/11\/257288636_191201956535990_8238353538283435828_n-300x225.jpeg 300w, https:\/\/www.movilidadmachala.gob.ec\/web\/wp-content\/uploads\/2021\/11\/257288636_191201956535990_8238353538283435828_n-1024x767.jpeg 1024w, https:\/\/www.movilidadmachala.gob.ec\/web\/wp-content\/uploads\/2021\/11\/257288636_191201956535990_8238353538283435828_n-768x575.jpeg 768w, https:\/\/www.movilidadmachala.gob.ec\/web\/wp-content\/uploads\/2021\/11\/257288636_191201956535990_8238353538283435828_n-370x277.jpeg 370w, https:\/\/www.movilidadmachala.gob.ec\/web\/wp-content\/uploads\/2021\/11\/257288636_191201956535990_8238353538283435828_n-760x569.jpeg 760w, https:\/\/www.movilidadmachala.gob.ec\/web\/wp-content\/uploads\/2021\/11\/257288636_191201956535990_8238353538283435828_n.jpeg 1280w\" sizes=\"auto, (max-width: 635px) 100vw, 635px\" \/><\/div>\n<div dir=\"auto\" style=\"text-align: center;\"><\/div>\n<div dir=\"auto\"><img loading=\"lazy\" decoding=\"async\" class=\"alignnone  wp-image-2052 aligncenter\" src=\"https:\/\/www.movilidadmachala.gob.ec\/web\/wp-content\/uploads\/2021\/11\/258565002_191201953202657_1175935901807441607_n-300x225.jpeg\" alt=\"\" width=\"627\" height=\"470\" srcset=\"https:\/\/www.movilidadmachala.gob.ec\/web\/wp-content\/uploads\/2021\/11\/258565002_191201953202657_1175935901807441607_n-300x225.jpeg 300w, https:\/\/www.movilidadmachala.gob.ec\/web\/wp-content\/uploads\/2021\/11\/258565002_191201953202657_1175935901807441607_n-1024x767.jpeg 1024w, https:\/\/www.movilidadmachala.gob.ec\/web\/wp-content\/uploads\/2021\/11\/258565002_191201953202657_1175935901807441607_n-768x575.jpeg 768w, https:\/\/www.movilidadmachala.gob.ec\/web\/wp-content\/uploads\/2021\/11\/258565002_191201953202657_1175935901807441607_n-370x277.jpeg 370w, https:\/\/www.movilidadmachala.gob.ec\/web\/wp-content\/uploads\/2021\/11\/258565002_191201953202657_1175935901807441607_n-760x569.jpeg 760w, https:\/\/www.movilidadmachala.gob.ec\/web\/wp-content\/uploads\/2021\/11\/258565002_191201953202657_1175935901807441607_n.jpeg 1280w\" sizes=\"auto, (max-width: 627px) 100vw, 627px\" \/><\/div>\n","protected":false},"excerpt":{"rendered":"<p>El personal de Movilidad Machala EP, ata\u015fehir escort recibi\u00f3 capacitaci\u00f3n sobre los riesgos psicosociales que se presentan en los lugares de trabajo. Esta charla tiene como prop\u00f3sito prevenir los riesgos psicol\u00f3gicos en el \u00e1rea laboral, crear un entorno saludable que&hellip;<\/p>\n","protected":false},"author":1,"featured_media":2054,"comment_status":"closed","ping_status":"closed","sticky":false,"template":"","format":"standard","meta":{"footnotes":""},"categories":[35],"tags":[],"class_list":["post-2088","post","type-post","status-publish","format-standard","has-post-thumbnail","hentry","category-noticias"],"_links":{"self":[{"href":"https:\/\/www.movilidadmachala.gob.ec\/web\/wp-json\/wp\/v2\/posts\/2088","targetHints":{"allow":["GET"]}}],"collection":[{"href":"https:\/\/www.movilidadmachala.gob.ec\/web\/wp-json\/wp\/v2\/posts"}],"about":[{"href":"https:\/\/www.movilidadmachala.gob.ec\/web\/wp-json\/wp\/v2\/types\/post"}],"author":[{"embeddable":true,"href":"https:\/\/www.movilidadmachala.gob.ec\/web\/wp-json\/wp\/v2\/users\/1"}],"replies":[{"embeddable":true,"href":"https:\/\/www.movilidadmachala.gob.ec\/web\/wp-json\/wp\/v2\/comments?post=2088"}],"version-history":[{"count":1,"href":"https:\/\/www.movilidadmachala.gob.ec\/web\/wp-json\/wp\/v2\/posts\/2088\/revisions"}],"predecessor-version":[{"id":2089,"href":"https:\/\/www.movilidadmachala.gob.ec\/web\/wp-json\/wp\/v2\/posts\/2088\/revisions\/2089"}],"wp:featuredmedia":[{"embeddable":true,"href":"https:\/\/www.movilidadmachala.gob.ec\/web\/wp-json\/wp\/v2\/media\/2054"}],"wp:attachment":[{"href":"https:\/\/www.movilidadmachala.gob.ec\/web\/wp-json\/wp\/v2\/media?parent=2088"}],"wp:term":[{"taxonomy":"category","embeddable":true,"href":"https:\/\/www.movilidadmachala.gob.ec\/web\/wp-json\/wp\/v2\/categories?post=2088"},{"taxonomy":"post_tag","embeddable":true,"href":"https:\/\/www.movilidadmachala.gob.ec\/web\/wp-json\/wp\/v2\/tags?post=2088"}],"curies":[{"name":"wp","href":"https:\/\/api.w.org\/{rel}","templated":true}]}}