{"id":2090,"date":"2021-11-25T08:20:19","date_gmt":"2021-11-25T13:20:19","guid":{"rendered":"https:\/\/www.movilidadmachala.gob.ec\/web\/?p=2090"},"modified":"2021-11-29T16:34:28","modified_gmt":"2021-11-29T21:34:28","slug":"trabajo-de-semaforizacion","status":"publish","type":"post","link":"https:\/\/www.movilidadmachala.gob.ec\/web\/trabajo-de-semaforizacion\/","title":{"rendered":"Trabajo de Semaforizaci\u00f3n"},"content":{"rendered":"<div class=\"kvgmc6g5 cxmmr5t8 oygrvhab hcukyx3x c1et5uql ii04i59q\">\n<div dir=\"auto\"><a class=\"oajrlxb2 g5ia77u1 qu0x051f esr5mh6w e9989ue4 r7d6kgcz rq0escxv nhd2j8a9 nc684nl6 p7hjln8o kvgmc6g5 cxmmr5t8 oygrvhab hcukyx3x jb3vyjys rz4wbd8a qt6c0cv9 a8nywdso i1ao9s8h esuyzwwr f1sip0of lzcic4wl q66pz984 gpro0wi8 b1v8xokw\" tabindex=\"0\" role=\"link\" href=\"https:\/\/www.facebook.com\/hashtag\/movilidadinforma?__eep__=6&amp;__cft__[0]=AZWI5KChrhvwuOgXW27NjqBjTqC1TjXxKGmK4XAKQ6ZB1lM_BnPMv2Ike9uQeTf0EMRpKmgN5yOtuA2XHgnx__zI7Qcb1YkPSwjE37Laee1U0ZUD5RwSrnt9qzN7SPhQna6C-M1uQ3Lar5YymiYXiBBp&amp;__tn__=*NK-R\">#MOVILIDADInforma<\/a><\/div>\n<\/div>\n<div class=\"o9v6fnle cxmmr5t8 oygrvhab hcukyx3x c1et5uql ii04i59q\">\n<div dir=\"auto\">Se realiz\u00f3 mantenimiento de b\u00e1culos y sem\u00e1foros en la intersecci\u00f3n de las avenidas Marcel Laniado y Palmeras.<\/div>\n<\/div>\n<div class=\"o9v6fnle cxmmr5t8 oygrvhab hcukyx3x c1et5uql ii04i59q\">\n<div dir=\"auto\">Esto permitir\u00e1 mejorar el direccionamiento vehicular y peatonal del sector.<\/div>\n<\/div>\n<div class=\"o9v6fnle cxmmr5t8 oygrvhab hcukyx3x c1et5uql ii04i59q\">\n<div dir=\"auto\">No olvides respetar las se\u00f1ales de tr\u00e1nsito, evitemos multas y sanciones.<\/div>\n<\/div>\n<div class=\"o9v6fnle cxmmr5t8 oygrvhab hcukyx3x c1et5uql ii04i59q\">\n<div dir=\"auto\"><a class=\"oajrlxb2 g5ia77u1 qu0x051f esr5mh6w e9989ue4 r7d6kgcz rq0escxv nhd2j8a9 nc684nl6 p7hjln8o kvgmc6g5 cxmmr5t8 oygrvhab hcukyx3x jb3vyjys rz4wbd8a qt6c0cv9 a8nywdso i1ao9s8h esuyzwwr f1sip0of lzcic4wl q66pz984 gpro0wi8 b1v8xokw\" tabindex=\"0\" role=\"link\" href=\"https:\/\/www.facebook.com\/hashtag\/trabajamosportuseguridadvial?__eep__=6&amp;__cft__[0]=AZWI5KChrhvwuOgXW27NjqBjTqC1TjXxKGmK4XAKQ6ZB1lM_BnPMv2Ike9uQeTf0EMRpKmgN5yOtuA2XHgnx__zI7Qcb1YkPSwjE37Laee1U0ZUD5RwSrnt9qzN7SPhQna6C-M1uQ3Lar5YymiYXiBBp&amp;__tn__=*NK-R\">#TrabajamosPorTuSeguridadVial<\/a><\/div>\n<\/div>\n<div class=\"o9v6fnle cxmmr5t8 oygrvhab hcukyx3x c1et5uql ii04i59q\">\n<div dir=\"auto\"><a class=\"oajrlxb2 g5ia77u1 qu0x051f esr5mh6w e9989ue4 r7d6kgcz rq0escxv nhd2j8a9 nc684nl6 p7hjln8o kvgmc6g5 cxmmr5t8 oygrvhab hcukyx3x jb3vyjys rz4wbd8a qt6c0cv9 a8nywdso i1ao9s8h esuyzwwr f1sip0of lzcic4wl q66pz984 gpro0wi8 b1v8xokw\" tabindex=\"0\" role=\"link\" href=\"https:\/\/www.facebook.com\/hashtag\/movilidadmachalaep?__eep__=6&amp;__cft__[0]=AZWI5KChrhvwuOgXW27NjqBjTqC1TjXxKGmK4XAKQ6ZB1lM_BnPMv2Ike9uQeTf0EMRpKmgN5yOtuA2XHgnx__zI7Qcb1YkPSwjE37Laee1U0ZUD5RwSrnt9qzN7SPhQna6C-M1uQ3Lar5YymiYXiBBp&amp;__tn__=*NK-R\">#MovilidadMachalaEP<\/a><\/div>\n<div dir=\"auto\"><a class=\"oajrlxb2 g5ia77u1 qu0x051f esr5mh6w e9989ue4 r7d6kgcz rq0escxv nhd2j8a9 nc684nl6 p7hjln8o kvgmc6g5 cxmmr5t8 oygrvhab hcukyx3x jb3vyjys rz4wbd8a qt6c0cv9 a8nywdso i1ao9s8h esuyzwwr f1sip0of lzcic4wl q66pz984 gpro0wi8 b1v8xokw\" tabindex=\"0\" role=\"link\" href=\"https:\/\/www.facebook.com\/hashtag\/dar%C3%ADomacasalcalde?__eep__=6&amp;__cft__[0]=AZWI5KChrhvwuOgXW27NjqBjTqC1TjXxKGmK4XAKQ6ZB1lM_BnPMv2Ike9uQeTf0EMRpKmgN5yOtuA2XHgnx__zI7Qcb1YkPSwjE37Laee1U0ZUD5RwSrnt9qzN7SPhQna6C-M1uQ3Lar5YymiYXiBBp&amp;__tn__=*NK-R\">#Dar\u00edoMacasAlcalde<\/a><\/div>\n<\/div>\n<div dir=\"auto\"><\/div>\n<div dir=\"auto\"><img loading=\"lazy\" decoding=\"async\" class=\"alignnone  wp-image-2050 aligncenter\" src=\"https:\/\/www.movilidadmachala.gob.ec\/web\/wp-content\/uploads\/2021\/11\/259824428_191593623163490_4470843448727707244_n-300x225.jpeg\" alt=\"\" width=\"668\" height=\"501\" srcset=\"https:\/\/www.movilidadmachala.gob.ec\/web\/wp-content\/uploads\/2021\/11\/259824428_191593623163490_4470843448727707244_n-300x225.jpeg 300w, https:\/\/www.movilidadmachala.gob.ec\/web\/wp-content\/uploads\/2021\/11\/259824428_191593623163490_4470843448727707244_n-1024x767.jpeg 1024w, https:\/\/www.movilidadmachala.gob.ec\/web\/wp-content\/uploads\/2021\/11\/259824428_191593623163490_4470843448727707244_n-768x575.jpeg 768w, https:\/\/www.movilidadmachala.gob.ec\/web\/wp-content\/uploads\/2021\/11\/259824428_191593623163490_4470843448727707244_n-370x277.jpeg 370w, https:\/\/www.movilidadmachala.gob.ec\/web\/wp-content\/uploads\/2021\/11\/259824428_191593623163490_4470843448727707244_n-760x569.jpeg 760w, https:\/\/www.movilidadmachala.gob.ec\/web\/wp-content\/uploads\/2021\/11\/259824428_191593623163490_4470843448727707244_n.jpeg 1280w\" sizes=\"auto, (max-width: 668px) 100vw, 668px\" \/><\/div>\n<div dir=\"auto\" style=\"text-align: center;\"><\/div>\n<div dir=\"auto\" style=\"text-align: center;\"><img loading=\"lazy\" decoding=\"async\" class=\"alignnone  wp-image-2049\" src=\"https:\/\/www.movilidadmachala.gob.ec\/web\/wp-content\/uploads\/2021\/11\/260044201_191593629830156_4006217056541313884_n-300x225.jpeg\" alt=\"\" width=\"671\" height=\"503\" srcset=\"https:\/\/www.movilidadmachala.gob.ec\/web\/wp-content\/uploads\/2021\/11\/260044201_191593629830156_4006217056541313884_n-300x225.jpeg 300w, https:\/\/www.movilidadmachala.gob.ec\/web\/wp-content\/uploads\/2021\/11\/260044201_191593629830156_4006217056541313884_n-1024x767.jpeg 1024w, https:\/\/www.movilidadmachala.gob.ec\/web\/wp-content\/uploads\/2021\/11\/260044201_191593629830156_4006217056541313884_n-768x575.jpeg 768w, https:\/\/www.movilidadmachala.gob.ec\/web\/wp-content\/uploads\/2021\/11\/260044201_191593629830156_4006217056541313884_n-370x277.jpeg 370w, https:\/\/www.movilidadmachala.gob.ec\/web\/wp-content\/uploads\/2021\/11\/260044201_191593629830156_4006217056541313884_n-760x569.jpeg 760w, https:\/\/www.movilidadmachala.gob.ec\/web\/wp-content\/uploads\/2021\/11\/260044201_191593629830156_4006217056541313884_n.jpeg 1280w\" sizes=\"auto, (max-width: 671px) 100vw, 671px\" \/><\/div>\n<div dir=\"auto\" style=\"text-align: center;\"><\/div>\n<div dir=\"auto\"><img loading=\"lazy\" decoding=\"async\" class=\"alignnone  wp-image-2048 aligncenter\" src=\"https:\/\/www.movilidadmachala.gob.ec\/web\/wp-content\/uploads\/2021\/11\/259127215_191593626496823_4221023495116907174_n-300x225.jpeg\" alt=\"\" width=\"657\" height=\"493\" srcset=\"https:\/\/www.movilidadmachala.gob.ec\/web\/wp-content\/uploads\/2021\/11\/259127215_191593626496823_4221023495116907174_n-300x225.jpeg 300w, https:\/\/www.movilidadmachala.gob.ec\/web\/wp-content\/uploads\/2021\/11\/259127215_191593626496823_4221023495116907174_n-1024x767.jpeg 1024w, https:\/\/www.movilidadmachala.gob.ec\/web\/wp-content\/uploads\/2021\/11\/259127215_191593626496823_4221023495116907174_n-768x575.jpeg 768w, https:\/\/www.movilidadmachala.gob.ec\/web\/wp-content\/uploads\/2021\/11\/259127215_191593626496823_4221023495116907174_n-370x277.jpeg 370w, https:\/\/www.movilidadmachala.gob.ec\/web\/wp-content\/uploads\/2021\/11\/259127215_191593626496823_4221023495116907174_n-760x569.jpeg 760w, https:\/\/www.movilidadmachala.gob.ec\/web\/wp-content\/uploads\/2021\/11\/259127215_191593626496823_4221023495116907174_n.jpeg 1280w\" sizes=\"auto, (max-width: 657px) 100vw, 657px\" \/><\/div>\n<div dir=\"auto\"><\/div>\n<div dir=\"auto\"><\/div>\n","protected":false},"excerpt":{"rendered":"<p>#MOVILIDADInforma Se realiz\u00f3 mantenimiento de b\u00e1culos y sem\u00e1foros en la intersecci\u00f3n de las avenidas Marcel Laniado y Palmeras. Esto permitir\u00e1 mejorar el direccionamiento vehicular y peatonal del sector. No olvides respetar las se\u00f1ales de tr\u00e1nsito, evitemos multas y sanciones. #TrabajamosPorTuSeguridadVial&hellip;<\/p>\n","protected":false},"author":1,"featured_media":2051,"comment_status":"closed","ping_status":"closed","sticky":false,"template":"","format":"standard","meta":{"footnotes":""},"categories":[35],"tags":[],"class_list":["post-2090","post","type-post","status-publish","format-standard","has-post-thumbnail","hentry","category-noticias"],"_links":{"self":[{"href":"https:\/\/www.movilidadmachala.gob.ec\/web\/wp-json\/wp\/v2\/posts\/2090","targetHints":{"allow":["GET"]}}],"collection":[{"href":"https:\/\/www.movilidadmachala.gob.ec\/web\/wp-json\/wp\/v2\/posts"}],"about":[{"href":"https:\/\/www.movilidadmachala.gob.ec\/web\/wp-json\/wp\/v2\/types\/post"}],"author":[{"embeddable":true,"href":"https:\/\/www.movilidadmachala.gob.ec\/web\/wp-json\/wp\/v2\/users\/1"}],"replies":[{"embeddable":true,"href":"https:\/\/www.movilidadmachala.gob.ec\/web\/wp-json\/wp\/v2\/comments?post=2090"}],"version-history":[{"count":1,"href":"https:\/\/www.movilidadmachala.gob.ec\/web\/wp-json\/wp\/v2\/posts\/2090\/revisions"}],"predecessor-version":[{"id":2091,"href":"https:\/\/www.movilidadmachala.gob.ec\/web\/wp-json\/wp\/v2\/posts\/2090\/revisions\/2091"}],"wp:featuredmedia":[{"embeddable":true,"href":"https:\/\/www.movilidadmachala.gob.ec\/web\/wp-json\/wp\/v2\/media\/2051"}],"wp:attachment":[{"href":"https:\/\/www.movilidadmachala.gob.ec\/web\/wp-json\/wp\/v2\/media?parent=2090"}],"wp:term":[{"taxonomy":"category","embeddable":true,"href":"https:\/\/www.movilidadmachala.gob.ec\/web\/wp-json\/wp\/v2\/categories?post=2090"},{"taxonomy":"post_tag","embeddable":true,"href":"https:\/\/www.movilidadmachala.gob.ec\/web\/wp-json\/wp\/v2\/tags?post=2090"}],"curies":[{"name":"wp","href":"https:\/\/api.w.org\/{rel}","templated":true}]}}