{"id":2105,"date":"2021-11-29T12:45:49","date_gmt":"2021-11-29T17:45:49","guid":{"rendered":"https:\/\/www.movilidadmachala.gob.ec\/web\/?p=2105"},"modified":"2021-11-29T17:04:44","modified_gmt":"2021-11-29T22:04:44","slug":"minuto-civico-2","status":"publish","type":"post","link":"https:\/\/www.movilidadmachala.gob.ec\/web\/minuto-civico-2\/","title":{"rendered":"Minuto C\u00edvico"},"content":{"rendered":"<div class=\"o9v6fnle cxmmr5t8 oygrvhab hcukyx3x c1et5uql ii04i59q\">\n<div dir=\"auto\">Como cada lunes, se realiz\u00f3 el Minuto C\u00edvico en instalaciones de Movilidad Machala (Control y Vigilancia) en donde se cont\u00f3 con la presencia de auxiliares de SERTMA y personal administrativo.<\/div>\n<\/div>\n<div class=\"o9v6fnle cxmmr5t8 oygrvhab hcukyx3x c1et5uql ii04i59q\">\n<div dir=\"auto\"><a class=\"oajrlxb2 g5ia77u1 qu0x051f esr5mh6w e9989ue4 r7d6kgcz rq0escxv nhd2j8a9 nc684nl6 p7hjln8o kvgmc6g5 cxmmr5t8 oygrvhab hcukyx3x jb3vyjys rz4wbd8a qt6c0cv9 a8nywdso i1ao9s8h esuyzwwr f1sip0of lzcic4wl q66pz984 gpro0wi8 b1v8xokw\" tabindex=\"0\" role=\"link\" href=\"https:\/\/www.facebook.com\/hashtag\/minutoc%C3%ADvico?__eep__=6&amp;__cft__[0]=AZXw04NdFFnOGphMKJ4xDygsHq63uEda08tjLD__r9SZFd8fsvf6piKYqr2EDTBSebBaPqWOZVI_Lu_yK5Y4X5UWN-SLS-PHQe0VIfnKS3gy1K35RXsaCluNqrdWNeCf93nxaJ2p6dMCrqoTGgeDZqS1&amp;__tn__=*NK-R\">#MinutoC\u00edvico<\/a><\/div>\n<\/div>\n<div class=\"o9v6fnle cxmmr5t8 oygrvhab hcukyx3x c1et5uql ii04i59q\">\n<div dir=\"auto\"><a class=\"oajrlxb2 g5ia77u1 qu0x051f esr5mh6w e9989ue4 r7d6kgcz rq0escxv nhd2j8a9 nc684nl6 p7hjln8o kvgmc6g5 cxmmr5t8 oygrvhab hcukyx3x jb3vyjys rz4wbd8a qt6c0cv9 a8nywdso i1ao9s8h esuyzwwr f1sip0of lzcic4wl q66pz984 gpro0wi8 b1v8xokw\" tabindex=\"0\" role=\"link\" href=\"https:\/\/www.facebook.com\/hashtag\/movilidadmachalaep?__eep__=6&amp;__cft__[0]=AZXw04NdFFnOGphMKJ4xDygsHq63uEda08tjLD__r9SZFd8fsvf6piKYqr2EDTBSebBaPqWOZVI_Lu_yK5Y4X5UWN-SLS-PHQe0VIfnKS3gy1K35RXsaCluNqrdWNeCf93nxaJ2p6dMCrqoTGgeDZqS1&amp;__tn__=*NK-R\">#MovilidadMachalaEP<\/a><\/div>\n<div dir=\"auto\"><a class=\"oajrlxb2 g5ia77u1 qu0x051f esr5mh6w e9989ue4 r7d6kgcz rq0escxv nhd2j8a9 nc684nl6 p7hjln8o kvgmc6g5 cxmmr5t8 oygrvhab hcukyx3x jb3vyjys rz4wbd8a qt6c0cv9 a8nywdso i1ao9s8h esuyzwwr f1sip0of lzcic4wl q66pz984 gpro0wi8 b1v8xokw\" tabindex=\"0\" role=\"link\" href=\"https:\/\/www.facebook.com\/hashtag\/dar%C3%ADomacasalcalde?__eep__=6&amp;__cft__[0]=AZXw04NdFFnOGphMKJ4xDygsHq63uEda08tjLD__r9SZFd8fsvf6piKYqr2EDTBSebBaPqWOZVI_Lu_yK5Y4X5UWN-SLS-PHQe0VIfnKS3gy1K35RXsaCluNqrdWNeCf93nxaJ2p6dMCrqoTGgeDZqS1&amp;__tn__=*NK-R\">#Dar\u00edoMacasAlcalde<\/a><\/div>\n<\/div>\n<div dir=\"auto\"><\/div>\n<div dir=\"auto\" style=\"text-align: center;\"><img loading=\"lazy\" decoding=\"async\" class=\"alignnone  wp-image-2035\" src=\"https:\/\/www.movilidadmachala.gob.ec\/web\/wp-content\/uploads\/2021\/11\/261065016_194294406226745_133990136238857849_n-300x225.jpeg\" alt=\"\" width=\"663\" height=\"497\" srcset=\"https:\/\/www.movilidadmachala.gob.ec\/web\/wp-content\/uploads\/2021\/11\/261065016_194294406226745_133990136238857849_n-300x225.jpeg 300w, https:\/\/www.movilidadmachala.gob.ec\/web\/wp-content\/uploads\/2021\/11\/261065016_194294406226745_133990136238857849_n-1024x767.jpeg 1024w, https:\/\/www.movilidadmachala.gob.ec\/web\/wp-content\/uploads\/2021\/11\/261065016_194294406226745_133990136238857849_n-768x575.jpeg 768w, https:\/\/www.movilidadmachala.gob.ec\/web\/wp-content\/uploads\/2021\/11\/261065016_194294406226745_133990136238857849_n-370x277.jpeg 370w, https:\/\/www.movilidadmachala.gob.ec\/web\/wp-content\/uploads\/2021\/11\/261065016_194294406226745_133990136238857849_n-760x569.jpeg 760w, https:\/\/www.movilidadmachala.gob.ec\/web\/wp-content\/uploads\/2021\/11\/261065016_194294406226745_133990136238857849_n.jpeg 1280w\" sizes=\"auto, (max-width: 663px) 100vw, 663px\" \/><\/div>\n<div dir=\"auto\" style=\"text-align: center;\"><\/div>\n<div dir=\"auto\" style=\"text-align: center;\"><img loading=\"lazy\" decoding=\"async\" class=\"alignnone  wp-image-2034\" src=\"https:\/\/www.movilidadmachala.gob.ec\/web\/wp-content\/uploads\/2021\/11\/260867477_194294379560081_5922141024027463724_n-300x225.jpeg\" alt=\"\" width=\"660\" height=\"495\" srcset=\"https:\/\/www.movilidadmachala.gob.ec\/web\/wp-content\/uploads\/2021\/11\/260867477_194294379560081_5922141024027463724_n-300x225.jpeg 300w, https:\/\/www.movilidadmachala.gob.ec\/web\/wp-content\/uploads\/2021\/11\/260867477_194294379560081_5922141024027463724_n-1024x767.jpeg 1024w, https:\/\/www.movilidadmachala.gob.ec\/web\/wp-content\/uploads\/2021\/11\/260867477_194294379560081_5922141024027463724_n-768x575.jpeg 768w, https:\/\/www.movilidadmachala.gob.ec\/web\/wp-content\/uploads\/2021\/11\/260867477_194294379560081_5922141024027463724_n-370x277.jpeg 370w, https:\/\/www.movilidadmachala.gob.ec\/web\/wp-content\/uploads\/2021\/11\/260867477_194294379560081_5922141024027463724_n-760x569.jpeg 760w, https:\/\/www.movilidadmachala.gob.ec\/web\/wp-content\/uploads\/2021\/11\/260867477_194294379560081_5922141024027463724_n.jpeg 1280w\" sizes=\"auto, (max-width: 660px) 100vw, 660px\" \/><\/div>\n<div dir=\"auto\" style=\"text-align: center;\"><\/div>\n<div dir=\"auto\"><img loading=\"lazy\" decoding=\"async\" class=\"alignnone  wp-image-2033 aligncenter\" src=\"https:\/\/www.movilidadmachala.gob.ec\/web\/wp-content\/uploads\/2021\/11\/260465396_194294389560080_5341216142952569806_n-300x225.jpeg\" alt=\"\" width=\"655\" height=\"491\" srcset=\"https:\/\/www.movilidadmachala.gob.ec\/web\/wp-content\/uploads\/2021\/11\/260465396_194294389560080_5341216142952569806_n-300x225.jpeg 300w, https:\/\/www.movilidadmachala.gob.ec\/web\/wp-content\/uploads\/2021\/11\/260465396_194294389560080_5341216142952569806_n-1024x767.jpeg 1024w, https:\/\/www.movilidadmachala.gob.ec\/web\/wp-content\/uploads\/2021\/11\/260465396_194294389560080_5341216142952569806_n-768x575.jpeg 768w, https:\/\/www.movilidadmachala.gob.ec\/web\/wp-content\/uploads\/2021\/11\/260465396_194294389560080_5341216142952569806_n-370x277.jpeg 370w, https:\/\/www.movilidadmachala.gob.ec\/web\/wp-content\/uploads\/2021\/11\/260465396_194294389560080_5341216142952569806_n-760x569.jpeg 760w, https:\/\/www.movilidadmachala.gob.ec\/web\/wp-content\/uploads\/2021\/11\/260465396_194294389560080_5341216142952569806_n.jpeg 1280w\" sizes=\"auto, (max-width: 655px) 100vw, 655px\" \/><\/div>\n<div dir=\"auto\"><\/div>\n","protected":false},"excerpt":{"rendered":"<p>Como cada lunes, se realiz\u00f3 el Minuto C\u00edvico en instalaciones de Movilidad Machala (Control y Vigilancia) en donde se cont\u00f3 con la presencia de auxiliares de SERTMA y personal administrativo. #MinutoC\u00edvico #MovilidadMachalaEP #Dar\u00edoMacasAlcalde<\/p>\n","protected":false},"author":1,"featured_media":2036,"comment_status":"closed","ping_status":"closed","sticky":false,"template":"","format":"standard","meta":{"footnotes":""},"categories":[35],"tags":[],"class_list":["post-2105","post","type-post","status-publish","format-standard","has-post-thumbnail","hentry","category-noticias"],"_links":{"self":[{"href":"https:\/\/www.movilidadmachala.gob.ec\/web\/wp-json\/wp\/v2\/posts\/2105","targetHints":{"allow":["GET"]}}],"collection":[{"href":"https:\/\/www.movilidadmachala.gob.ec\/web\/wp-json\/wp\/v2\/posts"}],"about":[{"href":"https:\/\/www.movilidadmachala.gob.ec\/web\/wp-json\/wp\/v2\/types\/post"}],"author":[{"embeddable":true,"href":"https:\/\/www.movilidadmachala.gob.ec\/web\/wp-json\/wp\/v2\/users\/1"}],"replies":[{"embeddable":true,"href":"https:\/\/www.movilidadmachala.gob.ec\/web\/wp-json\/wp\/v2\/comments?post=2105"}],"version-history":[{"count":1,"href":"https:\/\/www.movilidadmachala.gob.ec\/web\/wp-json\/wp\/v2\/posts\/2105\/revisions"}],"predecessor-version":[{"id":2106,"href":"https:\/\/www.movilidadmachala.gob.ec\/web\/wp-json\/wp\/v2\/posts\/2105\/revisions\/2106"}],"wp:featuredmedia":[{"embeddable":true,"href":"https:\/\/www.movilidadmachala.gob.ec\/web\/wp-json\/wp\/v2\/media\/2036"}],"wp:attachment":[{"href":"https:\/\/www.movilidadmachala.gob.ec\/web\/wp-json\/wp\/v2\/media?parent=2105"}],"wp:term":[{"taxonomy":"category","embeddable":true,"href":"https:\/\/www.movilidadmachala.gob.ec\/web\/wp-json\/wp\/v2\/categories?post=2105"},{"taxonomy":"post_tag","embeddable":true,"href":"https:\/\/www.movilidadmachala.gob.ec\/web\/wp-json\/wp\/v2\/tags?post=2105"}],"curies":[{"name":"wp","href":"https:\/\/api.w.org\/{rel}","templated":true}]}}