{"id":2161,"date":"2021-12-01T14:34:06","date_gmt":"2021-12-01T19:34:06","guid":{"rendered":"https:\/\/www.movilidadmachala.gob.ec\/web\/?p=2161"},"modified":"2021-12-07T10:35:33","modified_gmt":"2021-12-07T15:35:33","slug":"campana-seguridad-vial","status":"publish","type":"post","link":"https:\/\/www.movilidadmachala.gob.ec\/web\/campana-seguridad-vial\/","title":{"rendered":"Campa\u00f1a Seguridad Vial"},"content":{"rendered":"<div class=\"kvgmc6g5 cxmmr5t8 oygrvhab hcukyx3x c1et5uql ii04i59q\">\n<div dir=\"auto\"><a class=\"oajrlxb2 g5ia77u1 qu0x051f esr5mh6w e9989ue4 r7d6kgcz rq0escxv nhd2j8a9 nc684nl6 p7hjln8o kvgmc6g5 cxmmr5t8 oygrvhab hcukyx3x jb3vyjys rz4wbd8a qt6c0cv9 a8nywdso i1ao9s8h esuyzwwr f1sip0of lzcic4wl q66pz984 gpro0wi8 b1v8xokw\" tabindex=\"0\" role=\"link\" href=\"https:\/\/www.facebook.com\/hashtag\/campa%C3%B1aseguridadvial?__eep__=6&amp;__cft__[0]=AZVMQXAa5u3EkzjC5yQya21R0B1wN28qiOU_y5KyUrLS8cU5iF0yYDe1PKaypyJAWjMKaY4KMtfwFjQUTCAOZ1_TaguCZdAwm9UjwsxNzhlN4tJL63avoJd8kX7Q5Neq5j7CPgKeuNMDoc4ZnigYv2Jr&amp;__tn__=*NK-R\">#Campa\u00f1aSeguridadVial<\/a><\/div>\n<\/div>\n<div class=\"o9v6fnle cxmmr5t8 oygrvhab hcukyx3x c1et5uql ii04i59q\">\n<div dir=\"auto\">Hoy es el d\u00eda mundial del cintur\u00f3n de seguridad y Movilidad Machala EP lo celebra realizando una campa\u00f1a de concientizaci\u00f3n en la Av. 25 de Junio y 10 de Agosto.<\/div>\n<\/div>\n<div class=\"o9v6fnle cxmmr5t8 oygrvhab hcukyx3x c1et5uql ii04i59q\">\n<div dir=\"auto\">El objetivo es controlar el buen uso del cintur\u00f3n en los conductores y as\u00ed evitar posibles accidentes, multas y sanciones.<\/div>\n<\/div>\n<div class=\"o9v6fnle cxmmr5t8 oygrvhab hcukyx3x c1et5uql ii04i59q\">\n<div dir=\"auto\"><a class=\"oajrlxb2 g5ia77u1 qu0x051f esr5mh6w e9989ue4 r7d6kgcz rq0escxv nhd2j8a9 nc684nl6 p7hjln8o kvgmc6g5 cxmmr5t8 oygrvhab hcukyx3x jb3vyjys rz4wbd8a qt6c0cv9 a8nywdso i1ao9s8h esuyzwwr f1sip0of lzcic4wl q66pz984 gpro0wi8 b1v8xokw\" tabindex=\"0\" role=\"link\" href=\"https:\/\/www.facebook.com\/hashtag\/trabajandoportuseguridad?__eep__=6&amp;__cft__[0]=AZVMQXAa5u3EkzjC5yQya21R0B1wN28qiOU_y5KyUrLS8cU5iF0yYDe1PKaypyJAWjMKaY4KMtfwFjQUTCAOZ1_TaguCZdAwm9UjwsxNzhlN4tJL63avoJd8kX7Q5Neq5j7CPgKeuNMDoc4ZnigYv2Jr&amp;__tn__=*NK-R\">#TrabajandoPorTuSeguridad<\/a><\/div>\n<\/div>\n<div class=\"o9v6fnle cxmmr5t8 oygrvhab hcukyx3x c1et5uql ii04i59q\">\n<div dir=\"auto\"><a class=\"oajrlxb2 g5ia77u1 qu0x051f esr5mh6w e9989ue4 r7d6kgcz rq0escxv nhd2j8a9 nc684nl6 p7hjln8o kvgmc6g5 cxmmr5t8 oygrvhab hcukyx3x jb3vyjys rz4wbd8a qt6c0cv9 a8nywdso i1ao9s8h esuyzwwr f1sip0of lzcic4wl q66pz984 gpro0wi8 b1v8xokw\" tabindex=\"0\" role=\"link\" href=\"https:\/\/www.facebook.com\/hashtag\/movilidadmachalaep?__eep__=6&amp;__cft__[0]=AZVMQXAa5u3EkzjC5yQya21R0B1wN28qiOU_y5KyUrLS8cU5iF0yYDe1PKaypyJAWjMKaY4KMtfwFjQUTCAOZ1_TaguCZdAwm9UjwsxNzhlN4tJL63avoJd8kX7Q5Neq5j7CPgKeuNMDoc4ZnigYv2Jr&amp;__tn__=*NK-R\">#MovilidadMachalaEP<\/a><\/div>\n<\/div>\n<div class=\"o9v6fnle cxmmr5t8 oygrvhab hcukyx3x c1et5uql ii04i59q\">\n<div dir=\"auto\"><a class=\"oajrlxb2 g5ia77u1 qu0x051f esr5mh6w e9989ue4 r7d6kgcz rq0escxv nhd2j8a9 nc684nl6 p7hjln8o kvgmc6g5 cxmmr5t8 oygrvhab hcukyx3x jb3vyjys rz4wbd8a qt6c0cv9 a8nywdso i1ao9s8h esuyzwwr f1sip0of lzcic4wl q66pz984 gpro0wi8 b1v8xokw\" tabindex=\"0\" role=\"link\" href=\"https:\/\/www.facebook.com\/hashtag\/dar%C3%ADomacasalcalde?__eep__=6&amp;__cft__[0]=AZVMQXAa5u3EkzjC5yQya21R0B1wN28qiOU_y5KyUrLS8cU5iF0yYDe1PKaypyJAWjMKaY4KMtfwFjQUTCAOZ1_TaguCZdAwm9UjwsxNzhlN4tJL63avoJd8kX7Q5Neq5j7CPgKeuNMDoc4ZnigYv2Jr&amp;__tn__=*NK-R\">#Dar\u00edoMacasAlcalde<\/a><\/div>\n<\/div>\n<div dir=\"auto\"><\/div>\n<div dir=\"auto\"><img loading=\"lazy\" decoding=\"async\" class=\"alignnone  wp-image-2148 aligncenter\" src=\"https:\/\/www.movilidadmachala.gob.ec\/web\/wp-content\/uploads\/2021\/12\/257270599_195680389421480_5988453034370953871_n-300x225.jpeg\" alt=\"\" width=\"653\" height=\"490\" srcset=\"https:\/\/www.movilidadmachala.gob.ec\/web\/wp-content\/uploads\/2021\/12\/257270599_195680389421480_5988453034370953871_n-300x225.jpeg 300w, https:\/\/www.movilidadmachala.gob.ec\/web\/wp-content\/uploads\/2021\/12\/257270599_195680389421480_5988453034370953871_n-1024x767.jpeg 1024w, https:\/\/www.movilidadmachala.gob.ec\/web\/wp-content\/uploads\/2021\/12\/257270599_195680389421480_5988453034370953871_n-768x575.jpeg 768w, https:\/\/www.movilidadmachala.gob.ec\/web\/wp-content\/uploads\/2021\/12\/257270599_195680389421480_5988453034370953871_n-370x277.jpeg 370w, https:\/\/www.movilidadmachala.gob.ec\/web\/wp-content\/uploads\/2021\/12\/257270599_195680389421480_5988453034370953871_n-760x569.jpeg 760w, https:\/\/www.movilidadmachala.gob.ec\/web\/wp-content\/uploads\/2021\/12\/257270599_195680389421480_5988453034370953871_n.jpeg 1280w\" sizes=\"auto, (max-width: 653px) 100vw, 653px\" \/><\/div>\n<div dir=\"auto\" style=\"text-align: center;\"><\/div>\n<div dir=\"auto\"><img loading=\"lazy\" decoding=\"async\" class=\"alignnone  wp-image-2147 aligncenter\" src=\"https:\/\/www.movilidadmachala.gob.ec\/web\/wp-content\/uploads\/2021\/12\/263169003_195680382754814_2973781168727319493_n-300x225.jpeg\" alt=\"\" width=\"648\" height=\"486\" srcset=\"https:\/\/www.movilidadmachala.gob.ec\/web\/wp-content\/uploads\/2021\/12\/263169003_195680382754814_2973781168727319493_n-300x225.jpeg 300w, https:\/\/www.movilidadmachala.gob.ec\/web\/wp-content\/uploads\/2021\/12\/263169003_195680382754814_2973781168727319493_n-1024x767.jpeg 1024w, https:\/\/www.movilidadmachala.gob.ec\/web\/wp-content\/uploads\/2021\/12\/263169003_195680382754814_2973781168727319493_n-768x575.jpeg 768w, https:\/\/www.movilidadmachala.gob.ec\/web\/wp-content\/uploads\/2021\/12\/263169003_195680382754814_2973781168727319493_n-370x277.jpeg 370w, https:\/\/www.movilidadmachala.gob.ec\/web\/wp-content\/uploads\/2021\/12\/263169003_195680382754814_2973781168727319493_n-760x569.jpeg 760w, https:\/\/www.movilidadmachala.gob.ec\/web\/wp-content\/uploads\/2021\/12\/263169003_195680382754814_2973781168727319493_n.jpeg 1280w\" sizes=\"auto, (max-width: 648px) 100vw, 648px\" \/><\/div>\n","protected":false},"excerpt":{"rendered":"<p>#Campa\u00f1aSeguridadVial Hoy es el d\u00eda mundial del cintur\u00f3n de seguridad y Movilidad Machala EP lo celebra realizando una campa\u00f1a de concientizaci\u00f3n en la Av. 25 de Junio y 10 de Agosto. El objetivo es controlar el buen uso del cintur\u00f3n&hellip;<\/p>\n","protected":false},"author":1,"featured_media":2149,"comment_status":"closed","ping_status":"closed","sticky":false,"template":"","format":"standard","meta":{"footnotes":""},"categories":[35],"tags":[],"class_list":["post-2161","post","type-post","status-publish","format-standard","has-post-thumbnail","hentry","category-noticias"],"_links":{"self":[{"href":"https:\/\/www.movilidadmachala.gob.ec\/web\/wp-json\/wp\/v2\/posts\/2161","targetHints":{"allow":["GET"]}}],"collection":[{"href":"https:\/\/www.movilidadmachala.gob.ec\/web\/wp-json\/wp\/v2\/posts"}],"about":[{"href":"https:\/\/www.movilidadmachala.gob.ec\/web\/wp-json\/wp\/v2\/types\/post"}],"author":[{"embeddable":true,"href":"https:\/\/www.movilidadmachala.gob.ec\/web\/wp-json\/wp\/v2\/users\/1"}],"replies":[{"embeddable":true,"href":"https:\/\/www.movilidadmachala.gob.ec\/web\/wp-json\/wp\/v2\/comments?post=2161"}],"version-history":[{"count":1,"href":"https:\/\/www.movilidadmachala.gob.ec\/web\/wp-json\/wp\/v2\/posts\/2161\/revisions"}],"predecessor-version":[{"id":2162,"href":"https:\/\/www.movilidadmachala.gob.ec\/web\/wp-json\/wp\/v2\/posts\/2161\/revisions\/2162"}],"wp:featuredmedia":[{"embeddable":true,"href":"https:\/\/www.movilidadmachala.gob.ec\/web\/wp-json\/wp\/v2\/media\/2149"}],"wp:attachment":[{"href":"https:\/\/www.movilidadmachala.gob.ec\/web\/wp-json\/wp\/v2\/media?parent=2161"}],"wp:term":[{"taxonomy":"category","embeddable":true,"href":"https:\/\/www.movilidadmachala.gob.ec\/web\/wp-json\/wp\/v2\/categories?post=2161"},{"taxonomy":"post_tag","embeddable":true,"href":"https:\/\/www.movilidadmachala.gob.ec\/web\/wp-json\/wp\/v2\/tags?post=2161"}],"curies":[{"name":"wp","href":"https:\/\/api.w.org\/{rel}","templated":true}]}}