{"id":2174,"date":"2021-12-02T17:50:39","date_gmt":"2021-12-02T22:50:39","guid":{"rendered":"https:\/\/www.movilidadmachala.gob.ec\/web\/?p=2174"},"modified":"2021-12-07T10:52:29","modified_gmt":"2021-12-07T15:52:29","slug":"campana-de-seguridad-vial-4","status":"publish","type":"post","link":"https:\/\/www.movilidadmachala.gob.ec\/web\/campana-de-seguridad-vial-4\/","title":{"rendered":"Campa\u00f1a de Seguridad Vial"},"content":{"rendered":"<div class=\"kvgmc6g5 cxmmr5t8 oygrvhab hcukyx3x c1et5uql ii04i59q\">\n<div dir=\"auto\"><a class=\"oajrlxb2 g5ia77u1 qu0x051f esr5mh6w e9989ue4 r7d6kgcz rq0escxv nhd2j8a9 nc684nl6 p7hjln8o kvgmc6g5 cxmmr5t8 oygrvhab hcukyx3x jb3vyjys rz4wbd8a qt6c0cv9 a8nywdso i1ao9s8h esuyzwwr f1sip0of lzcic4wl q66pz984 gpro0wi8 b1v8xokw\" tabindex=\"0\" role=\"link\" href=\"https:\/\/www.facebook.com\/hashtag\/campa%C3%B1adeseguridadvial?__eep__=6&amp;__cft__[0]=AZU7fEZbrLStjRJ-f7Hb0TZoEXWTxPxyhAH_PFqcGgVcgKKXc0fAOK2aKM2VOVoRttA8OjchUZNsN669nqvw1uasIBGgmj4SfVIQYDQtV2ti5YXA9ord6P6IrbIaznCIZrIP-ggRldliWTTsvO2_XNjH&amp;__tn__=*NK-R\">#Campa\u00f1aDeSeguridadVial<\/a><\/div>\n<\/div>\n<div class=\"o9v6fnle cxmmr5t8 oygrvhab hcukyx3x c1et5uql ii04i59q\">\n<div dir=\"auto\">Continuamos con campa\u00f1as de seguridad vial, esta vez en las calles Ar\u00edzaga y 9 de Mayo, socializando con la ciudadan\u00eda sobre el uso obligatorio del cintur\u00f3n.<\/div>\n<\/div>\n<div class=\"o9v6fnle cxmmr5t8 oygrvhab hcukyx3x c1et5uql ii04i59q\">\n<div dir=\"auto\">Evitemos multas y sanciones, seamos responsables.<\/div>\n<\/div>\n<div class=\"o9v6fnle cxmmr5t8 oygrvhab hcukyx3x c1et5uql ii04i59q\">\n<div dir=\"auto\">Recuerda que tu familia te espera en casa, utiliza el cintur\u00f3n de seguridad.<\/div>\n<\/div>\n<div class=\"o9v6fnle cxmmr5t8 oygrvhab hcukyx3x c1et5uql ii04i59q\">\n<div dir=\"auto\"><a class=\"oajrlxb2 g5ia77u1 qu0x051f esr5mh6w e9989ue4 r7d6kgcz rq0escxv nhd2j8a9 nc684nl6 p7hjln8o kvgmc6g5 cxmmr5t8 oygrvhab hcukyx3x jb3vyjys rz4wbd8a qt6c0cv9 a8nywdso i1ao9s8h esuyzwwr f1sip0of lzcic4wl q66pz984 gpro0wi8 b1v8xokw\" tabindex=\"0\" role=\"link\" href=\"https:\/\/www.facebook.com\/hashtag\/trabajandoportuseguridad?__eep__=6&amp;__cft__[0]=AZU7fEZbrLStjRJ-f7Hb0TZoEXWTxPxyhAH_PFqcGgVcgKKXc0fAOK2aKM2VOVoRttA8OjchUZNsN669nqvw1uasIBGgmj4SfVIQYDQtV2ti5YXA9ord6P6IrbIaznCIZrIP-ggRldliWTTsvO2_XNjH&amp;__tn__=*NK-R\">#TrabajandoPorTuSeguridad<\/a><\/div>\n<\/div>\n<div class=\"o9v6fnle cxmmr5t8 oygrvhab hcukyx3x c1et5uql ii04i59q\">\n<div dir=\"auto\"><a class=\"oajrlxb2 g5ia77u1 qu0x051f esr5mh6w e9989ue4 r7d6kgcz rq0escxv nhd2j8a9 nc684nl6 p7hjln8o kvgmc6g5 cxmmr5t8 oygrvhab hcukyx3x jb3vyjys rz4wbd8a qt6c0cv9 a8nywdso i1ao9s8h esuyzwwr f1sip0of lzcic4wl q66pz984 gpro0wi8 b1v8xokw\" tabindex=\"0\" role=\"link\" href=\"https:\/\/www.facebook.com\/hashtag\/movilidadmachalaep?__eep__=6&amp;__cft__[0]=AZU7fEZbrLStjRJ-f7Hb0TZoEXWTxPxyhAH_PFqcGgVcgKKXc0fAOK2aKM2VOVoRttA8OjchUZNsN669nqvw1uasIBGgmj4SfVIQYDQtV2ti5YXA9ord6P6IrbIaznCIZrIP-ggRldliWTTsvO2_XNjH&amp;__tn__=*NK-R\">#MovilidadMachalaEP<\/a><\/div>\n<div dir=\"auto\"><a class=\"oajrlxb2 g5ia77u1 qu0x051f esr5mh6w e9989ue4 r7d6kgcz rq0escxv nhd2j8a9 nc684nl6 p7hjln8o kvgmc6g5 cxmmr5t8 oygrvhab hcukyx3x jb3vyjys rz4wbd8a qt6c0cv9 a8nywdso i1ao9s8h esuyzwwr f1sip0of lzcic4wl q66pz984 gpro0wi8 b1v8xokw\" tabindex=\"0\" role=\"link\" href=\"https:\/\/www.facebook.com\/hashtag\/dar%C3%ADomacasalcalde?__eep__=6&amp;__cft__[0]=AZU7fEZbrLStjRJ-f7Hb0TZoEXWTxPxyhAH_PFqcGgVcgKKXc0fAOK2aKM2VOVoRttA8OjchUZNsN669nqvw1uasIBGgmj4SfVIQYDQtV2ti5YXA9ord6P6IrbIaznCIZrIP-ggRldliWTTsvO2_XNjH&amp;__tn__=*NK-R\">#Dar\u00edoMacasAlcalde<\/a><\/div>\n<\/div>\n<div dir=\"auto\"><\/div>\n<div dir=\"auto\"><img loading=\"lazy\" decoding=\"async\" class=\"alignnone  wp-image-2128 aligncenter\" src=\"https:\/\/www.movilidadmachala.gob.ec\/web\/wp-content\/uploads\/2021\/12\/257981571_196391529350366_6289811772208540878_n-300x225.jpeg\" alt=\"\" width=\"652\" height=\"489\" srcset=\"https:\/\/www.movilidadmachala.gob.ec\/web\/wp-content\/uploads\/2021\/12\/257981571_196391529350366_6289811772208540878_n-300x225.jpeg 300w, https:\/\/www.movilidadmachala.gob.ec\/web\/wp-content\/uploads\/2021\/12\/257981571_196391529350366_6289811772208540878_n-1024x767.jpeg 1024w, https:\/\/www.movilidadmachala.gob.ec\/web\/wp-content\/uploads\/2021\/12\/257981571_196391529350366_6289811772208540878_n-768x575.jpeg 768w, https:\/\/www.movilidadmachala.gob.ec\/web\/wp-content\/uploads\/2021\/12\/257981571_196391529350366_6289811772208540878_n-370x277.jpeg 370w, https:\/\/www.movilidadmachala.gob.ec\/web\/wp-content\/uploads\/2021\/12\/257981571_196391529350366_6289811772208540878_n-760x569.jpeg 760w, https:\/\/www.movilidadmachala.gob.ec\/web\/wp-content\/uploads\/2021\/12\/257981571_196391529350366_6289811772208540878_n.jpeg 1280w\" sizes=\"auto, (max-width: 652px) 100vw, 652px\" \/><\/div>\n<div dir=\"auto\" style=\"text-align: center;\"><\/div>\n<div dir=\"auto\"><img loading=\"lazy\" decoding=\"async\" class=\"alignnone  wp-image-2126 aligncenter\" src=\"https:\/\/www.movilidadmachala.gob.ec\/web\/wp-content\/uploads\/2021\/12\/259105680_196391546017031_1778258388147259058_n-300x225.jpeg\" alt=\"\" width=\"651\" height=\"488\" srcset=\"https:\/\/www.movilidadmachala.gob.ec\/web\/wp-content\/uploads\/2021\/12\/259105680_196391546017031_1778258388147259058_n-300x225.jpeg 300w, https:\/\/www.movilidadmachala.gob.ec\/web\/wp-content\/uploads\/2021\/12\/259105680_196391546017031_1778258388147259058_n-1024x767.jpeg 1024w, https:\/\/www.movilidadmachala.gob.ec\/web\/wp-content\/uploads\/2021\/12\/259105680_196391546017031_1778258388147259058_n-768x575.jpeg 768w, https:\/\/www.movilidadmachala.gob.ec\/web\/wp-content\/uploads\/2021\/12\/259105680_196391546017031_1778258388147259058_n-370x277.jpeg 370w, https:\/\/www.movilidadmachala.gob.ec\/web\/wp-content\/uploads\/2021\/12\/259105680_196391546017031_1778258388147259058_n-760x569.jpeg 760w, https:\/\/www.movilidadmachala.gob.ec\/web\/wp-content\/uploads\/2021\/12\/259105680_196391546017031_1778258388147259058_n.jpeg 1280w\" sizes=\"auto, (max-width: 651px) 100vw, 651px\" \/><\/div>\n","protected":false},"excerpt":{"rendered":"<p>#Campa\u00f1aDeSeguridadVial Continuamos con campa\u00f1as de seguridad vial, esta vez en las calles Ar\u00edzaga y 9 de Mayo, socializando con la ciudadan\u00eda sobre el uso obligatorio del cintur\u00f3n. Evitemos multas y sanciones, seamos responsables. Recuerda que tu familia te espera en&hellip;<\/p>\n","protected":false},"author":1,"featured_media":2127,"comment_status":"closed","ping_status":"closed","sticky":false,"template":"","format":"standard","meta":{"footnotes":""},"categories":[35],"tags":[],"class_list":["post-2174","post","type-post","status-publish","format-standard","has-post-thumbnail","hentry","category-noticias"],"_links":{"self":[{"href":"https:\/\/www.movilidadmachala.gob.ec\/web\/wp-json\/wp\/v2\/posts\/2174","targetHints":{"allow":["GET"]}}],"collection":[{"href":"https:\/\/www.movilidadmachala.gob.ec\/web\/wp-json\/wp\/v2\/posts"}],"about":[{"href":"https:\/\/www.movilidadmachala.gob.ec\/web\/wp-json\/wp\/v2\/types\/post"}],"author":[{"embeddable":true,"href":"https:\/\/www.movilidadmachala.gob.ec\/web\/wp-json\/wp\/v2\/users\/1"}],"replies":[{"embeddable":true,"href":"https:\/\/www.movilidadmachala.gob.ec\/web\/wp-json\/wp\/v2\/comments?post=2174"}],"version-history":[{"count":1,"href":"https:\/\/www.movilidadmachala.gob.ec\/web\/wp-json\/wp\/v2\/posts\/2174\/revisions"}],"predecessor-version":[{"id":2175,"href":"https:\/\/www.movilidadmachala.gob.ec\/web\/wp-json\/wp\/v2\/posts\/2174\/revisions\/2175"}],"wp:featuredmedia":[{"embeddable":true,"href":"https:\/\/www.movilidadmachala.gob.ec\/web\/wp-json\/wp\/v2\/media\/2127"}],"wp:attachment":[{"href":"https:\/\/www.movilidadmachala.gob.ec\/web\/wp-json\/wp\/v2\/media?parent=2174"}],"wp:term":[{"taxonomy":"category","embeddable":true,"href":"https:\/\/www.movilidadmachala.gob.ec\/web\/wp-json\/wp\/v2\/categories?post=2174"},{"taxonomy":"post_tag","embeddable":true,"href":"https:\/\/www.movilidadmachala.gob.ec\/web\/wp-json\/wp\/v2\/tags?post=2174"}],"curies":[{"name":"wp","href":"https:\/\/api.w.org\/{rel}","templated":true}]}}