{"id":2295,"date":"2021-12-08T10:16:49","date_gmt":"2021-12-08T15:16:49","guid":{"rendered":"https:\/\/www.movilidadmachala.gob.ec\/web\/?p=2295"},"modified":"2022-01-03T09:17:59","modified_gmt":"2022-01-03T14:17:59","slug":"matriculacion-diciembre","status":"publish","type":"post","link":"https:\/\/www.movilidadmachala.gob.ec\/web\/matriculacion-diciembre\/","title":{"rendered":"Matriculaci\u00f3n Diciembre"},"content":{"rendered":"<div class=\"kvgmc6g5 cxmmr5t8 oygrvhab hcukyx3x c1et5uql ii04i59q\">\n<div dir=\"auto\">No olvides ponerte al d\u00eda y matricula tu veh\u00edculo.<\/div>\n<div dir=\"auto\">En este mes pueden realizar la revisi\u00f3n todos los automotores con d\u00edgitos rezagados del 0 al 9.<\/div>\n<\/div>\n<div class=\"cxmmr5t8 oygrvhab hcukyx3x c1et5uql o9v6fnle ii04i59q\">\n<div dir=\"auto\">Evite las aglomeraciones, utilice los canales electr\u00f3nicos de la entidad.<\/div>\n<\/div>\n<div class=\"cxmmr5t8 oygrvhab hcukyx3x c1et5uql o9v6fnle ii04i59q\">\n<div dir=\"auto\">Visite nuestra p\u00e1gina web para obtener tu turno: <a class=\"oajrlxb2 g5ia77u1 qu0x051f esr5mh6w e9989ue4 r7d6kgcz rq0escxv nhd2j8a9 nc684nl6 p7hjln8o kvgmc6g5 cxmmr5t8 oygrvhab hcukyx3x jb3vyjys rz4wbd8a qt6c0cv9 a8nywdso i1ao9s8h esuyzwwr f1sip0of lzcic4wl gpro0wi8 py34i1dx\" tabindex=\"0\" role=\"link\" href=\"http:\/\/www.movilidadmachala.gob.ec\/?fbclid=IwAR2TdT4tAw_zoyeftSNH52nEbMNS06jjKImgbh4pk4_Paf1cQEcUOObUQzM\" target=\"_blank\" rel=\"nofollow noopener\">www.movilidadmachala.gob.ec<\/a><\/div>\n<\/div>\n<div class=\"cxmmr5t8 oygrvhab hcukyx3x c1et5uql o9v6fnle ii04i59q\">\n<div dir=\"auto\"><a class=\"oajrlxb2 g5ia77u1 qu0x051f esr5mh6w e9989ue4 r7d6kgcz rq0escxv nhd2j8a9 nc684nl6 p7hjln8o kvgmc6g5 cxmmr5t8 oygrvhab hcukyx3x jb3vyjys rz4wbd8a qt6c0cv9 a8nywdso i1ao9s8h esuyzwwr f1sip0of lzcic4wl gpro0wi8 q66pz984 b1v8xokw\" tabindex=\"0\" role=\"link\" href=\"https:\/\/www.facebook.com\/hashtag\/movilidadmachalaep?__eep__=6&amp;__cft__[0]=AZVwQEnm8L2eNaNOqGdtElcEvNHzn3NmB4GU6mvUIDi1z4V8gx5H8B5TSMtD-zgrV8g7juIHAoHtmcOxmNVicclKsVaZnKR1oUw7RR3hwHkyIARgPzR0WkFy5BIZAfTp4WnCV4yBw4umt6dF3Kxe_HFe&amp;__tn__=*NK-R\">#MovilidadMachalaEP<\/a><\/div>\n<div dir=\"auto\"><a class=\"oajrlxb2 g5ia77u1 qu0x051f esr5mh6w e9989ue4 r7d6kgcz rq0escxv nhd2j8a9 nc684nl6 p7hjln8o kvgmc6g5 cxmmr5t8 oygrvhab hcukyx3x jb3vyjys rz4wbd8a qt6c0cv9 a8nywdso i1ao9s8h esuyzwwr f1sip0of lzcic4wl gpro0wi8 q66pz984 b1v8xokw\" tabindex=\"0\" role=\"link\" href=\"https:\/\/www.facebook.com\/hashtag\/dar%C3%ADomacasalcalde?__eep__=6&amp;__cft__[0]=AZVwQEnm8L2eNaNOqGdtElcEvNHzn3NmB4GU6mvUIDi1z4V8gx5H8B5TSMtD-zgrV8g7juIHAoHtmcOxmNVicclKsVaZnKR1oUw7RR3hwHkyIARgPzR0WkFy5BIZAfTp4WnCV4yBw4umt6dF3Kxe_HFe&amp;__tn__=*NK-R\">#Dar\u00edoMacasAlcalde<\/a><\/div>\n<\/div>\n","protected":false},"excerpt":{"rendered":"<p>No olvides ponerte al d\u00eda y matricula tu veh\u00edculo. En este mes pueden realizar la revisi\u00f3n todos los automotores con d\u00edgitos rezagados del 0 al 9. Evite las aglomeraciones, utilice los canales electr\u00f3nicos de la entidad. Visite nuestra p\u00e1gina web&hellip;<\/p>\n","protected":false},"author":1,"featured_media":2284,"comment_status":"closed","ping_status":"closed","sticky":false,"template":"","format":"standard","meta":{"footnotes":""},"categories":[35],"tags":[],"class_list":["post-2295","post","type-post","status-publish","format-standard","has-post-thumbnail","hentry","category-noticias"],"_links":{"self":[{"href":"https:\/\/www.movilidadmachala.gob.ec\/web\/wp-json\/wp\/v2\/posts\/2295","targetHints":{"allow":["GET"]}}],"collection":[{"href":"https:\/\/www.movilidadmachala.gob.ec\/web\/wp-json\/wp\/v2\/posts"}],"about":[{"href":"https:\/\/www.movilidadmachala.gob.ec\/web\/wp-json\/wp\/v2\/types\/post"}],"author":[{"embeddable":true,"href":"https:\/\/www.movilidadmachala.gob.ec\/web\/wp-json\/wp\/v2\/users\/1"}],"replies":[{"embeddable":true,"href":"https:\/\/www.movilidadmachala.gob.ec\/web\/wp-json\/wp\/v2\/comments?post=2295"}],"version-history":[{"count":1,"href":"https:\/\/www.movilidadmachala.gob.ec\/web\/wp-json\/wp\/v2\/posts\/2295\/revisions"}],"predecessor-version":[{"id":2296,"href":"https:\/\/www.movilidadmachala.gob.ec\/web\/wp-json\/wp\/v2\/posts\/2295\/revisions\/2296"}],"wp:featuredmedia":[{"embeddable":true,"href":"https:\/\/www.movilidadmachala.gob.ec\/web\/wp-json\/wp\/v2\/media\/2284"}],"wp:attachment":[{"href":"https:\/\/www.movilidadmachala.gob.ec\/web\/wp-json\/wp\/v2\/media?parent=2295"}],"wp:term":[{"taxonomy":"category","embeddable":true,"href":"https:\/\/www.movilidadmachala.gob.ec\/web\/wp-json\/wp\/v2\/categories?post=2295"},{"taxonomy":"post_tag","embeddable":true,"href":"https:\/\/www.movilidadmachala.gob.ec\/web\/wp-json\/wp\/v2\/tags?post=2295"}],"curies":[{"name":"wp","href":"https:\/\/api.w.org\/{rel}","templated":true}]}}