{"id":2340,"date":"2021-12-16T13:45:45","date_gmt":"2021-12-16T18:45:45","guid":{"rendered":"https:\/\/www.movilidadmachala.gob.ec\/web\/?p=2340"},"modified":"2023-06-14T03:05:46","modified_gmt":"2023-06-14T08:05:46","slug":"operativos-de-control-6","status":"publish","type":"post","link":"https:\/\/www.movilidadmachala.gob.ec\/web\/operativos-de-control-6\/","title":{"rendered":"Operativos de Control"},"content":{"rendered":"<div class=\"kvgmc6g5 cxmmr5t8 oygrvhab hcukyx3x c1et5uql ii04i59q\">\n<div dir=\"auto\"><a class=\"oajrlxb2 g5ia77u1 qu0x051f esr5mh6w e9989ue4 r7d6kgcz rq0escxv nhd2j8a9 nc684nl6 p7hjln8o kvgmc6g5 cxmmr5t8 oygrvhab hcukyx3x jb3vyjys rz4wbd8a qt6c0cv9 a8nywdso i1ao9s8h esuyzwwr f1sip0of lzcic4wl gpro0wi8 q66pz984 b1v8xokw\" tabindex=\"0\" role=\"link\" href=\"https:\/\/www.facebook.com\/hashtag\/sem%C3%A1foroenrojo?__eep__=6&amp;__cft__[0]=AZUffcJyQxRlXWWeTrc1AG95KSY-mf_XFa5nLPON_aD4tbU6RpnzPvhmhunYqSrVN_y81LfKJBAtwTLIlzvx4mlkwK6Zagc8VobKsNA6o0mLpF6ejctKx9vSQspimZ6y4aOybr4iQqMMkEozqwyHwnXA&amp;__tn__=*NK-R\">#Sem\u00e1foroEnRojo<\/a><\/div>\n<\/div>\n<div class=\"cxmmr5t8 oygrvhab hcukyx3x c1et5uql o9v6fnle ii04i59q\">\n<div dir=\"auto\">Se realizaron operativos de control de <a class=\"oajrlxb2 g5ia77u1 qu0x051f esr5mh6w e9989ue4 r7d6kgcz rq0escxv nhd2j8a9 nc684nl6 p7hjln8o kvgmc6g5 cxmmr5t8 oygrvhab hcukyx3x jb3vyjys rz4wbd8a qt6c0cv9 a8nywdso i1ao9s8h esuyzwwr f1sip0of lzcic4wl gpro0wi8 q66pz984 b1v8xokw\" tabindex=\"0\" role=\"link\" href=\"https:\/\/www.facebook.com\/hashtag\/sem%C3%A1foroenrojo?__eep__=6&amp;__cft__[0]=AZUffcJyQxRlXWWeTrc1AG95KSY-mf_XFa5nLPON_aD4tbU6RpnzPvhmhunYqSrVN_y81LfKJBAtwTLIlzvx4mlkwK6Zagc8VobKsNA6o0mLpF6ejctKx9vSQspimZ6y4aOybr4iQqMMkEozqwyHwnXA&amp;__tn__=*NK-R\">#Sem\u00e1foroEnRojo<\/a> en la Av. 25 de Junio, con el apoyo del Servicio de Investigaciones de Accidentes de Tr\u00e1nsito (SIAT) de la Polic\u00eda Nacional, a fin de controlar y observar a los veh\u00edculos que no respetan las se\u00f1ales de tr\u00e1nsito.<\/div>\n<div dir=\"auto\">Recuerda que no es por la multa sino por tu seguridad vial. Seamos responsables, evitemos <a href=\"https:\/\/www.bakirkoyfal.com\/\" title=\"\u015firinevler escort\">\u015firinevler escort<\/a> accidentes.<\/div>\n<\/div>\n<div class=\"cxmmr5t8 oygrvhab hcukyx3x c1et5uql o9v6fnle ii04i59q\">\n<div dir=\"auto\"><a class=\"oajrlxb2 g5ia77u1 qu0x051f esr5mh6w e9989ue4 r7d6kgcz rq0escxv nhd2j8a9 nc684nl6 p7hjln8o kvgmc6g5 cxmmr5t8 oygrvhab hcukyx3x jb3vyjys rz4wbd8a qt6c0cv9 a8nywdso i1ao9s8h esuyzwwr f1sip0of lzcic4wl gpro0wi8 q66pz984 b1v8xokw\" tabindex=\"0\" role=\"link\" href=\"https:\/\/www.facebook.com\/hashtag\/detenteenrojo?__eep__=6&amp;__cft__[0]=AZUffcJyQxRlXWWeTrc1AG95KSY-mf_XFa5nLPON_aD4tbU6RpnzPvhmhunYqSrVN_y81LfKJBAtwTLIlzvx4mlkwK6Zagc8VobKsNA6o0mLpF6ejctKx9vSQspimZ6y4aOybr4iQqMMkEozqwyHwnXA&amp;__tn__=*NK-R\">#DetenteEnRojo<\/a><\/div>\n<div dir=\"auto\"><a class=\"oajrlxb2 g5ia77u1 qu0x051f esr5mh6w e9989ue4 r7d6kgcz rq0escxv nhd2j8a9 nc684nl6 p7hjln8o kvgmc6g5 cxmmr5t8 oygrvhab hcukyx3x jb3vyjys rz4wbd8a qt6c0cv9 a8nywdso i1ao9s8h esuyzwwr f1sip0of lzcic4wl gpro0wi8 q66pz984 b1v8xokw\" tabindex=\"0\" role=\"link\" href=\"https:\/\/www.facebook.com\/hashtag\/movilidadmachalaep?__eep__=6&amp;__cft__[0]=AZUffcJyQxRlXWWeTrc1AG95KSY-mf_XFa5nLPON_aD4tbU6RpnzPvhmhunYqSrVN_y81LfKJBAtwTLIlzvx4mlkwK6Zagc8VobKsNA6o0mLpF6ejctKx9vSQspimZ6y4aOybr4iQqMMkEozqwyHwnXA&amp;__tn__=*NK-R\">#MovilidadMachalaEp<\/a><\/div>\n<div dir=\"auto\"><a class=\"oajrlxb2 g5ia77u1 qu0x051f esr5mh6w e9989ue4 r7d6kgcz rq0escxv nhd2j8a9 nc684nl6 p7hjln8o kvgmc6g5 cxmmr5t8 oygrvhab hcukyx3x jb3vyjys rz4wbd8a qt6c0cv9 a8nywdso i1ao9s8h esuyzwwr f1sip0of lzcic4wl gpro0wi8 q66pz984 b1v8xokw\" tabindex=\"0\" role=\"link\" href=\"https:\/\/www.facebook.com\/hashtag\/dar%C3%ADomacasalcalde?__eep__=6&amp;__cft__[0]=AZUffcJyQxRlXWWeTrc1AG95KSY-mf_XFa5nLPON_aD4tbU6RpnzPvhmhunYqSrVN_y81LfKJBAtwTLIlzvx4mlkwK6Zagc8VobKsNA6o0mLpF6ejctKx9vSQspimZ6y4aOybr4iQqMMkEozqwyHwnXA&amp;__tn__=*NK-R\">#Dar\u00edoMacasAlcalde<\/a><\/div>\n<\/div>\n<div dir=\"auto\"><\/div>\n<div dir=\"auto\"><img loading=\"lazy\" decoding=\"async\" class=\"alignnone wp-image-2249 aligncenter\" src=\"https:\/\/www.movilidadmachala.gob.ec\/web\/wp-content\/uploads\/2022\/01\/266125651_205376321785220_3668439973751116655_n-300x225.jpeg\" alt=\"\" width=\"639\" height=\"479\" srcset=\"https:\/\/www.movilidadmachala.gob.ec\/web\/wp-content\/uploads\/2022\/01\/266125651_205376321785220_3668439973751116655_n-300x225.jpeg 300w, https:\/\/www.movilidadmachala.gob.ec\/web\/wp-content\/uploads\/2022\/01\/266125651_205376321785220_3668439973751116655_n-1024x767.jpeg 1024w, https:\/\/www.movilidadmachala.gob.ec\/web\/wp-content\/uploads\/2022\/01\/266125651_205376321785220_3668439973751116655_n-768x575.jpeg 768w, https:\/\/www.movilidadmachala.gob.ec\/web\/wp-content\/uploads\/2022\/01\/266125651_205376321785220_3668439973751116655_n-370x277.jpeg 370w, https:\/\/www.movilidadmachala.gob.ec\/web\/wp-content\/uploads\/2022\/01\/266125651_205376321785220_3668439973751116655_n-760x569.jpeg 760w, https:\/\/www.movilidadmachala.gob.ec\/web\/wp-content\/uploads\/2022\/01\/266125651_205376321785220_3668439973751116655_n.jpeg 1280w\" sizes=\"auto, (max-width: 639px) 100vw, 639px\" \/><\/div>\n<div dir=\"auto\" style=\"text-align: center;\"><\/div>\n<div dir=\"auto\"><img loading=\"lazy\" decoding=\"async\" class=\"alignnone wp-image-2250 aligncenter\" src=\"https:\/\/www.movilidadmachala.gob.ec\/web\/wp-content\/uploads\/2022\/01\/268804707_205376318451887_5075188479749388865_n-300x225.jpeg\" alt=\"\" width=\"633\" height=\"475\" srcset=\"https:\/\/www.movilidadmachala.gob.ec\/web\/wp-content\/uploads\/2022\/01\/268804707_205376318451887_5075188479749388865_n-300x225.jpeg 300w, https:\/\/www.movilidadmachala.gob.ec\/web\/wp-content\/uploads\/2022\/01\/268804707_205376318451887_5075188479749388865_n-1024x767.jpeg 1024w, https:\/\/www.movilidadmachala.gob.ec\/web\/wp-content\/uploads\/2022\/01\/268804707_205376318451887_5075188479749388865_n-768x575.jpeg 768w, https:\/\/www.movilidadmachala.gob.ec\/web\/wp-content\/uploads\/2022\/01\/268804707_205376318451887_5075188479749388865_n-370x277.jpeg 370w, https:\/\/www.movilidadmachala.gob.ec\/web\/wp-content\/uploads\/2022\/01\/268804707_205376318451887_5075188479749388865_n-760x569.jpeg 760w, https:\/\/www.movilidadmachala.gob.ec\/web\/wp-content\/uploads\/2022\/01\/268804707_205376318451887_5075188479749388865_n.jpeg 1280w\" sizes=\"auto, (max-width: 633px) 100vw, 633px\" \/><\/div>\n","protected":false},"excerpt":{"rendered":"<p>#Sem\u00e1foroEnRojo Se realizaron operativos de control de #Sem\u00e1foroEnRojo en la Av. 25 de Junio, con el apoyo del Servicio de Investigaciones de Accidentes de Tr\u00e1nsito (SIAT) de la Polic\u00eda Nacional, a fin de controlar y observar a los veh\u00edculos que&hellip;<\/p>\n","protected":false},"author":1,"featured_media":2249,"comment_status":"closed","ping_status":"closed","sticky":false,"template":"","format":"standard","meta":{"footnotes":""},"categories":[35],"tags":[],"class_list":["post-2340","post","type-post","status-publish","format-standard","has-post-thumbnail","hentry","category-noticias"],"_links":{"self":[{"href":"https:\/\/www.movilidadmachala.gob.ec\/web\/wp-json\/wp\/v2\/posts\/2340","targetHints":{"allow":["GET"]}}],"collection":[{"href":"https:\/\/www.movilidadmachala.gob.ec\/web\/wp-json\/wp\/v2\/posts"}],"about":[{"href":"https:\/\/www.movilidadmachala.gob.ec\/web\/wp-json\/wp\/v2\/types\/post"}],"author":[{"embeddable":true,"href":"https:\/\/www.movilidadmachala.gob.ec\/web\/wp-json\/wp\/v2\/users\/1"}],"replies":[{"embeddable":true,"href":"https:\/\/www.movilidadmachala.gob.ec\/web\/wp-json\/wp\/v2\/comments?post=2340"}],"version-history":[{"count":1,"href":"https:\/\/www.movilidadmachala.gob.ec\/web\/wp-json\/wp\/v2\/posts\/2340\/revisions"}],"predecessor-version":[{"id":2341,"href":"https:\/\/www.movilidadmachala.gob.ec\/web\/wp-json\/wp\/v2\/posts\/2340\/revisions\/2341"}],"wp:featuredmedia":[{"embeddable":true,"href":"https:\/\/www.movilidadmachala.gob.ec\/web\/wp-json\/wp\/v2\/media\/2249"}],"wp:attachment":[{"href":"https:\/\/www.movilidadmachala.gob.ec\/web\/wp-json\/wp\/v2\/media?parent=2340"}],"wp:term":[{"taxonomy":"category","embeddable":true,"href":"https:\/\/www.movilidadmachala.gob.ec\/web\/wp-json\/wp\/v2\/categories?post=2340"},{"taxonomy":"post_tag","embeddable":true,"href":"https:\/\/www.movilidadmachala.gob.ec\/web\/wp-json\/wp\/v2\/tags?post=2340"}],"curies":[{"name":"wp","href":"https:\/\/api.w.org\/{rel}","templated":true}]}}