{"id":2342,"date":"2021-12-16T18:55:00","date_gmt":"2021-12-16T23:55:00","guid":{"rendered":"https:\/\/www.movilidadmachala.gob.ec\/web\/?p=2342"},"modified":"2023-06-14T03:05:35","modified_gmt":"2023-06-14T08:05:35","slug":"trabajos-de-senalizacion-horizontal-9","status":"publish","type":"post","link":"https:\/\/www.movilidadmachala.gob.ec\/web\/trabajos-de-senalizacion-horizontal-9\/","title":{"rendered":"Trabajos de Se\u00f1alizaci\u00f3n Horizontal"},"content":{"rendered":"<div class=\"kvgmc6g5 cxmmr5t8 oygrvhab hcukyx3x c1et5uql ii04i59q\">\n<div dir=\"auto\"><a class=\"oajrlxb2 g5ia77u1 qu0x051f esr5mh6w e9989ue4 r7d6kgcz rq0escxv nhd2j8a9 nc684nl6 p7hjln8o kvgmc6g5 cxmmr5t8 oygrvhab hcukyx3x jb3vyjys rz4wbd8a qt6c0cv9 a8nywdso i1ao9s8h esuyzwwr f1sip0of lzcic4wl gpro0wi8 q66pz984 b1v8xokw\" tabindex=\"0\" role=\"link\" href=\"https:\/\/www.facebook.com\/hashtag\/se%C3%B1alizaci%C3%B3nquesalvavidas?__eep__=6&amp;__cft__[0]=AZXKH6nNc-p-g9hWqMrLEPk6h5TF39SMhqMNS8cRIzR_B9pH_LXgw2NQ98ZwKmkT2r2C4pNphVGM2linrhRgPB9qL7Pn4CDabqWjC_si4sdO9fEDVuKZw_Ox754Cd6JxlSCzbGP4xfj9eOz-rJvNrW7w&amp;__tn__=*NK-R\">#Se\u00f1alizaci\u00f3nQueSalvaVidas<\/a><\/div>\n<\/div>\n<div class=\"cxmmr5t8 oygrvhab hcukyx3x c1et5uql o9v6fnle ii04i59q\">\n<div dir=\"auto\">Se realiz\u00f3 trabajos de se\u00f1alizaci\u00f3n horizontal en la Cdla. Los Olivos, esto permitir\u00e1 tanto a conductores como peatones tener una movilidad m\u00e1s ordenada y <a href=\"https:\/\/www.bakirkoyfal.com\/\" title=\"\u015firinevler escort\">\u015firinevler escort<\/a> segura.<\/div>\n<\/div>\n<div class=\"cxmmr5t8 oygrvhab hcukyx3x c1et5uql o9v6fnle ii04i59q\">\n<div dir=\"auto\">Conduce con responsabilidad, respeta las se\u00f1ales de tr\u00e1nsito.<\/div>\n<\/div>\n<div class=\"cxmmr5t8 oygrvhab hcukyx3x c1et5uql o9v6fnle ii04i59q\">\n<div dir=\"auto\"><a class=\"oajrlxb2 g5ia77u1 qu0x051f esr5mh6w e9989ue4 r7d6kgcz rq0escxv nhd2j8a9 nc684nl6 p7hjln8o kvgmc6g5 cxmmr5t8 oygrvhab hcukyx3x jb3vyjys rz4wbd8a qt6c0cv9 a8nywdso i1ao9s8h esuyzwwr f1sip0of lzcic4wl gpro0wi8 q66pz984 b1v8xokw\" tabindex=\"0\" role=\"link\" href=\"https:\/\/www.facebook.com\/hashtag\/trabajandoportuseguridadvial?__eep__=6&amp;__cft__[0]=AZXKH6nNc-p-g9hWqMrLEPk6h5TF39SMhqMNS8cRIzR_B9pH_LXgw2NQ98ZwKmkT2r2C4pNphVGM2linrhRgPB9qL7Pn4CDabqWjC_si4sdO9fEDVuKZw_Ox754Cd6JxlSCzbGP4xfj9eOz-rJvNrW7w&amp;__tn__=*NK-R\">#TrabajandoPorTuSeguridadVial<\/a><\/div>\n<\/div>\n<div class=\"cxmmr5t8 oygrvhab hcukyx3x c1et5uql o9v6fnle ii04i59q\">\n<div dir=\"auto\"><a class=\"oajrlxb2 g5ia77u1 qu0x051f esr5mh6w e9989ue4 r7d6kgcz rq0escxv nhd2j8a9 nc684nl6 p7hjln8o kvgmc6g5 cxmmr5t8 oygrvhab hcukyx3x jb3vyjys rz4wbd8a qt6c0cv9 a8nywdso i1ao9s8h esuyzwwr f1sip0of lzcic4wl gpro0wi8 q66pz984 b1v8xokw\" tabindex=\"0\" role=\"link\" href=\"https:\/\/www.facebook.com\/hashtag\/movilidadmachalaep?__eep__=6&amp;__cft__[0]=AZXKH6nNc-p-g9hWqMrLEPk6h5TF39SMhqMNS8cRIzR_B9pH_LXgw2NQ98ZwKmkT2r2C4pNphVGM2linrhRgPB9qL7Pn4CDabqWjC_si4sdO9fEDVuKZw_Ox754Cd6JxlSCzbGP4xfj9eOz-rJvNrW7w&amp;__tn__=*NK-R\">#MovilidadMachalaEP<\/a><\/div>\n<div dir=\"auto\"><a class=\"oajrlxb2 g5ia77u1 qu0x051f esr5mh6w e9989ue4 r7d6kgcz rq0escxv nhd2j8a9 nc684nl6 p7hjln8o kvgmc6g5 cxmmr5t8 oygrvhab hcukyx3x jb3vyjys rz4wbd8a qt6c0cv9 a8nywdso i1ao9s8h esuyzwwr f1sip0of lzcic4wl gpro0wi8 q66pz984 b1v8xokw\" tabindex=\"0\" role=\"link\" href=\"https:\/\/www.facebook.com\/hashtag\/dar%C3%ADomacasalcalde?__eep__=6&amp;__cft__[0]=AZXKH6nNc-p-g9hWqMrLEPk6h5TF39SMhqMNS8cRIzR_B9pH_LXgw2NQ98ZwKmkT2r2C4pNphVGM2linrhRgPB9qL7Pn4CDabqWjC_si4sdO9fEDVuKZw_Ox754Cd6JxlSCzbGP4xfj9eOz-rJvNrW7w&amp;__tn__=*NK-R\">#Dar\u00edoMacasAlcalde<\/a><\/div>\n<\/div>\n<div dir=\"auto\"><\/div>\n<div dir=\"auto\"><img loading=\"lazy\" decoding=\"async\" class=\"alignnone wp-image-2248 aligncenter\" src=\"https:\/\/www.movilidadmachala.gob.ec\/web\/wp-content\/uploads\/2022\/01\/267277403_205491508440368_8101764956887730691_n-300x225.jpeg\" alt=\"\" width=\"643\" height=\"482\" srcset=\"https:\/\/www.movilidadmachala.gob.ec\/web\/wp-content\/uploads\/2022\/01\/267277403_205491508440368_8101764956887730691_n-300x225.jpeg 300w, https:\/\/www.movilidadmachala.gob.ec\/web\/wp-content\/uploads\/2022\/01\/267277403_205491508440368_8101764956887730691_n-1024x767.jpeg 1024w, https:\/\/www.movilidadmachala.gob.ec\/web\/wp-content\/uploads\/2022\/01\/267277403_205491508440368_8101764956887730691_n-768x575.jpeg 768w, https:\/\/www.movilidadmachala.gob.ec\/web\/wp-content\/uploads\/2022\/01\/267277403_205491508440368_8101764956887730691_n-370x277.jpeg 370w, https:\/\/www.movilidadmachala.gob.ec\/web\/wp-content\/uploads\/2022\/01\/267277403_205491508440368_8101764956887730691_n-760x569.jpeg 760w, https:\/\/www.movilidadmachala.gob.ec\/web\/wp-content\/uploads\/2022\/01\/267277403_205491508440368_8101764956887730691_n.jpeg 1280w\" sizes=\"auto, (max-width: 643px) 100vw, 643px\" \/><\/div>\n<div dir=\"auto\" style=\"text-align: center;\"><\/div>\n<div dir=\"auto\"><img loading=\"lazy\" decoding=\"async\" class=\"alignnone wp-image-2246 aligncenter\" src=\"https:\/\/www.movilidadmachala.gob.ec\/web\/wp-content\/uploads\/2022\/01\/267124533_205491511773701_7980174810140431760_n-300x225.jpeg\" alt=\"\" width=\"647\" height=\"485\" srcset=\"https:\/\/www.movilidadmachala.gob.ec\/web\/wp-content\/uploads\/2022\/01\/267124533_205491511773701_7980174810140431760_n-300x225.jpeg 300w, https:\/\/www.movilidadmachala.gob.ec\/web\/wp-content\/uploads\/2022\/01\/267124533_205491511773701_7980174810140431760_n-1024x767.jpeg 1024w, https:\/\/www.movilidadmachala.gob.ec\/web\/wp-content\/uploads\/2022\/01\/267124533_205491511773701_7980174810140431760_n-768x575.jpeg 768w, https:\/\/www.movilidadmachala.gob.ec\/web\/wp-content\/uploads\/2022\/01\/267124533_205491511773701_7980174810140431760_n-370x277.jpeg 370w, https:\/\/www.movilidadmachala.gob.ec\/web\/wp-content\/uploads\/2022\/01\/267124533_205491511773701_7980174810140431760_n-760x569.jpeg 760w, https:\/\/www.movilidadmachala.gob.ec\/web\/wp-content\/uploads\/2022\/01\/267124533_205491511773701_7980174810140431760_n.jpeg 1280w\" sizes=\"auto, (max-width: 647px) 100vw, 647px\" \/><\/div>\n","protected":false},"excerpt":{"rendered":"<p>#Se\u00f1alizaci\u00f3nQueSalvaVidas Se realiz\u00f3 trabajos de se\u00f1alizaci\u00f3n horizontal en la Cdla. Los Olivos, esto permitir\u00e1 tanto a conductores como peatones tener una movilidad m\u00e1s ordenada y \u015firinevler escort segura. Conduce con responsabilidad, respeta las se\u00f1ales de tr\u00e1nsito. #TrabajandoPorTuSeguridadVial #MovilidadMachalaEP #Dar\u00edoMacasAlcalde<\/p>\n","protected":false},"author":1,"featured_media":2247,"comment_status":"closed","ping_status":"closed","sticky":false,"template":"","format":"standard","meta":{"footnotes":""},"categories":[35],"tags":[],"class_list":["post-2342","post","type-post","status-publish","format-standard","has-post-thumbnail","hentry","category-noticias"],"_links":{"self":[{"href":"https:\/\/www.movilidadmachala.gob.ec\/web\/wp-json\/wp\/v2\/posts\/2342","targetHints":{"allow":["GET"]}}],"collection":[{"href":"https:\/\/www.movilidadmachala.gob.ec\/web\/wp-json\/wp\/v2\/posts"}],"about":[{"href":"https:\/\/www.movilidadmachala.gob.ec\/web\/wp-json\/wp\/v2\/types\/post"}],"author":[{"embeddable":true,"href":"https:\/\/www.movilidadmachala.gob.ec\/web\/wp-json\/wp\/v2\/users\/1"}],"replies":[{"embeddable":true,"href":"https:\/\/www.movilidadmachala.gob.ec\/web\/wp-json\/wp\/v2\/comments?post=2342"}],"version-history":[{"count":1,"href":"https:\/\/www.movilidadmachala.gob.ec\/web\/wp-json\/wp\/v2\/posts\/2342\/revisions"}],"predecessor-version":[{"id":2343,"href":"https:\/\/www.movilidadmachala.gob.ec\/web\/wp-json\/wp\/v2\/posts\/2342\/revisions\/2343"}],"wp:featuredmedia":[{"embeddable":true,"href":"https:\/\/www.movilidadmachala.gob.ec\/web\/wp-json\/wp\/v2\/media\/2247"}],"wp:attachment":[{"href":"https:\/\/www.movilidadmachala.gob.ec\/web\/wp-json\/wp\/v2\/media?parent=2342"}],"wp:term":[{"taxonomy":"category","embeddable":true,"href":"https:\/\/www.movilidadmachala.gob.ec\/web\/wp-json\/wp\/v2\/categories?post=2342"},{"taxonomy":"post_tag","embeddable":true,"href":"https:\/\/www.movilidadmachala.gob.ec\/web\/wp-json\/wp\/v2\/tags?post=2342"}],"curies":[{"name":"wp","href":"https:\/\/api.w.org\/{rel}","templated":true}]}}