{"id":2359,"date":"2021-12-22T16:35:38","date_gmt":"2021-12-22T21:35:38","guid":{"rendered":"https:\/\/www.movilidadmachala.gob.ec\/web\/?p=2359"},"modified":"2022-01-04T12:36:45","modified_gmt":"2022-01-04T17:36:45","slug":"2359-2","status":"publish","type":"post","link":"https:\/\/www.movilidadmachala.gob.ec\/web\/2359-2\/","title":{"rendered":""},"content":{"rendered":"<div class=\"kvgmc6g5 cxmmr5t8 oygrvhab hcukyx3x c1et5uql ii04i59q\">\n<div dir=\"auto\"><a class=\"oajrlxb2 g5ia77u1 qu0x051f esr5mh6w e9989ue4 r7d6kgcz rq0escxv nhd2j8a9 nc684nl6 p7hjln8o kvgmc6g5 cxmmr5t8 oygrvhab hcukyx3x jb3vyjys rz4wbd8a qt6c0cv9 a8nywdso i1ao9s8h esuyzwwr f1sip0of lzcic4wl gpro0wi8 q66pz984 b1v8xokw\" tabindex=\"0\" role=\"link\" href=\"https:\/\/www.facebook.com\/hashtag\/movilidadinforma?__eep__=6&amp;__cft__[0]=AZUDQrNp7NQ1gFW136mAjJKN31nJ5XtBhHvTPAsWL3luLmCWn3LaaD_0lKPdDekKNfJuuuboCI5bBZcUHIOyQIUMvjb68A-Gl1kdXdllzFeUxBQkwRgp8neIau6L1hRKdLyDNxezW9c78pZhM1oVguvb&amp;__tn__=*NK-R\">#MOVILIDADInforma<\/a><\/div>\n<\/div>\n<div class=\"cxmmr5t8 oygrvhab hcukyx3x c1et5uql o9v6fnle ii04i59q\">\n<div dir=\"auto\">El gerente Ing. Daniel Chan Mora, coordina acciones en conjunto con la Polic\u00eda Nacional y la Direcci\u00f3n Provincial de Privaci\u00f3n de Libertad de El Oro, para garantizar los derechos de las personas privadas de la libertad en delito flagrante y agilitar procesos de personas contraventoras.<\/div>\n<\/div>\n<div class=\"cxmmr5t8 oygrvhab hcukyx3x c1et5uql o9v6fnle ii04i59q\">\n<div dir=\"auto\"><a class=\"oajrlxb2 g5ia77u1 qu0x051f esr5mh6w e9989ue4 r7d6kgcz rq0escxv nhd2j8a9 nc684nl6 p7hjln8o kvgmc6g5 cxmmr5t8 oygrvhab hcukyx3x jb3vyjys rz4wbd8a qt6c0cv9 a8nywdso i1ao9s8h esuyzwwr f1sip0of lzcic4wl gpro0wi8 q66pz984 b1v8xokw\" tabindex=\"0\" role=\"link\" href=\"https:\/\/www.facebook.com\/hashtag\/trabajamosportuseguridad?__eep__=6&amp;__cft__[0]=AZUDQrNp7NQ1gFW136mAjJKN31nJ5XtBhHvTPAsWL3luLmCWn3LaaD_0lKPdDekKNfJuuuboCI5bBZcUHIOyQIUMvjb68A-Gl1kdXdllzFeUxBQkwRgp8neIau6L1hRKdLyDNxezW9c78pZhM1oVguvb&amp;__tn__=*NK-R\">#TrabajamosPorTuSeguridad<\/a><\/div>\n<\/div>\n<div class=\"cxmmr5t8 oygrvhab hcukyx3x c1et5uql o9v6fnle ii04i59q\">\n<div dir=\"auto\"><a class=\"oajrlxb2 g5ia77u1 qu0x051f esr5mh6w e9989ue4 r7d6kgcz rq0escxv nhd2j8a9 nc684nl6 p7hjln8o kvgmc6g5 cxmmr5t8 oygrvhab hcukyx3x jb3vyjys rz4wbd8a qt6c0cv9 a8nywdso i1ao9s8h esuyzwwr f1sip0of lzcic4wl gpro0wi8 q66pz984 b1v8xokw\" tabindex=\"0\" role=\"link\" href=\"https:\/\/www.facebook.com\/hashtag\/movilidadmachalaep?__eep__=6&amp;__cft__[0]=AZUDQrNp7NQ1gFW136mAjJKN31nJ5XtBhHvTPAsWL3luLmCWn3LaaD_0lKPdDekKNfJuuuboCI5bBZcUHIOyQIUMvjb68A-Gl1kdXdllzFeUxBQkwRgp8neIau6L1hRKdLyDNxezW9c78pZhM1oVguvb&amp;__tn__=*NK-R\">#MovilidadMachalaEP<\/a><\/div>\n<div dir=\"auto\"><a class=\"oajrlxb2 g5ia77u1 qu0x051f esr5mh6w e9989ue4 r7d6kgcz rq0escxv nhd2j8a9 nc684nl6 p7hjln8o kvgmc6g5 cxmmr5t8 oygrvhab hcukyx3x jb3vyjys rz4wbd8a qt6c0cv9 a8nywdso i1ao9s8h esuyzwwr f1sip0of lzcic4wl gpro0wi8 q66pz984 b1v8xokw\" tabindex=\"0\" role=\"link\" href=\"https:\/\/www.facebook.com\/hashtag\/dar%C3%ADomacasalcalde?__eep__=6&amp;__cft__[0]=AZUDQrNp7NQ1gFW136mAjJKN31nJ5XtBhHvTPAsWL3luLmCWn3LaaD_0lKPdDekKNfJuuuboCI5bBZcUHIOyQIUMvjb68A-Gl1kdXdllzFeUxBQkwRgp8neIau6L1hRKdLyDNxezW9c78pZhM1oVguvb&amp;__tn__=*NK-R\">#Dar\u00edoMacasAlcalde<\/a><\/div>\n<\/div>\n<div dir=\"auto\"><\/div>\n<div dir=\"auto\"><img loading=\"lazy\" decoding=\"async\" class=\"alignnone  wp-image-2234 aligncenter\" src=\"https:\/\/www.movilidadmachala.gob.ec\/web\/wp-content\/uploads\/2022\/01\/269698098_209181561404696_9026304851792540229_n-300x225.jpeg\" alt=\"\" width=\"660\" height=\"495\" srcset=\"https:\/\/www.movilidadmachala.gob.ec\/web\/wp-content\/uploads\/2022\/01\/269698098_209181561404696_9026304851792540229_n-300x225.jpeg 300w, https:\/\/www.movilidadmachala.gob.ec\/web\/wp-content\/uploads\/2022\/01\/269698098_209181561404696_9026304851792540229_n-1024x767.jpeg 1024w, https:\/\/www.movilidadmachala.gob.ec\/web\/wp-content\/uploads\/2022\/01\/269698098_209181561404696_9026304851792540229_n-768x575.jpeg 768w, https:\/\/www.movilidadmachala.gob.ec\/web\/wp-content\/uploads\/2022\/01\/269698098_209181561404696_9026304851792540229_n-370x277.jpeg 370w, https:\/\/www.movilidadmachala.gob.ec\/web\/wp-content\/uploads\/2022\/01\/269698098_209181561404696_9026304851792540229_n-760x569.jpeg 760w, https:\/\/www.movilidadmachala.gob.ec\/web\/wp-content\/uploads\/2022\/01\/269698098_209181561404696_9026304851792540229_n.jpeg 1280w\" sizes=\"auto, (max-width: 660px) 100vw, 660px\" \/><\/div>\n<div dir=\"auto\" style=\"text-align: center;\"><\/div>\n<div dir=\"auto\"><img loading=\"lazy\" decoding=\"async\" class=\"alignnone  wp-image-2236 aligncenter\" src=\"https:\/\/www.movilidadmachala.gob.ec\/web\/wp-content\/uploads\/2022\/01\/269797073_209181328071386_5615477232161583443_n-300x225.jpeg\" alt=\"\" width=\"664\" height=\"498\" srcset=\"https:\/\/www.movilidadmachala.gob.ec\/web\/wp-content\/uploads\/2022\/01\/269797073_209181328071386_5615477232161583443_n-300x225.jpeg 300w, https:\/\/www.movilidadmachala.gob.ec\/web\/wp-content\/uploads\/2022\/01\/269797073_209181328071386_5615477232161583443_n-1024x767.jpeg 1024w, https:\/\/www.movilidadmachala.gob.ec\/web\/wp-content\/uploads\/2022\/01\/269797073_209181328071386_5615477232161583443_n-768x575.jpeg 768w, https:\/\/www.movilidadmachala.gob.ec\/web\/wp-content\/uploads\/2022\/01\/269797073_209181328071386_5615477232161583443_n-370x277.jpeg 370w, https:\/\/www.movilidadmachala.gob.ec\/web\/wp-content\/uploads\/2022\/01\/269797073_209181328071386_5615477232161583443_n-760x569.jpeg 760w, https:\/\/www.movilidadmachala.gob.ec\/web\/wp-content\/uploads\/2022\/01\/269797073_209181328071386_5615477232161583443_n.jpeg 1280w\" sizes=\"auto, (max-width: 664px) 100vw, 664px\" \/><\/div>\n","protected":false},"excerpt":{"rendered":"<p>#MOVILIDADInforma El gerente Ing. Daniel Chan Mora, coordina acciones en conjunto con la Polic\u00eda Nacional y la Direcci\u00f3n Provincial de Privaci\u00f3n de Libertad de El Oro, para garantizar los derechos de las personas privadas de la libertad en delito flagrante&hellip;<\/p>\n","protected":false},"author":1,"featured_media":2235,"comment_status":"closed","ping_status":"closed","sticky":false,"template":"","format":"standard","meta":{"footnotes":""},"categories":[35],"tags":[],"class_list":["post-2359","post","type-post","status-publish","format-standard","has-post-thumbnail","hentry","category-noticias"],"_links":{"self":[{"href":"https:\/\/www.movilidadmachala.gob.ec\/web\/wp-json\/wp\/v2\/posts\/2359","targetHints":{"allow":["GET"]}}],"collection":[{"href":"https:\/\/www.movilidadmachala.gob.ec\/web\/wp-json\/wp\/v2\/posts"}],"about":[{"href":"https:\/\/www.movilidadmachala.gob.ec\/web\/wp-json\/wp\/v2\/types\/post"}],"author":[{"embeddable":true,"href":"https:\/\/www.movilidadmachala.gob.ec\/web\/wp-json\/wp\/v2\/users\/1"}],"replies":[{"embeddable":true,"href":"https:\/\/www.movilidadmachala.gob.ec\/web\/wp-json\/wp\/v2\/comments?post=2359"}],"version-history":[{"count":1,"href":"https:\/\/www.movilidadmachala.gob.ec\/web\/wp-json\/wp\/v2\/posts\/2359\/revisions"}],"predecessor-version":[{"id":2360,"href":"https:\/\/www.movilidadmachala.gob.ec\/web\/wp-json\/wp\/v2\/posts\/2359\/revisions\/2360"}],"wp:featuredmedia":[{"embeddable":true,"href":"https:\/\/www.movilidadmachala.gob.ec\/web\/wp-json\/wp\/v2\/media\/2235"}],"wp:attachment":[{"href":"https:\/\/www.movilidadmachala.gob.ec\/web\/wp-json\/wp\/v2\/media?parent=2359"}],"wp:term":[{"taxonomy":"category","embeddable":true,"href":"https:\/\/www.movilidadmachala.gob.ec\/web\/wp-json\/wp\/v2\/categories?post=2359"},{"taxonomy":"post_tag","embeddable":true,"href":"https:\/\/www.movilidadmachala.gob.ec\/web\/wp-json\/wp\/v2\/tags?post=2359"}],"curies":[{"name":"wp","href":"https:\/\/api.w.org\/{rel}","templated":true}]}}