{"id":2367,"date":"2021-12-24T15:40:06","date_gmt":"2021-12-24T20:40:06","guid":{"rendered":"https:\/\/www.movilidadmachala.gob.ec\/web\/?p=2367"},"modified":"2022-01-04T12:40:48","modified_gmt":"2022-01-04T17:40:48","slug":"recuerde-8","status":"publish","type":"post","link":"https:\/\/www.movilidadmachala.gob.ec\/web\/recuerde-8\/","title":{"rendered":"Recuerde"},"content":{"rendered":"<div class=\"kvgmc6g5 cxmmr5t8 oygrvhab hcukyx3x c1et5uql ii04i59q\">\n<div dir=\"auto\"><a class=\"oajrlxb2 g5ia77u1 qu0x051f esr5mh6w e9989ue4 r7d6kgcz rq0escxv nhd2j8a9 nc684nl6 p7hjln8o kvgmc6g5 cxmmr5t8 oygrvhab hcukyx3x jb3vyjys rz4wbd8a qt6c0cv9 a8nywdso i1ao9s8h esuyzwwr f1sip0of lzcic4wl gpro0wi8 q66pz984 b1v8xokw\" tabindex=\"0\" role=\"link\" href=\"https:\/\/www.facebook.com\/hashtag\/porunanavidadm%C3%A1ssegura?__eep__=6&amp;__cft__[0]=AZVLHmMqeu6sR_g_FBNaNhBRvwROE0lL2swStZcYdUMzIBzW4CsolGJKVPKxw-68XsybuiklppbwAEBXJ5F1SqUem3N3_VYNClD7H-_C_5ds7CNI_r9cCtEEyyOL8vuEPLYwTdNG1eKqglaOWEVPz6dC&amp;__tn__=*NK-R\">#PorUnaNavidadM\u00e1sSegura<\/a><\/div>\n<\/div>\n<div class=\"cxmmr5t8 oygrvhab hcukyx3x c1et5uql o9v6fnle ii04i59q\">\n<div dir=\"auto\">La mayor incidencia de accidentes de tr\u00e1nsito en el \u00faltimo a\u00f1o en el Ecuador, ha sido provocado por el uso del celular mientras conduce un veh\u00edculo.<\/div>\n<\/div>\n<div class=\"cxmmr5t8 oygrvhab hcukyx3x c1et5uql o9v6fnle ii04i59q\">\n<div dir=\"auto\">Reduzcamos el \u00edndice siendo m\u00e1s responsables, evitemos multas y posibles accidentes de tr\u00e1nsito.<\/div>\n<\/div>\n<div class=\"cxmmr5t8 oygrvhab hcukyx3x c1et5uql o9v6fnle ii04i59q\">\n<div dir=\"auto\"><a class=\"oajrlxb2 g5ia77u1 qu0x051f esr5mh6w e9989ue4 r7d6kgcz rq0escxv nhd2j8a9 nc684nl6 p7hjln8o kvgmc6g5 cxmmr5t8 oygrvhab hcukyx3x jb3vyjys rz4wbd8a qt6c0cv9 a8nywdso i1ao9s8h esuyzwwr f1sip0of lzcic4wl gpro0wi8 q66pz984 b1v8xokw\" tabindex=\"0\" role=\"link\" href=\"https:\/\/www.facebook.com\/hashtag\/trabajandoportuseguridadvial?__eep__=6&amp;__cft__[0]=AZVLHmMqeu6sR_g_FBNaNhBRvwROE0lL2swStZcYdUMzIBzW4CsolGJKVPKxw-68XsybuiklppbwAEBXJ5F1SqUem3N3_VYNClD7H-_C_5ds7CNI_r9cCtEEyyOL8vuEPLYwTdNG1eKqglaOWEVPz6dC&amp;__tn__=*NK-R\">#TrabajandoPorTuSeguridadVial<\/a><\/div>\n<\/div>\n<div class=\"cxmmr5t8 oygrvhab hcukyx3x c1et5uql o9v6fnle ii04i59q\">\n<div dir=\"auto\"><a class=\"oajrlxb2 g5ia77u1 qu0x051f esr5mh6w e9989ue4 r7d6kgcz rq0escxv nhd2j8a9 nc684nl6 p7hjln8o kvgmc6g5 cxmmr5t8 oygrvhab hcukyx3x jb3vyjys rz4wbd8a qt6c0cv9 a8nywdso i1ao9s8h esuyzwwr f1sip0of lzcic4wl gpro0wi8 q66pz984 b1v8xokw\" tabindex=\"0\" role=\"link\" href=\"https:\/\/www.facebook.com\/hashtag\/movilidadmachalaep?__eep__=6&amp;__cft__[0]=AZVLHmMqeu6sR_g_FBNaNhBRvwROE0lL2swStZcYdUMzIBzW4CsolGJKVPKxw-68XsybuiklppbwAEBXJ5F1SqUem3N3_VYNClD7H-_C_5ds7CNI_r9cCtEEyyOL8vuEPLYwTdNG1eKqglaOWEVPz6dC&amp;__tn__=*NK-R\">#MovilidadMachalaEP<\/a><\/div>\n<div dir=\"auto\"><a class=\"oajrlxb2 g5ia77u1 qu0x051f esr5mh6w e9989ue4 r7d6kgcz rq0escxv nhd2j8a9 nc684nl6 p7hjln8o kvgmc6g5 cxmmr5t8 oygrvhab hcukyx3x jb3vyjys rz4wbd8a qt6c0cv9 a8nywdso i1ao9s8h esuyzwwr f1sip0of lzcic4wl gpro0wi8 q66pz984 b1v8xokw\" tabindex=\"0\" role=\"link\" href=\"https:\/\/www.facebook.com\/hashtag\/dar%C3%ADomacasalcalde?__eep__=6&amp;__cft__[0]=AZVLHmMqeu6sR_g_FBNaNhBRvwROE0lL2swStZcYdUMzIBzW4CsolGJKVPKxw-68XsybuiklppbwAEBXJ5F1SqUem3N3_VYNClD7H-_C_5ds7CNI_r9cCtEEyyOL8vuEPLYwTdNG1eKqglaOWEVPz6dC&amp;__tn__=*NK-R\">#Dar\u00edoMacasAlcalde<\/a><\/div>\n<\/div>\n","protected":false},"excerpt":{"rendered":"<p>#PorUnaNavidadM\u00e1sSegura La mayor incidencia de accidentes de tr\u00e1nsito en el \u00faltimo a\u00f1o en el Ecuador, ha sido provocado por el uso del celular mientras conduce un veh\u00edculo. Reduzcamos el \u00edndice siendo m\u00e1s responsables, evitemos multas y posibles accidentes de tr\u00e1nsito.&hellip;<\/p>\n","protected":false},"author":1,"featured_media":2227,"comment_status":"closed","ping_status":"closed","sticky":false,"template":"","format":"standard","meta":{"footnotes":""},"categories":[35],"tags":[],"class_list":["post-2367","post","type-post","status-publish","format-standard","has-post-thumbnail","hentry","category-noticias"],"_links":{"self":[{"href":"https:\/\/www.movilidadmachala.gob.ec\/web\/wp-json\/wp\/v2\/posts\/2367","targetHints":{"allow":["GET"]}}],"collection":[{"href":"https:\/\/www.movilidadmachala.gob.ec\/web\/wp-json\/wp\/v2\/posts"}],"about":[{"href":"https:\/\/www.movilidadmachala.gob.ec\/web\/wp-json\/wp\/v2\/types\/post"}],"author":[{"embeddable":true,"href":"https:\/\/www.movilidadmachala.gob.ec\/web\/wp-json\/wp\/v2\/users\/1"}],"replies":[{"embeddable":true,"href":"https:\/\/www.movilidadmachala.gob.ec\/web\/wp-json\/wp\/v2\/comments?post=2367"}],"version-history":[{"count":1,"href":"https:\/\/www.movilidadmachala.gob.ec\/web\/wp-json\/wp\/v2\/posts\/2367\/revisions"}],"predecessor-version":[{"id":2368,"href":"https:\/\/www.movilidadmachala.gob.ec\/web\/wp-json\/wp\/v2\/posts\/2367\/revisions\/2368"}],"wp:featuredmedia":[{"embeddable":true,"href":"https:\/\/www.movilidadmachala.gob.ec\/web\/wp-json\/wp\/v2\/media\/2227"}],"wp:attachment":[{"href":"https:\/\/www.movilidadmachala.gob.ec\/web\/wp-json\/wp\/v2\/media?parent=2367"}],"wp:term":[{"taxonomy":"category","embeddable":true,"href":"https:\/\/www.movilidadmachala.gob.ec\/web\/wp-json\/wp\/v2\/categories?post=2367"},{"taxonomy":"post_tag","embeddable":true,"href":"https:\/\/www.movilidadmachala.gob.ec\/web\/wp-json\/wp\/v2\/tags?post=2367"}],"curies":[{"name":"wp","href":"https:\/\/api.w.org\/{rel}","templated":true}]}}