{"id":2381,"date":"2022-01-03T16:49:42","date_gmt":"2022-01-03T21:49:42","guid":{"rendered":"https:\/\/www.movilidadmachala.gob.ec\/web\/?p=2381"},"modified":"2022-01-04T12:52:04","modified_gmt":"2022-01-04T17:52:04","slug":"rueda-de-prensa","status":"publish","type":"post","link":"https:\/\/www.movilidadmachala.gob.ec\/web\/rueda-de-prensa\/","title":{"rendered":"Rueda de Prensa"},"content":{"rendered":"<div class=\"kvgmc6g5 cxmmr5t8 oygrvhab hcukyx3x c1et5uql ii04i59q\">\n<div dir=\"auto\"><\/div>\n<\/div>\n<div class=\"cxmmr5t8 oygrvhab hcukyx3x c1et5uql o9v6fnle ii04i59q\">\n<div dir=\"auto\">En el sal\u00f3n auditorio de la gobernaci\u00f3n de El Oro, se llev\u00f3 a cabo una reuni\u00f3n con las diferentes autoridades de Machala para dar un reporte de resultados de los operativos de control por los feriados del mes de diciembre.<\/div>\n<\/div>\n<div class=\"cxmmr5t8 oygrvhab hcukyx3x c1et5uql o9v6fnle ii04i59q\">\n<div dir=\"auto\">Dentro de las competencias de control de tr\u00e1nsito, transporte terrestre y seguridad vial particip\u00f3 el Cnel. Luis Lara Tapia, Subgerente de Control y Vigilancia de Movilidad Machala EP.<\/div>\n<\/div>\n<div class=\"cxmmr5t8 oygrvhab hcukyx3x c1et5uql o9v6fnle ii04i59q\">\n<div dir=\"auto\"><a class=\"oajrlxb2 g5ia77u1 qu0x051f esr5mh6w e9989ue4 r7d6kgcz rq0escxv nhd2j8a9 nc684nl6 p7hjln8o kvgmc6g5 cxmmr5t8 oygrvhab hcukyx3x jb3vyjys rz4wbd8a qt6c0cv9 a8nywdso i1ao9s8h esuyzwwr f1sip0of lzcic4wl gpro0wi8 q66pz984 b1v8xokw\" tabindex=\"0\" role=\"link\" href=\"https:\/\/www.facebook.com\/hashtag\/movilidadmachalaep?__eep__=6&amp;__cft__[0]=AZVwqI9ESwAz4qlbZFuD7pZBwkLWnqdyR4WmTvddRaFLwDxagOJ1yIJsl6xZyVBq-tEGP4HbWbxUVPnFOSZo64WLVzCbhFwMAgIrfUIO4f-Md46uyl7bdPB_4vZNpj3F6S0_Zla7wVCYsY5z17sgOmkV&amp;__tn__=*NK-R\">#MovilidadMachalaEP<\/a><\/div>\n<div dir=\"auto\"><a class=\"oajrlxb2 g5ia77u1 qu0x051f esr5mh6w e9989ue4 r7d6kgcz rq0escxv nhd2j8a9 nc684nl6 p7hjln8o kvgmc6g5 cxmmr5t8 oygrvhab hcukyx3x jb3vyjys rz4wbd8a qt6c0cv9 a8nywdso i1ao9s8h esuyzwwr f1sip0of lzcic4wl gpro0wi8 q66pz984 b1v8xokw\" tabindex=\"0\" role=\"link\" href=\"https:\/\/www.facebook.com\/hashtag\/dar%C3%ADomacasalcalde?__eep__=6&amp;__cft__[0]=AZVwqI9ESwAz4qlbZFuD7pZBwkLWnqdyR4WmTvddRaFLwDxagOJ1yIJsl6xZyVBq-tEGP4HbWbxUVPnFOSZo64WLVzCbhFwMAgIrfUIO4f-Md46uyl7bdPB_4vZNpj3F6S0_Zla7wVCYsY5z17sgOmkV&amp;__tn__=*NK-R\">#Dar\u00edoMacasAlcalde<\/a><\/div>\n<\/div>\n<div dir=\"auto\"><\/div>\n<div dir=\"auto\"><img loading=\"lazy\" decoding=\"async\" class=\"alignnone  wp-image-2384 aligncenter\" src=\"https:\/\/www.movilidadmachala.gob.ec\/web\/wp-content\/uploads\/2022\/01\/271174669_216895597299959_5469299418638725979_n-300x300.jpeg\" alt=\"\" width=\"547\" height=\"547\" srcset=\"https:\/\/www.movilidadmachala.gob.ec\/web\/wp-content\/uploads\/2022\/01\/271174669_216895597299959_5469299418638725979_n-300x300.jpeg 300w, https:\/\/www.movilidadmachala.gob.ec\/web\/wp-content\/uploads\/2022\/01\/271174669_216895597299959_5469299418638725979_n-1024x1024.jpeg 1024w, https:\/\/www.movilidadmachala.gob.ec\/web\/wp-content\/uploads\/2022\/01\/271174669_216895597299959_5469299418638725979_n-150x150.jpeg 150w, https:\/\/www.movilidadmachala.gob.ec\/web\/wp-content\/uploads\/2022\/01\/271174669_216895597299959_5469299418638725979_n-768x769.jpeg 768w, https:\/\/www.movilidadmachala.gob.ec\/web\/wp-content\/uploads\/2022\/01\/271174669_216895597299959_5469299418638725979_n-370x370.jpeg 370w, https:\/\/www.movilidadmachala.gob.ec\/web\/wp-content\/uploads\/2022\/01\/271174669_216895597299959_5469299418638725979_n-90x90.jpeg 90w, https:\/\/www.movilidadmachala.gob.ec\/web\/wp-content\/uploads\/2022\/01\/271174669_216895597299959_5469299418638725979_n-760x761.jpeg 760w, https:\/\/www.movilidadmachala.gob.ec\/web\/wp-content\/uploads\/2022\/01\/271174669_216895597299959_5469299418638725979_n-1170x1170.jpeg 1170w, https:\/\/www.movilidadmachala.gob.ec\/web\/wp-content\/uploads\/2022\/01\/271174669_216895597299959_5469299418638725979_n.jpeg 1279w\" sizes=\"auto, (max-width: 547px) 100vw, 547px\" \/><\/div>\n<div dir=\"auto\" style=\"text-align: center;\"><\/div>\n<div dir=\"auto\" style=\"text-align: center;\"><img loading=\"lazy\" decoding=\"async\" class=\"alignnone  wp-image-2383\" src=\"https:\/\/www.movilidadmachala.gob.ec\/web\/wp-content\/uploads\/2022\/01\/270798014_216895593966626_8880694912796092080_n-300x300.jpeg\" alt=\"\" width=\"547\" height=\"547\" srcset=\"https:\/\/www.movilidadmachala.gob.ec\/web\/wp-content\/uploads\/2022\/01\/270798014_216895593966626_8880694912796092080_n-300x300.jpeg 300w, https:\/\/www.movilidadmachala.gob.ec\/web\/wp-content\/uploads\/2022\/01\/270798014_216895593966626_8880694912796092080_n-1024x1024.jpeg 1024w, https:\/\/www.movilidadmachala.gob.ec\/web\/wp-content\/uploads\/2022\/01\/270798014_216895593966626_8880694912796092080_n-150x150.jpeg 150w, https:\/\/www.movilidadmachala.gob.ec\/web\/wp-content\/uploads\/2022\/01\/270798014_216895593966626_8880694912796092080_n-768x768.jpeg 768w, https:\/\/www.movilidadmachala.gob.ec\/web\/wp-content\/uploads\/2022\/01\/270798014_216895593966626_8880694912796092080_n-370x370.jpeg 370w, https:\/\/www.movilidadmachala.gob.ec\/web\/wp-content\/uploads\/2022\/01\/270798014_216895593966626_8880694912796092080_n-90x90.jpeg 90w, https:\/\/www.movilidadmachala.gob.ec\/web\/wp-content\/uploads\/2022\/01\/270798014_216895593966626_8880694912796092080_n-760x760.jpeg 760w, https:\/\/www.movilidadmachala.gob.ec\/web\/wp-content\/uploads\/2022\/01\/270798014_216895593966626_8880694912796092080_n-1170x1170.jpeg 1170w, https:\/\/www.movilidadmachala.gob.ec\/web\/wp-content\/uploads\/2022\/01\/270798014_216895593966626_8880694912796092080_n.jpeg 1280w\" sizes=\"auto, (max-width: 547px) 100vw, 547px\" \/><\/div>\n<div dir=\"auto\" style=\"text-align: center;\"><\/div>\n<div dir=\"auto\"><img loading=\"lazy\" decoding=\"async\" class=\"alignnone  wp-image-2382 aligncenter\" src=\"https:\/\/www.movilidadmachala.gob.ec\/web\/wp-content\/uploads\/2022\/01\/271207603_216895607299958_5448732115166895921_n-300x300.jpeg\" alt=\"\" width=\"541\" height=\"541\" srcset=\"https:\/\/www.movilidadmachala.gob.ec\/web\/wp-content\/uploads\/2022\/01\/271207603_216895607299958_5448732115166895921_n-300x300.jpeg 300w, https:\/\/www.movilidadmachala.gob.ec\/web\/wp-content\/uploads\/2022\/01\/271207603_216895607299958_5448732115166895921_n-1024x1024.jpeg 1024w, https:\/\/www.movilidadmachala.gob.ec\/web\/wp-content\/uploads\/2022\/01\/271207603_216895607299958_5448732115166895921_n-150x150.jpeg 150w, https:\/\/www.movilidadmachala.gob.ec\/web\/wp-content\/uploads\/2022\/01\/271207603_216895607299958_5448732115166895921_n-768x768.jpeg 768w, https:\/\/www.movilidadmachala.gob.ec\/web\/wp-content\/uploads\/2022\/01\/271207603_216895607299958_5448732115166895921_n-370x370.jpeg 370w, https:\/\/www.movilidadmachala.gob.ec\/web\/wp-content\/uploads\/2022\/01\/271207603_216895607299958_5448732115166895921_n-90x90.jpeg 90w, https:\/\/www.movilidadmachala.gob.ec\/web\/wp-content\/uploads\/2022\/01\/271207603_216895607299958_5448732115166895921_n-760x760.jpeg 760w, https:\/\/www.movilidadmachala.gob.ec\/web\/wp-content\/uploads\/2022\/01\/271207603_216895607299958_5448732115166895921_n-1170x1170.jpeg 1170w, https:\/\/www.movilidadmachala.gob.ec\/web\/wp-content\/uploads\/2022\/01\/271207603_216895607299958_5448732115166895921_n.jpeg 1280w\" sizes=\"auto, (max-width: 541px) 100vw, 541px\" \/><\/div>\n","protected":false},"excerpt":{"rendered":"<p>En el sal\u00f3n auditorio de la gobernaci\u00f3n de El Oro, se llev\u00f3 a cabo una reuni\u00f3n con las diferentes autoridades de Machala para dar un reporte de resultados de los operativos de control por los feriados del mes de diciembre.&hellip;<\/p>\n","protected":false},"author":1,"featured_media":2385,"comment_status":"closed","ping_status":"closed","sticky":false,"template":"","format":"standard","meta":{"footnotes":""},"categories":[35],"tags":[],"class_list":["post-2381","post","type-post","status-publish","format-standard","has-post-thumbnail","hentry","category-noticias"],"_links":{"self":[{"href":"https:\/\/www.movilidadmachala.gob.ec\/web\/wp-json\/wp\/v2\/posts\/2381","targetHints":{"allow":["GET"]}}],"collection":[{"href":"https:\/\/www.movilidadmachala.gob.ec\/web\/wp-json\/wp\/v2\/posts"}],"about":[{"href":"https:\/\/www.movilidadmachala.gob.ec\/web\/wp-json\/wp\/v2\/types\/post"}],"author":[{"embeddable":true,"href":"https:\/\/www.movilidadmachala.gob.ec\/web\/wp-json\/wp\/v2\/users\/1"}],"replies":[{"embeddable":true,"href":"https:\/\/www.movilidadmachala.gob.ec\/web\/wp-json\/wp\/v2\/comments?post=2381"}],"version-history":[{"count":1,"href":"https:\/\/www.movilidadmachala.gob.ec\/web\/wp-json\/wp\/v2\/posts\/2381\/revisions"}],"predecessor-version":[{"id":2386,"href":"https:\/\/www.movilidadmachala.gob.ec\/web\/wp-json\/wp\/v2\/posts\/2381\/revisions\/2386"}],"wp:featuredmedia":[{"embeddable":true,"href":"https:\/\/www.movilidadmachala.gob.ec\/web\/wp-json\/wp\/v2\/media\/2385"}],"wp:attachment":[{"href":"https:\/\/www.movilidadmachala.gob.ec\/web\/wp-json\/wp\/v2\/media?parent=2381"}],"wp:term":[{"taxonomy":"category","embeddable":true,"href":"https:\/\/www.movilidadmachala.gob.ec\/web\/wp-json\/wp\/v2\/categories?post=2381"},{"taxonomy":"post_tag","embeddable":true,"href":"https:\/\/www.movilidadmachala.gob.ec\/web\/wp-json\/wp\/v2\/tags?post=2381"}],"curies":[{"name":"wp","href":"https:\/\/api.w.org\/{rel}","templated":true}]}}