{"id":2657,"date":"2022-01-10T17:18:19","date_gmt":"2022-01-10T22:18:19","guid":{"rendered":"https:\/\/www.movilidadmachala.gob.ec\/web\/?p=2657"},"modified":"2022-02-01T12:18:19","modified_gmt":"2022-02-01T17:18:19","slug":"operativos-de-control-de-semaforo-en-rojo","status":"publish","type":"post","link":"https:\/\/www.movilidadmachala.gob.ec\/web\/operativos-de-control-de-semaforo-en-rojo\/","title":{"rendered":"Operativos de Control de Sem\u00e1foro en Rojo"},"content":{"rendered":"<div class=\"kvgmc6g5 cxmmr5t8 oygrvhab hcukyx3x c1et5uql ii04i59q\">\n<div dir=\"auto\"><a class=\"oajrlxb2 g5ia77u1 qu0x051f esr5mh6w e9989ue4 r7d6kgcz rq0escxv nhd2j8a9 nc684nl6 p7hjln8o kvgmc6g5 cxmmr5t8 oygrvhab hcukyx3x jb3vyjys rz4wbd8a qt6c0cv9 a8nywdso i1ao9s8h esuyzwwr f1sip0of lzcic4wl gpro0wi8 q66pz984 b1v8xokw\" tabindex=\"0\" role=\"link\" href=\"https:\/\/www.facebook.com\/hashtag\/sem%C3%A1foroenrojo?__eep__=6&amp;__cft__[0]=AZXgvqpIqTfLjuadbO_eL2_k5IyXW1ncOVgCRKuu9eI-ugOvdflnChTmdBdWpl4OYiXBbdA3R5hTYUx2kn_VSU3XOuTnIrf8SSpgh-kZtFDcsP9H_ikDmMk--i96HBExoFyqvJXs9vTqVslU0ZSdc4I9&amp;__tn__=*NK-R\">#Sem\u00e1foroEnRojo<\/a><\/div>\n<\/div>\n<div class=\"cxmmr5t8 oygrvhab hcukyx3x c1et5uql o9v6fnle ii04i59q\">\n<div dir=\"auto\">Seguimos realizando operativos de control de sem\u00e1foro en rojo sobre la Av. 25 de Junio, a la altura de la Urbanizaci\u00f3n Santa In\u00e9s y Ciudad Palmera.<\/div>\n<\/div>\n<div class=\"cxmmr5t8 oygrvhab hcukyx3x c1et5uql o9v6fnle ii04i59q\">\n<div dir=\"auto\">Invitamos a la ciudadan\u00eda a ser m\u00e1s conscientes y responsables para hacer de Machala una ciudad m\u00e1s segura y ordenada.<\/div>\n<\/div>\n<div class=\"cxmmr5t8 oygrvhab hcukyx3x c1et5uql o9v6fnle ii04i59q\">\n<div dir=\"auto\"><a class=\"oajrlxb2 g5ia77u1 qu0x051f esr5mh6w e9989ue4 r7d6kgcz rq0escxv nhd2j8a9 nc684nl6 p7hjln8o kvgmc6g5 cxmmr5t8 oygrvhab hcukyx3x jb3vyjys rz4wbd8a qt6c0cv9 a8nywdso i1ao9s8h esuyzwwr f1sip0of lzcic4wl gpro0wi8 q66pz984 b1v8xokw\" tabindex=\"0\" role=\"link\" href=\"https:\/\/www.facebook.com\/hashtag\/detenteenrojo?__eep__=6&amp;__cft__[0]=AZXgvqpIqTfLjuadbO_eL2_k5IyXW1ncOVgCRKuu9eI-ugOvdflnChTmdBdWpl4OYiXBbdA3R5hTYUx2kn_VSU3XOuTnIrf8SSpgh-kZtFDcsP9H_ikDmMk--i96HBExoFyqvJXs9vTqVslU0ZSdc4I9&amp;__tn__=*NK-R\">#DetenteEnRojo<\/a><\/div>\n<\/div>\n<div class=\"cxmmr5t8 oygrvhab hcukyx3x c1et5uql o9v6fnle ii04i59q\">\n<div dir=\"auto\"><a class=\"oajrlxb2 g5ia77u1 qu0x051f esr5mh6w e9989ue4 r7d6kgcz rq0escxv nhd2j8a9 nc684nl6 p7hjln8o kvgmc6g5 cxmmr5t8 oygrvhab hcukyx3x jb3vyjys rz4wbd8a qt6c0cv9 a8nywdso i1ao9s8h esuyzwwr f1sip0of lzcic4wl gpro0wi8 q66pz984 b1v8xokw\" tabindex=\"0\" role=\"link\" href=\"https:\/\/www.facebook.com\/hashtag\/movilidadmachalaep?__eep__=6&amp;__cft__[0]=AZXgvqpIqTfLjuadbO_eL2_k5IyXW1ncOVgCRKuu9eI-ugOvdflnChTmdBdWpl4OYiXBbdA3R5hTYUx2kn_VSU3XOuTnIrf8SSpgh-kZtFDcsP9H_ikDmMk--i96HBExoFyqvJXs9vTqVslU0ZSdc4I9&amp;__tn__=*NK-R\">#MovilidadMachalaEP<\/a><\/div>\n<div dir=\"auto\"><a class=\"oajrlxb2 g5ia77u1 qu0x051f esr5mh6w e9989ue4 r7d6kgcz rq0escxv nhd2j8a9 nc684nl6 p7hjln8o kvgmc6g5 cxmmr5t8 oygrvhab hcukyx3x jb3vyjys rz4wbd8a qt6c0cv9 a8nywdso i1ao9s8h esuyzwwr f1sip0of lzcic4wl gpro0wi8 q66pz984 b1v8xokw\" tabindex=\"0\" role=\"link\" href=\"https:\/\/www.facebook.com\/hashtag\/dar%C3%ADomacasalcalde?__eep__=6&amp;__cft__[0]=AZXgvqpIqTfLjuadbO_eL2_k5IyXW1ncOVgCRKuu9eI-ugOvdflnChTmdBdWpl4OYiXBbdA3R5hTYUx2kn_VSU3XOuTnIrf8SSpgh-kZtFDcsP9H_ikDmMk--i96HBExoFyqvJXs9vTqVslU0ZSdc4I9&amp;__tn__=*NK-R\">#Dar\u00edoMacasAlcalde<\/a><\/div>\n<\/div>\n<div dir=\"auto\"><\/div>\n<div dir=\"auto\"><img loading=\"lazy\" decoding=\"async\" class=\"wp-image-2651 aligncenter\" src=\"https:\/\/www.movilidadmachala.gob.ec\/web\/wp-content\/uploads\/2022\/01\/271801121_221160403540145_177015902666872272_n-300x300.jpg\" alt=\"\" width=\"408\" height=\"408\" srcset=\"https:\/\/www.movilidadmachala.gob.ec\/web\/wp-content\/uploads\/2022\/01\/271801121_221160403540145_177015902666872272_n-300x300.jpg 300w, https:\/\/www.movilidadmachala.gob.ec\/web\/wp-content\/uploads\/2022\/01\/271801121_221160403540145_177015902666872272_n-1024x1024.jpg 1024w, https:\/\/www.movilidadmachala.gob.ec\/web\/wp-content\/uploads\/2022\/01\/271801121_221160403540145_177015902666872272_n-150x150.jpg 150w, https:\/\/www.movilidadmachala.gob.ec\/web\/wp-content\/uploads\/2022\/01\/271801121_221160403540145_177015902666872272_n-768x768.jpg 768w, https:\/\/www.movilidadmachala.gob.ec\/web\/wp-content\/uploads\/2022\/01\/271801121_221160403540145_177015902666872272_n-370x370.jpg 370w, https:\/\/www.movilidadmachala.gob.ec\/web\/wp-content\/uploads\/2022\/01\/271801121_221160403540145_177015902666872272_n-90x90.jpg 90w, https:\/\/www.movilidadmachala.gob.ec\/web\/wp-content\/uploads\/2022\/01\/271801121_221160403540145_177015902666872272_n-760x760.jpg 760w, https:\/\/www.movilidadmachala.gob.ec\/web\/wp-content\/uploads\/2022\/01\/271801121_221160403540145_177015902666872272_n-1170x1170.jpg 1170w, https:\/\/www.movilidadmachala.gob.ec\/web\/wp-content\/uploads\/2022\/01\/271801121_221160403540145_177015902666872272_n.jpg 1280w\" sizes=\"auto, (max-width: 408px) 100vw, 408px\" \/><\/div>\n<div dir=\"auto\"><\/div>\n<div dir=\"auto\"><img loading=\"lazy\" decoding=\"async\" class=\"wp-image-2652 aligncenter\" src=\"https:\/\/www.movilidadmachala.gob.ec\/web\/wp-content\/uploads\/2022\/01\/271647303_221160106873508_2087117290532050709_n-300x300.jpg\" alt=\"\" width=\"409\" height=\"409\" srcset=\"https:\/\/www.movilidadmachala.gob.ec\/web\/wp-content\/uploads\/2022\/01\/271647303_221160106873508_2087117290532050709_n-300x300.jpg 300w, https:\/\/www.movilidadmachala.gob.ec\/web\/wp-content\/uploads\/2022\/01\/271647303_221160106873508_2087117290532050709_n-1024x1024.jpg 1024w, https:\/\/www.movilidadmachala.gob.ec\/web\/wp-content\/uploads\/2022\/01\/271647303_221160106873508_2087117290532050709_n-150x150.jpg 150w, https:\/\/www.movilidadmachala.gob.ec\/web\/wp-content\/uploads\/2022\/01\/271647303_221160106873508_2087117290532050709_n-768x768.jpg 768w, https:\/\/www.movilidadmachala.gob.ec\/web\/wp-content\/uploads\/2022\/01\/271647303_221160106873508_2087117290532050709_n-370x370.jpg 370w, https:\/\/www.movilidadmachala.gob.ec\/web\/wp-content\/uploads\/2022\/01\/271647303_221160106873508_2087117290532050709_n-90x90.jpg 90w, https:\/\/www.movilidadmachala.gob.ec\/web\/wp-content\/uploads\/2022\/01\/271647303_221160106873508_2087117290532050709_n-760x760.jpg 760w, https:\/\/www.movilidadmachala.gob.ec\/web\/wp-content\/uploads\/2022\/01\/271647303_221160106873508_2087117290532050709_n-1170x1170.jpg 1170w, https:\/\/www.movilidadmachala.gob.ec\/web\/wp-content\/uploads\/2022\/01\/271647303_221160106873508_2087117290532050709_n.jpg 1280w\" sizes=\"auto, (max-width: 409px) 100vw, 409px\" \/><\/div>\n","protected":false},"excerpt":{"rendered":"<p>#Sem\u00e1foroEnRojo Seguimos realizando operativos de control de sem\u00e1foro en rojo sobre la Av. 25 de Junio, a la altura de la Urbanizaci\u00f3n Santa In\u00e9s y Ciudad Palmera. Invitamos a la ciudadan\u00eda a ser m\u00e1s conscientes y responsables para hacer de&hellip;<\/p>\n","protected":false},"author":1,"featured_media":2651,"comment_status":"closed","ping_status":"closed","sticky":false,"template":"","format":"standard","meta":{"footnotes":""},"categories":[35,1],"tags":[],"class_list":["post-2657","post","type-post","status-publish","format-standard","has-post-thumbnail","hentry","category-noticias","category-uncategorized"],"_links":{"self":[{"href":"https:\/\/www.movilidadmachala.gob.ec\/web\/wp-json\/wp\/v2\/posts\/2657","targetHints":{"allow":["GET"]}}],"collection":[{"href":"https:\/\/www.movilidadmachala.gob.ec\/web\/wp-json\/wp\/v2\/posts"}],"about":[{"href":"https:\/\/www.movilidadmachala.gob.ec\/web\/wp-json\/wp\/v2\/types\/post"}],"author":[{"embeddable":true,"href":"https:\/\/www.movilidadmachala.gob.ec\/web\/wp-json\/wp\/v2\/users\/1"}],"replies":[{"embeddable":true,"href":"https:\/\/www.movilidadmachala.gob.ec\/web\/wp-json\/wp\/v2\/comments?post=2657"}],"version-history":[{"count":1,"href":"https:\/\/www.movilidadmachala.gob.ec\/web\/wp-json\/wp\/v2\/posts\/2657\/revisions"}],"predecessor-version":[{"id":2658,"href":"https:\/\/www.movilidadmachala.gob.ec\/web\/wp-json\/wp\/v2\/posts\/2657\/revisions\/2658"}],"wp:featuredmedia":[{"embeddable":true,"href":"https:\/\/www.movilidadmachala.gob.ec\/web\/wp-json\/wp\/v2\/media\/2651"}],"wp:attachment":[{"href":"https:\/\/www.movilidadmachala.gob.ec\/web\/wp-json\/wp\/v2\/media?parent=2657"}],"wp:term":[{"taxonomy":"category","embeddable":true,"href":"https:\/\/www.movilidadmachala.gob.ec\/web\/wp-json\/wp\/v2\/categories?post=2657"},{"taxonomy":"post_tag","embeddable":true,"href":"https:\/\/www.movilidadmachala.gob.ec\/web\/wp-json\/wp\/v2\/tags?post=2657"}],"curies":[{"name":"wp","href":"https:\/\/api.w.org\/{rel}","templated":true}]}}