{"id":2920,"date":"2022-01-17T15:00:37","date_gmt":"2022-01-17T20:00:37","guid":{"rendered":"https:\/\/www.movilidadmachala.gob.ec\/web\/?p=2920"},"modified":"2022-04-11T15:28:11","modified_gmt":"2022-04-11T20:28:11","slug":"asfaltado-integral-de-la-av-arizaga","status":"publish","type":"post","link":"https:\/\/www.movilidadmachala.gob.ec\/web\/asfaltado-integral-de-la-av-arizaga\/","title":{"rendered":"Asfaltado integral de la Av. Ar\u00edzaga"},"content":{"rendered":"<div class=\"kvgmc6g5 cxmmr5t8 oygrvhab hcukyx3x c1et5uql ii04i59q\">\n<div dir=\"auto\"><a class=\"oajrlxb2 g5ia77u1 qu0x051f esr5mh6w e9989ue4 r7d6kgcz rq0escxv nhd2j8a9 nc684nl6 p7hjln8o kvgmc6g5 cxmmr5t8 oygrvhab hcukyx3x jb3vyjys rz4wbd8a qt6c0cv9 a8nywdso i1ao9s8h esuyzwwr f1sip0of lzcic4wl gpro0wi8 py34i1dx\" tabindex=\"0\" role=\"link\" href=\"https:\/\/www.facebook.com\/hashtag\/ahora?__cft__[0]=AZX5A_fFqxrg99YT3Hj4z6v6eOirT6QkHefTLgdW9i14nVhzSG-8OxY7VBNR_R36PrIcxIQTdkvC_zHeoAcy6FKA-5diEz13Er6fe-TDpijuz2TeP1JkkcoyOX1ZRX-54jg&amp;__tn__=*NK-R\" target=\"_blank\" rel=\"noopener\">#AHORA<\/a><\/div>\n<\/div>\n<div class=\"cxmmr5t8 oygrvhab hcukyx3x c1et5uql o9v6fnle ii04i59q\">\n<div dir=\"auto\">Continuamos con la rehabilitaci\u00f3n integral de la Av. Ar\u00edzaga, desde Napole\u00f3n Mera hasta 10 de Agosto, cumplimos con la colocaci\u00f3n de asfaltado con la finalidad de mejorar la movilidad de este importante sector de Machala.<\/div>\n<\/div>\n<div class=\"cxmmr5t8 oygrvhab hcukyx3x c1et5uql o9v6fnle ii04i59q\">\n<div dir=\"auto\"><a class=\"oajrlxb2 g5ia77u1 qu0x051f esr5mh6w e9989ue4 r7d6kgcz rq0escxv nhd2j8a9 nc684nl6 p7hjln8o kvgmc6g5 cxmmr5t8 oygrvhab hcukyx3x jb3vyjys rz4wbd8a qt6c0cv9 a8nywdso i1ao9s8h esuyzwwr f1sip0of lzcic4wl gpro0wi8 py34i1dx\" tabindex=\"0\" role=\"link\" href=\"https:\/\/www.facebook.com\/hashtag\/trabajandoportuseguridad?__cft__[0]=AZX5A_fFqxrg99YT3Hj4z6v6eOirT6QkHefTLgdW9i14nVhzSG-8OxY7VBNR_R36PrIcxIQTdkvC_zHeoAcy6FKA-5diEz13Er6fe-TDpijuz2TeP1JkkcoyOX1ZRX-54jg&amp;__tn__=*NK-R\" target=\"_blank\" rel=\"noopener\">#TrabajandoPorTuSeguridad<\/a><\/div>\n<\/div>\n<div class=\"cxmmr5t8 oygrvhab hcukyx3x c1et5uql o9v6fnle ii04i59q\">\n<div dir=\"auto\"><a class=\"oajrlxb2 g5ia77u1 qu0x051f esr5mh6w e9989ue4 r7d6kgcz rq0escxv nhd2j8a9 nc684nl6 p7hjln8o kvgmc6g5 cxmmr5t8 oygrvhab hcukyx3x jb3vyjys rz4wbd8a qt6c0cv9 a8nywdso i1ao9s8h esuyzwwr f1sip0of lzcic4wl gpro0wi8 py34i1dx\" tabindex=\"0\" role=\"link\" href=\"https:\/\/www.facebook.com\/hashtag\/movilidadmachalaep?__cft__[0]=AZX5A_fFqxrg99YT3Hj4z6v6eOirT6QkHefTLgdW9i14nVhzSG-8OxY7VBNR_R36PrIcxIQTdkvC_zHeoAcy6FKA-5diEz13Er6fe-TDpijuz2TeP1JkkcoyOX1ZRX-54jg&amp;__tn__=*NK-R\" target=\"_blank\" rel=\"noopener\">#MovilidadMachalaEP<\/a><\/div>\n<div dir=\"auto\"><a class=\"oajrlxb2 g5ia77u1 qu0x051f esr5mh6w e9989ue4 r7d6kgcz rq0escxv nhd2j8a9 nc684nl6 p7hjln8o kvgmc6g5 cxmmr5t8 oygrvhab hcukyx3x jb3vyjys rz4wbd8a qt6c0cv9 a8nywdso i1ao9s8h esuyzwwr f1sip0of lzcic4wl gpro0wi8 py34i1dx\" tabindex=\"0\" role=\"link\" href=\"https:\/\/www.facebook.com\/hashtag\/dar%C3%ADomacasalcalde?__cft__[0]=AZX5A_fFqxrg99YT3Hj4z6v6eOirT6QkHefTLgdW9i14nVhzSG-8OxY7VBNR_R36PrIcxIQTdkvC_zHeoAcy6FKA-5diEz13Er6fe-TDpijuz2TeP1JkkcoyOX1ZRX-54jg&amp;__tn__=*NK-R\" target=\"_blank\" rel=\"noopener\">#Dar\u00edoMacasAlcalde<\/a><\/div>\n<\/div>\n","protected":false},"excerpt":{"rendered":"<p>#AHORA Continuamos con la rehabilitaci\u00f3n integral de la Av. Ar\u00edzaga, desde Napole\u00f3n Mera hasta 10 de Agosto, cumplimos con la colocaci\u00f3n de asfaltado con la finalidad de mejorar la movilidad de este importante sector de Machala. #TrabajandoPorTuSeguridad #MovilidadMachalaEP #Dar\u00edoMacasAlcalde<\/p>\n","protected":false},"author":1,"featured_media":2882,"comment_status":"closed","ping_status":"closed","sticky":false,"template":"","format":"standard","meta":{"footnotes":""},"categories":[35,1],"tags":[],"class_list":["post-2920","post","type-post","status-publish","format-standard","has-post-thumbnail","hentry","category-noticias","category-uncategorized"],"_links":{"self":[{"href":"https:\/\/www.movilidadmachala.gob.ec\/web\/wp-json\/wp\/v2\/posts\/2920","targetHints":{"allow":["GET"]}}],"collection":[{"href":"https:\/\/www.movilidadmachala.gob.ec\/web\/wp-json\/wp\/v2\/posts"}],"about":[{"href":"https:\/\/www.movilidadmachala.gob.ec\/web\/wp-json\/wp\/v2\/types\/post"}],"author":[{"embeddable":true,"href":"https:\/\/www.movilidadmachala.gob.ec\/web\/wp-json\/wp\/v2\/users\/1"}],"replies":[{"embeddable":true,"href":"https:\/\/www.movilidadmachala.gob.ec\/web\/wp-json\/wp\/v2\/comments?post=2920"}],"version-history":[{"count":1,"href":"https:\/\/www.movilidadmachala.gob.ec\/web\/wp-json\/wp\/v2\/posts\/2920\/revisions"}],"predecessor-version":[{"id":2921,"href":"https:\/\/www.movilidadmachala.gob.ec\/web\/wp-json\/wp\/v2\/posts\/2920\/revisions\/2921"}],"wp:featuredmedia":[{"embeddable":true,"href":"https:\/\/www.movilidadmachala.gob.ec\/web\/wp-json\/wp\/v2\/media\/2882"}],"wp:attachment":[{"href":"https:\/\/www.movilidadmachala.gob.ec\/web\/wp-json\/wp\/v2\/media?parent=2920"}],"wp:term":[{"taxonomy":"category","embeddable":true,"href":"https:\/\/www.movilidadmachala.gob.ec\/web\/wp-json\/wp\/v2\/categories?post=2920"},{"taxonomy":"post_tag","embeddable":true,"href":"https:\/\/www.movilidadmachala.gob.ec\/web\/wp-json\/wp\/v2\/tags?post=2920"}],"curies":[{"name":"wp","href":"https:\/\/api.w.org\/{rel}","templated":true}]}}