{"id":2932,"date":"2022-01-25T15:00:14","date_gmt":"2022-01-25T20:00:14","guid":{"rendered":"https:\/\/www.movilidadmachala.gob.ec\/web\/?p=2932"},"modified":"2022-04-12T11:35:17","modified_gmt":"2022-04-12T16:35:17","slug":"matriculacion-y-revision-de-los-vehiculos-en-el-centro-de-revision-tecnica-vehicular","status":"publish","type":"post","link":"https:\/\/www.movilidadmachala.gob.ec\/web\/matriculacion-y-revision-de-los-vehiculos-en-el-centro-de-revision-tecnica-vehicular\/","title":{"rendered":"Matriculaci\u00f3n y revisi\u00f3n de los veh\u00edculos en el Centro de Revisi\u00f3n T\u00e9cnica Vehicular"},"content":{"rendered":"<div class=\"kvgmc6g5 cxmmr5t8 oygrvhab hcukyx3x c1et5uql ii04i59q\">\n<div dir=\"auto\"><a class=\"oajrlxb2 g5ia77u1 qu0x051f esr5mh6w e9989ue4 r7d6kgcz rq0escxv nhd2j8a9 nc684nl6 p7hjln8o kvgmc6g5 cxmmr5t8 oygrvhab hcukyx3x jb3vyjys rz4wbd8a qt6c0cv9 a8nywdso i1ao9s8h esuyzwwr f1sip0of lzcic4wl gpro0wi8 py34i1dx\" tabindex=\"0\" role=\"link\" href=\"https:\/\/www.facebook.com\/hashtag\/matriculaci%C3%B3nyrevisi%C3%B3n?__cft__[0]=AZUM5eWRMACN8WTQlvvcpmK4LD7xfy1tsxscdvicfgR9F_yV30JQpx4tCFLMFuooe5a-VEfWmOlBbQCl1ZEq0ITDnvDN87Lbag4OK7FXg-bte5Si81RPGHKXJXpZ1IG5Pfo&amp;__tn__=*NK-R\" target=\"_blank\" rel=\"noopener\">#Matriculaci\u00f3nYRevisi\u00f3n<\/a><\/div>\n<\/div>\n<div class=\"cxmmr5t8 oygrvhab hcukyx3x c1et5uql o9v6fnle ii04i59q\">\n<div dir=\"auto\">Empezamos con la matriculaci\u00f3n y revisi\u00f3n de los veh\u00edculos en el Centro de Revisi\u00f3n T\u00e9cnica Vehicular (RTV).<\/div>\n<\/div>\n<div class=\"cxmmr5t8 oygrvhab hcukyx3x c1et5uql o9v6fnle ii04i59q\">\n<div dir=\"auto\">Recuerda que este mes pueden realizar la revisi\u00f3n todos los d\u00edgitos.<\/div>\n<\/div>\n<div class=\"cxmmr5t8 oygrvhab hcukyx3x c1et5uql o9v6fnle ii04i59q\">\n<div dir=\"auto\">Evita aglomeraciones; utiliza los canales electr\u00f3nicos de la entidad.<\/div>\n<\/div>\n<div class=\"cxmmr5t8 oygrvhab hcukyx3x c1et5uql o9v6fnle ii04i59q\">\n<div dir=\"auto\">Visita nuestra p\u00e1gina web para obtener tu turno: <a class=\"oajrlxb2 g5ia77u1 qu0x051f esr5mh6w e9989ue4 r7d6kgcz rq0escxv nhd2j8a9 nc684nl6 p7hjln8o kvgmc6g5 cxmmr5t8 oygrvhab hcukyx3x jb3vyjys rz4wbd8a qt6c0cv9 a8nywdso i1ao9s8h esuyzwwr f1sip0of lzcic4wl gpro0wi8 py34i1dx\" tabindex=\"0\" role=\"link\" href=\"http:\/\/www.movilidadmachala.gob.ec\/?fbclid=IwAR0s7pWVAZn1v6_p4Q2j_-bb-zq3a4neGQ4jwahTV3Y8GIjnW2DqXMJu3Kk\" target=\"_blank\" rel=\"nofollow noopener\">www.movilidadmachala.gob.ec<\/a><\/div>\n<\/div>\n<div class=\"cxmmr5t8 oygrvhab hcukyx3x c1et5uql o9v6fnle ii04i59q\">\n<div dir=\"auto\"><a class=\"oajrlxb2 g5ia77u1 qu0x051f esr5mh6w e9989ue4 r7d6kgcz rq0escxv nhd2j8a9 nc684nl6 p7hjln8o kvgmc6g5 cxmmr5t8 oygrvhab hcukyx3x jb3vyjys rz4wbd8a qt6c0cv9 a8nywdso i1ao9s8h esuyzwwr f1sip0of lzcic4wl gpro0wi8 py34i1dx\" tabindex=\"0\" role=\"link\" href=\"https:\/\/www.facebook.com\/hashtag\/movilidadmachalaep?__cft__[0]=AZUM5eWRMACN8WTQlvvcpmK4LD7xfy1tsxscdvicfgR9F_yV30JQpx4tCFLMFuooe5a-VEfWmOlBbQCl1ZEq0ITDnvDN87Lbag4OK7FXg-bte5Si81RPGHKXJXpZ1IG5Pfo&amp;__tn__=*NK-R\" target=\"_blank\" rel=\"noopener\">#MovilidadMachalaEP<\/a><\/div>\n<div dir=\"auto\"><a class=\"oajrlxb2 g5ia77u1 qu0x051f esr5mh6w e9989ue4 r7d6kgcz rq0escxv nhd2j8a9 nc684nl6 p7hjln8o kvgmc6g5 cxmmr5t8 oygrvhab hcukyx3x jb3vyjys rz4wbd8a qt6c0cv9 a8nywdso i1ao9s8h esuyzwwr f1sip0of lzcic4wl gpro0wi8 py34i1dx\" tabindex=\"0\" role=\"link\" href=\"https:\/\/www.facebook.com\/hashtag\/dar%C3%ADomacasalcalde?__cft__[0]=AZUM5eWRMACN8WTQlvvcpmK4LD7xfy1tsxscdvicfgR9F_yV30JQpx4tCFLMFuooe5a-VEfWmOlBbQCl1ZEq0ITDnvDN87Lbag4OK7FXg-bte5Si81RPGHKXJXpZ1IG5Pfo&amp;__tn__=*NK-R\" target=\"_blank\" rel=\"noopener\">#Dar\u00edoMacasAlcalde<\/a><\/div>\n<\/div>\n","protected":false},"excerpt":{"rendered":"<p>#Matriculaci\u00f3nYRevisi\u00f3n Empezamos con la matriculaci\u00f3n y revisi\u00f3n de los veh\u00edculos en el Centro de Revisi\u00f3n T\u00e9cnica Vehicular (RTV). Recuerda que este mes pueden realizar la revisi\u00f3n todos los d\u00edgitos. Evita aglomeraciones; utiliza los canales electr\u00f3nicos de la entidad. Visita nuestra&hellip;<\/p>\n","protected":false},"author":1,"featured_media":2872,"comment_status":"closed","ping_status":"closed","sticky":false,"template":"","format":"standard","meta":{"footnotes":""},"categories":[35],"tags":[],"class_list":["post-2932","post","type-post","status-publish","format-standard","has-post-thumbnail","hentry","category-noticias"],"_links":{"self":[{"href":"https:\/\/www.movilidadmachala.gob.ec\/web\/wp-json\/wp\/v2\/posts\/2932","targetHints":{"allow":["GET"]}}],"collection":[{"href":"https:\/\/www.movilidadmachala.gob.ec\/web\/wp-json\/wp\/v2\/posts"}],"about":[{"href":"https:\/\/www.movilidadmachala.gob.ec\/web\/wp-json\/wp\/v2\/types\/post"}],"author":[{"embeddable":true,"href":"https:\/\/www.movilidadmachala.gob.ec\/web\/wp-json\/wp\/v2\/users\/1"}],"replies":[{"embeddable":true,"href":"https:\/\/www.movilidadmachala.gob.ec\/web\/wp-json\/wp\/v2\/comments?post=2932"}],"version-history":[{"count":1,"href":"https:\/\/www.movilidadmachala.gob.ec\/web\/wp-json\/wp\/v2\/posts\/2932\/revisions"}],"predecessor-version":[{"id":2933,"href":"https:\/\/www.movilidadmachala.gob.ec\/web\/wp-json\/wp\/v2\/posts\/2932\/revisions\/2933"}],"wp:featuredmedia":[{"embeddable":true,"href":"https:\/\/www.movilidadmachala.gob.ec\/web\/wp-json\/wp\/v2\/media\/2872"}],"wp:attachment":[{"href":"https:\/\/www.movilidadmachala.gob.ec\/web\/wp-json\/wp\/v2\/media?parent=2932"}],"wp:term":[{"taxonomy":"category","embeddable":true,"href":"https:\/\/www.movilidadmachala.gob.ec\/web\/wp-json\/wp\/v2\/categories?post=2932"},{"taxonomy":"post_tag","embeddable":true,"href":"https:\/\/www.movilidadmachala.gob.ec\/web\/wp-json\/wp\/v2\/tags?post=2932"}],"curies":[{"name":"wp","href":"https:\/\/api.w.org\/{rel}","templated":true}]}}