{"id":2934,"date":"2022-01-26T14:00:34","date_gmt":"2022-01-26T19:00:34","guid":{"rendered":"https:\/\/www.movilidadmachala.gob.ec\/web\/?p=2934"},"modified":"2022-04-12T11:51:10","modified_gmt":"2022-04-12T16:51:10","slug":"nueva-interseccion-semaforica-en-la-av-bolivar-madero-vargas-y-2da-norte","status":"publish","type":"post","link":"https:\/\/www.movilidadmachala.gob.ec\/web\/nueva-interseccion-semaforica-en-la-av-bolivar-madero-vargas-y-2da-norte\/","title":{"rendered":"Nueva intersecci\u00f3n semaf\u00f3rica en la Av. Bol\u00edvar Madero Vargas y 2da. Norte."},"content":{"rendered":"<div class=\"kvgmc6g5 cxmmr5t8 oygrvhab hcukyx3x c1et5uql ii04i59q\">\n<div dir=\"auto\"><a class=\"oajrlxb2 g5ia77u1 qu0x051f esr5mh6w e9989ue4 r7d6kgcz rq0escxv nhd2j8a9 nc684nl6 p7hjln8o kvgmc6g5 cxmmr5t8 oygrvhab hcukyx3x jb3vyjys rz4wbd8a qt6c0cv9 a8nywdso i1ao9s8h esuyzwwr f1sip0of lzcic4wl gpro0wi8 py34i1dx\" tabindex=\"0\" role=\"link\" href=\"https:\/\/www.facebook.com\/hashtag\/movilidadcomunica?__cft__[0]=AZUU80TBRXofuQl6ov7oQKmOSMvnrBLVelqVbol7At9wBQo8EqsA2JO5J7CGSbaEEU6z-qODRGqmOJx_p3Im2cYhU1wGZUyitU33QxpucGQNqs_8O-K7RVRjFSRNZE4SwpU&amp;__tn__=*NK-R\" target=\"_blank\" rel=\"noopener\">#MOVILIDADComunica<\/a><\/div>\n<\/div>\n<div class=\"cxmmr5t8 oygrvhab hcukyx3x c1et5uql o9v6fnle ii04i59q\">\n<div dir=\"auto\">Instalamos nueva intersecci\u00f3n semaf\u00f3rica en la Av. Bol\u00edvar Madero Vargas y 2da. Norte.<\/div>\n<\/div>\n<div class=\"cxmmr5t8 oygrvhab hcukyx3x c1et5uql o9v6fnle ii04i59q\">\n<div dir=\"auto\">Esto permitir\u00e1 un mejor flujo vehicular y evitar\u00e1 posibles siniestros de tr\u00e1nsito.<\/div>\n<\/div>\n<div class=\"cxmmr5t8 oygrvhab hcukyx3x c1et5uql o9v6fnle ii04i59q\">\n<div dir=\"auto\">Recuerde manejar con precauci\u00f3n, estamos trabajando por tu bienestar.<\/div>\n<\/div>\n<div class=\"cxmmr5t8 oygrvhab hcukyx3x c1et5uql o9v6fnle ii04i59q\">\n<div dir=\"auto\"><a class=\"oajrlxb2 g5ia77u1 qu0x051f esr5mh6w e9989ue4 r7d6kgcz rq0escxv nhd2j8a9 nc684nl6 p7hjln8o kvgmc6g5 cxmmr5t8 oygrvhab hcukyx3x jb3vyjys rz4wbd8a qt6c0cv9 a8nywdso i1ao9s8h esuyzwwr f1sip0of lzcic4wl gpro0wi8 py34i1dx\" tabindex=\"0\" role=\"link\" href=\"https:\/\/www.facebook.com\/hashtag\/movilidadmachalaep?__cft__[0]=AZUU80TBRXofuQl6ov7oQKmOSMvnrBLVelqVbol7At9wBQo8EqsA2JO5J7CGSbaEEU6z-qODRGqmOJx_p3Im2cYhU1wGZUyitU33QxpucGQNqs_8O-K7RVRjFSRNZE4SwpU&amp;__tn__=*NK-R\" target=\"_blank\" rel=\"noopener\">#MovilidadMachalaEP<\/a><\/div>\n<div dir=\"auto\"><a class=\"oajrlxb2 g5ia77u1 qu0x051f esr5mh6w e9989ue4 r7d6kgcz rq0escxv nhd2j8a9 nc684nl6 p7hjln8o kvgmc6g5 cxmmr5t8 oygrvhab hcukyx3x jb3vyjys rz4wbd8a qt6c0cv9 a8nywdso i1ao9s8h esuyzwwr f1sip0of lzcic4wl gpro0wi8 py34i1dx\" tabindex=\"0\" role=\"link\" href=\"https:\/\/www.facebook.com\/hashtag\/dar%C3%ADomacasalcalde?__cft__[0]=AZUU80TBRXofuQl6ov7oQKmOSMvnrBLVelqVbol7At9wBQo8EqsA2JO5J7CGSbaEEU6z-qODRGqmOJx_p3Im2cYhU1wGZUyitU33QxpucGQNqs_8O-K7RVRjFSRNZE4SwpU&amp;__tn__=*NK-R\" target=\"_blank\" rel=\"noopener\">#Dar\u00edoMacasAlcalde<\/a><\/div>\n<\/div>\n","protected":false},"excerpt":{"rendered":"<p>#MOVILIDADComunica Instalamos nueva intersecci\u00f3n semaf\u00f3rica en la Av. Bol\u00edvar Madero Vargas y 2da. Norte. Esto permitir\u00e1 un mejor flujo vehicular y evitar\u00e1 posibles siniestros de tr\u00e1nsito. Recuerde manejar con precauci\u00f3n, estamos trabajando por tu bienestar. #MovilidadMachalaEP #Dar\u00edoMacasAlcalde<\/p>\n","protected":false},"author":1,"featured_media":2871,"comment_status":"closed","ping_status":"closed","sticky":false,"template":"","format":"standard","meta":{"footnotes":""},"categories":[35],"tags":[],"class_list":["post-2934","post","type-post","status-publish","format-standard","has-post-thumbnail","hentry","category-noticias"],"_links":{"self":[{"href":"https:\/\/www.movilidadmachala.gob.ec\/web\/wp-json\/wp\/v2\/posts\/2934","targetHints":{"allow":["GET"]}}],"collection":[{"href":"https:\/\/www.movilidadmachala.gob.ec\/web\/wp-json\/wp\/v2\/posts"}],"about":[{"href":"https:\/\/www.movilidadmachala.gob.ec\/web\/wp-json\/wp\/v2\/types\/post"}],"author":[{"embeddable":true,"href":"https:\/\/www.movilidadmachala.gob.ec\/web\/wp-json\/wp\/v2\/users\/1"}],"replies":[{"embeddable":true,"href":"https:\/\/www.movilidadmachala.gob.ec\/web\/wp-json\/wp\/v2\/comments?post=2934"}],"version-history":[{"count":1,"href":"https:\/\/www.movilidadmachala.gob.ec\/web\/wp-json\/wp\/v2\/posts\/2934\/revisions"}],"predecessor-version":[{"id":2935,"href":"https:\/\/www.movilidadmachala.gob.ec\/web\/wp-json\/wp\/v2\/posts\/2934\/revisions\/2935"}],"wp:featuredmedia":[{"embeddable":true,"href":"https:\/\/www.movilidadmachala.gob.ec\/web\/wp-json\/wp\/v2\/media\/2871"}],"wp:attachment":[{"href":"https:\/\/www.movilidadmachala.gob.ec\/web\/wp-json\/wp\/v2\/media?parent=2934"}],"wp:term":[{"taxonomy":"category","embeddable":true,"href":"https:\/\/www.movilidadmachala.gob.ec\/web\/wp-json\/wp\/v2\/categories?post=2934"},{"taxonomy":"post_tag","embeddable":true,"href":"https:\/\/www.movilidadmachala.gob.ec\/web\/wp-json\/wp\/v2\/tags?post=2934"}],"curies":[{"name":"wp","href":"https:\/\/api.w.org\/{rel}","templated":true}]}}