{"id":2940,"date":"2022-01-31T16:00:52","date_gmt":"2022-01-31T21:00:52","guid":{"rendered":"https:\/\/www.movilidadmachala.gob.ec\/web\/?p=2940"},"modified":"2022-04-12T14:27:49","modified_gmt":"2022-04-12T19:27:49","slug":"operativos-de-control-semaforo-en-rojo","status":"publish","type":"post","link":"https:\/\/www.movilidadmachala.gob.ec\/web\/operativos-de-control-semaforo-en-rojo\/","title":{"rendered":"Operativos de control \u00abSem\u00e1foro en rojo\u00bb"},"content":{"rendered":"<div class=\"kvgmc6g5 cxmmr5t8 oygrvhab hcukyx3x c1et5uql ii04i59q\">\n<div dir=\"auto\"><a class=\"oajrlxb2 g5ia77u1 qu0x051f esr5mh6w e9989ue4 r7d6kgcz rq0escxv nhd2j8a9 nc684nl6 p7hjln8o kvgmc6g5 cxmmr5t8 oygrvhab hcukyx3x jb3vyjys rz4wbd8a qt6c0cv9 a8nywdso i1ao9s8h esuyzwwr f1sip0of lzcic4wl gpro0wi8 py34i1dx\" tabindex=\"0\" role=\"link\" href=\"https:\/\/www.facebook.com\/hashtag\/ahora?__cft__[0]=AZUiaB8Z3t_PaGAlaGm2cSo_3LbqH9p5_FYn94VSbsRRFYJmbuVR2GXhXGSIxmetxZxTniJeli-EF0i4LAU-CfaOmINKmct7s6uGcm9lyvoLClASM7uluy6o_SxmMIsJ90Q&amp;__tn__=*NK-R\" target=\"_blank\" rel=\"noopener\">#AHORA<\/a><\/div>\n<\/div>\n<div class=\"cxmmr5t8 oygrvhab hcukyx3x c1et5uql o9v6fnle ii04i59q\">\n<div dir=\"auto\">Realizamos constantemente operativos de control, dirigido a conductores para que respeten las se\u00f1ales de tr\u00e1nsito y generen conciencia vial.<\/div>\n<\/div>\n<div class=\"cxmmr5t8 oygrvhab hcukyx3x c1et5uql o9v6fnle ii04i59q\">\n<div dir=\"auto\">La ma\u00f1ana y tarde de este lunes, se efect\u00faan en la Av. 25 de Junio a la altura del Servicio de Rentas Internas.<\/div>\n<\/div>\n<div class=\"cxmmr5t8 oygrvhab hcukyx3x c1et5uql o9v6fnle ii04i59q\">\n<div dir=\"auto\"><a class=\"oajrlxb2 g5ia77u1 qu0x051f esr5mh6w e9989ue4 r7d6kgcz rq0escxv nhd2j8a9 nc684nl6 p7hjln8o kvgmc6g5 cxmmr5t8 oygrvhab hcukyx3x jb3vyjys rz4wbd8a qt6c0cv9 a8nywdso i1ao9s8h esuyzwwr f1sip0of lzcic4wl gpro0wi8 py34i1dx\" tabindex=\"0\" role=\"link\" href=\"https:\/\/www.facebook.com\/hashtag\/movilidadmachalaep?__cft__[0]=AZUiaB8Z3t_PaGAlaGm2cSo_3LbqH9p5_FYn94VSbsRRFYJmbuVR2GXhXGSIxmetxZxTniJeli-EF0i4LAU-CfaOmINKmct7s6uGcm9lyvoLClASM7uluy6o_SxmMIsJ90Q&amp;__tn__=*NK-R\" target=\"_blank\" rel=\"noopener\">#MovilidadMachalaEP<\/a><\/div>\n<div dir=\"auto\"><a class=\"oajrlxb2 g5ia77u1 qu0x051f esr5mh6w e9989ue4 r7d6kgcz rq0escxv nhd2j8a9 nc684nl6 p7hjln8o kvgmc6g5 cxmmr5t8 oygrvhab hcukyx3x jb3vyjys rz4wbd8a qt6c0cv9 a8nywdso i1ao9s8h esuyzwwr f1sip0of lzcic4wl gpro0wi8 py34i1dx\" tabindex=\"0\" role=\"link\" href=\"https:\/\/www.facebook.com\/hashtag\/dar%C3%ADomacasalcalde?__cft__[0]=AZUiaB8Z3t_PaGAlaGm2cSo_3LbqH9p5_FYn94VSbsRRFYJmbuVR2GXhXGSIxmetxZxTniJeli-EF0i4LAU-CfaOmINKmct7s6uGcm9lyvoLClASM7uluy6o_SxmMIsJ90Q&amp;__tn__=*NK-R\" target=\"_blank\" rel=\"noopener\">#Dar\u00edoMacasAlcalde<\/a><\/div>\n<\/div>\n","protected":false},"excerpt":{"rendered":"<p>#AHORA Realizamos constantemente operativos de control, dirigido a conductores para que respeten las se\u00f1ales de tr\u00e1nsito y generen conciencia vial. La ma\u00f1ana y tarde de este lunes, se efect\u00faan en la Av. 25 de Junio a la altura del Servicio&hellip;<\/p>\n","protected":false},"author":1,"featured_media":2394,"comment_status":"closed","ping_status":"closed","sticky":false,"template":"","format":"standard","meta":{"footnotes":""},"categories":[35],"tags":[],"class_list":["post-2940","post","type-post","status-publish","format-standard","has-post-thumbnail","hentry","category-noticias"],"_links":{"self":[{"href":"https:\/\/www.movilidadmachala.gob.ec\/web\/wp-json\/wp\/v2\/posts\/2940","targetHints":{"allow":["GET"]}}],"collection":[{"href":"https:\/\/www.movilidadmachala.gob.ec\/web\/wp-json\/wp\/v2\/posts"}],"about":[{"href":"https:\/\/www.movilidadmachala.gob.ec\/web\/wp-json\/wp\/v2\/types\/post"}],"author":[{"embeddable":true,"href":"https:\/\/www.movilidadmachala.gob.ec\/web\/wp-json\/wp\/v2\/users\/1"}],"replies":[{"embeddable":true,"href":"https:\/\/www.movilidadmachala.gob.ec\/web\/wp-json\/wp\/v2\/comments?post=2940"}],"version-history":[{"count":1,"href":"https:\/\/www.movilidadmachala.gob.ec\/web\/wp-json\/wp\/v2\/posts\/2940\/revisions"}],"predecessor-version":[{"id":2941,"href":"https:\/\/www.movilidadmachala.gob.ec\/web\/wp-json\/wp\/v2\/posts\/2940\/revisions\/2941"}],"wp:featuredmedia":[{"embeddable":true,"href":"https:\/\/www.movilidadmachala.gob.ec\/web\/wp-json\/wp\/v2\/media\/2394"}],"wp:attachment":[{"href":"https:\/\/www.movilidadmachala.gob.ec\/web\/wp-json\/wp\/v2\/media?parent=2940"}],"wp:term":[{"taxonomy":"category","embeddable":true,"href":"https:\/\/www.movilidadmachala.gob.ec\/web\/wp-json\/wp\/v2\/categories?post=2940"},{"taxonomy":"post_tag","embeddable":true,"href":"https:\/\/www.movilidadmachala.gob.ec\/web\/wp-json\/wp\/v2\/tags?post=2940"}],"curies":[{"name":"wp","href":"https:\/\/api.w.org\/{rel}","templated":true}]}}