{"id":2942,"date":"2022-02-01T14:00:02","date_gmt":"2022-02-01T19:00:02","guid":{"rendered":"https:\/\/www.movilidadmachala.gob.ec\/web\/?p=2942"},"modified":"2022-04-12T14:32:44","modified_gmt":"2022-04-12T19:32:44","slug":"en-febrero-revision-vehicular-a-vehiculos-terminados-en-digito-1","status":"publish","type":"post","link":"https:\/\/www.movilidadmachala.gob.ec\/web\/en-febrero-revision-vehicular-a-vehiculos-terminados-en-digito-1\/","title":{"rendered":"En febrero revisi\u00f3n vehicular a veh\u00edculos terminados en d\u00edgito 1."},"content":{"rendered":"<div class=\"kvgmc6g5 cxmmr5t8 oygrvhab hcukyx3x c1et5uql ii04i59q\">\n<div dir=\"auto\"><a class=\"oajrlxb2 g5ia77u1 qu0x051f esr5mh6w e9989ue4 r7d6kgcz rq0escxv nhd2j8a9 nc684nl6 p7hjln8o kvgmc6g5 cxmmr5t8 oygrvhab hcukyx3x jb3vyjys rz4wbd8a qt6c0cv9 a8nywdso i1ao9s8h esuyzwwr f1sip0of lzcic4wl gpro0wi8 py34i1dx\" tabindex=\"0\" role=\"link\" href=\"https:\/\/www.facebook.com\/hashtag\/matriculaci%C3%B3nyrevisi%C3%B3n?__cft__[0]=AZW6pqax1mRbijj2Uqq0u4S1I-zwbpyNoJqAwpbQ0yFPJ_v1vYTCc1benCcQj0i2lscy35c4NPwKuVNp3Y7a_zg5U0W4Qd-TzcuxiJYNoAmvLTKww0eWWOyN8u14hPEURwM&amp;__tn__=*NK-R\" target=\"_blank\" rel=\"noopener\">#Matriculaci\u00f3nYRevisi\u00f3n<\/a><\/div>\n<\/div>\n<div class=\"cxmmr5t8 oygrvhab hcukyx3x c1et5uql o9v6fnle ii04i59q\">\n<div dir=\"auto\">Es momento de ponerte al d\u00eda y matricular tu veh\u00edculo. En febrero pueden realizar la revisi\u00f3n los veh\u00edculos terminados en d\u00edgito 1.<\/div>\n<\/div>\n<div class=\"cxmmr5t8 oygrvhab hcukyx3x c1et5uql o9v6fnle ii04i59q\">\n<div dir=\"auto\">Evita aglomeraciones, utiliza los canales electr\u00f3nicos de la entidad.<\/div>\n<\/div>\n<div class=\"cxmmr5t8 oygrvhab hcukyx3x c1et5uql o9v6fnle ii04i59q\">\n<div dir=\"auto\">Visita nuestra p\u00e1gina web para obtener tu turno: <a class=\"oajrlxb2 g5ia77u1 qu0x051f esr5mh6w e9989ue4 r7d6kgcz rq0escxv nhd2j8a9 nc684nl6 p7hjln8o kvgmc6g5 cxmmr5t8 oygrvhab hcukyx3x jb3vyjys rz4wbd8a qt6c0cv9 a8nywdso i1ao9s8h esuyzwwr f1sip0of lzcic4wl gpro0wi8 py34i1dx\" tabindex=\"0\" role=\"link\" href=\"http:\/\/www.movilidadmachala.gob.ec\/?fbclid=IwAR1QYeTFSpNm0_nzofj3emiyPMI-bnvQiJ1dIt0wIXT1D6qgvAsDzct_TPc\" target=\"_blank\" rel=\"nofollow noopener\">www.movilidadmachala.gob.ec<\/a><\/div>\n<\/div>\n<div class=\"cxmmr5t8 oygrvhab hcukyx3x c1et5uql o9v6fnle ii04i59q\">\n<div dir=\"auto\"><a class=\"oajrlxb2 g5ia77u1 qu0x051f esr5mh6w e9989ue4 r7d6kgcz rq0escxv nhd2j8a9 nc684nl6 p7hjln8o kvgmc6g5 cxmmr5t8 oygrvhab hcukyx3x jb3vyjys rz4wbd8a qt6c0cv9 a8nywdso i1ao9s8h esuyzwwr f1sip0of lzcic4wl gpro0wi8 py34i1dx\" tabindex=\"0\" role=\"link\" href=\"https:\/\/www.facebook.com\/hashtag\/movilidadmachalaep?__cft__[0]=AZW6pqax1mRbijj2Uqq0u4S1I-zwbpyNoJqAwpbQ0yFPJ_v1vYTCc1benCcQj0i2lscy35c4NPwKuVNp3Y7a_zg5U0W4Qd-TzcuxiJYNoAmvLTKww0eWWOyN8u14hPEURwM&amp;__tn__=*NK-R\" target=\"_blank\" rel=\"noopener\">#MovilidadMachalaEP<\/a><\/div>\n<div dir=\"auto\"><a class=\"oajrlxb2 g5ia77u1 qu0x051f esr5mh6w e9989ue4 r7d6kgcz rq0escxv nhd2j8a9 nc684nl6 p7hjln8o kvgmc6g5 cxmmr5t8 oygrvhab hcukyx3x jb3vyjys rz4wbd8a qt6c0cv9 a8nywdso i1ao9s8h esuyzwwr f1sip0of lzcic4wl gpro0wi8 py34i1dx\" tabindex=\"0\" role=\"link\" href=\"https:\/\/www.facebook.com\/hashtag\/dar%C3%ADomacasalcalde?__cft__[0]=AZW6pqax1mRbijj2Uqq0u4S1I-zwbpyNoJqAwpbQ0yFPJ_v1vYTCc1benCcQj0i2lscy35c4NPwKuVNp3Y7a_zg5U0W4Qd-TzcuxiJYNoAmvLTKww0eWWOyN8u14hPEURwM&amp;__tn__=*NK-R\" target=\"_blank\" rel=\"noopener\">#Dar\u00edoMacasAlcalde<\/a><\/div>\n<\/div>\n","protected":false},"excerpt":{"rendered":"<p>#Matriculaci\u00f3nYRevisi\u00f3n Es momento de ponerte al d\u00eda y matricular tu veh\u00edculo. En febrero pueden realizar la revisi\u00f3n los veh\u00edculos terminados en d\u00edgito 1. Evita aglomeraciones, utiliza los canales electr\u00f3nicos de la entidad. Visita nuestra p\u00e1gina web para obtener tu turno:&hellip;<\/p>\n","protected":false},"author":1,"featured_media":2667,"comment_status":"closed","ping_status":"closed","sticky":false,"template":"","format":"standard","meta":{"footnotes":""},"categories":[35],"tags":[],"class_list":["post-2942","post","type-post","status-publish","format-standard","has-post-thumbnail","hentry","category-noticias"],"_links":{"self":[{"href":"https:\/\/www.movilidadmachala.gob.ec\/web\/wp-json\/wp\/v2\/posts\/2942","targetHints":{"allow":["GET"]}}],"collection":[{"href":"https:\/\/www.movilidadmachala.gob.ec\/web\/wp-json\/wp\/v2\/posts"}],"about":[{"href":"https:\/\/www.movilidadmachala.gob.ec\/web\/wp-json\/wp\/v2\/types\/post"}],"author":[{"embeddable":true,"href":"https:\/\/www.movilidadmachala.gob.ec\/web\/wp-json\/wp\/v2\/users\/1"}],"replies":[{"embeddable":true,"href":"https:\/\/www.movilidadmachala.gob.ec\/web\/wp-json\/wp\/v2\/comments?post=2942"}],"version-history":[{"count":1,"href":"https:\/\/www.movilidadmachala.gob.ec\/web\/wp-json\/wp\/v2\/posts\/2942\/revisions"}],"predecessor-version":[{"id":2943,"href":"https:\/\/www.movilidadmachala.gob.ec\/web\/wp-json\/wp\/v2\/posts\/2942\/revisions\/2943"}],"wp:featuredmedia":[{"embeddable":true,"href":"https:\/\/www.movilidadmachala.gob.ec\/web\/wp-json\/wp\/v2\/media\/2667"}],"wp:attachment":[{"href":"https:\/\/www.movilidadmachala.gob.ec\/web\/wp-json\/wp\/v2\/media?parent=2942"}],"wp:term":[{"taxonomy":"category","embeddable":true,"href":"https:\/\/www.movilidadmachala.gob.ec\/web\/wp-json\/wp\/v2\/categories?post=2942"},{"taxonomy":"post_tag","embeddable":true,"href":"https:\/\/www.movilidadmachala.gob.ec\/web\/wp-json\/wp\/v2\/tags?post=2942"}],"curies":[{"name":"wp","href":"https:\/\/api.w.org\/{rel}","templated":true}]}}