{"id":2957,"date":"2022-02-16T14:00:23","date_gmt":"2022-02-16T19:00:23","guid":{"rendered":"https:\/\/www.movilidadmachala.gob.ec\/web\/?p=2957"},"modified":"2022-04-12T17:01:55","modified_gmt":"2022-04-12T22:01:55","slug":"capacitacion-a-ff-aa","status":"publish","type":"post","link":"https:\/\/www.movilidadmachala.gob.ec\/web\/capacitacion-a-ff-aa\/","title":{"rendered":"Capacitaci\u00f3n a FF.AA"},"content":{"rendered":"<div class=\"kvgmc6g5 cxmmr5t8 oygrvhab hcukyx3x c1et5uql ii04i59q\">\n<div dir=\"auto\"><a class=\"oajrlxb2 g5ia77u1 qu0x051f esr5mh6w e9989ue4 r7d6kgcz rq0escxv nhd2j8a9 nc684nl6 p7hjln8o kvgmc6g5 cxmmr5t8 oygrvhab hcukyx3x jb3vyjys rz4wbd8a qt6c0cv9 a8nywdso i1ao9s8h esuyzwwr f1sip0of lzcic4wl gpro0wi8 py34i1dx\" tabindex=\"0\" role=\"link\" href=\"https:\/\/www.facebook.com\/hashtag\/movilidadcomunica?__cft__[0]=AZXOJo3jPVQcNEQ_E5jJW2nw_QceKxUWNWGXuc0LseG2Xg1V9WGh2DRNPaTVxX0EPSQjYecizWItTbqfU6ysskbDR_3My_rgNKyvwfN9a4N_TNYzI9cEaeqHiuDDkxCrlPM&amp;__tn__=*NK-R\" target=\"_blank\" rel=\"noopener\">#MOVILIDADComunica<\/a> | Con el objetivo de coordinar acciones en conjunto, la ma\u00f1ana de hoy brindamos capacitaci\u00f3n a elementos de la Brigada de Infanter\u00eda Motorizada N\u00b01 de El Oro, sobre el uso, movilizaci\u00f3n y control de veh\u00edculos de la Fuerza Terrestre del Ecuador.<\/div>\n<\/div>\n<div class=\"cxmmr5t8 oygrvhab hcukyx3x c1et5uql o9v6fnle ii04i59q\">\n<div dir=\"auto\"><a class=\"oajrlxb2 g5ia77u1 qu0x051f esr5mh6w e9989ue4 r7d6kgcz rq0escxv nhd2j8a9 nc684nl6 p7hjln8o kvgmc6g5 cxmmr5t8 oygrvhab hcukyx3x jb3vyjys rz4wbd8a qt6c0cv9 a8nywdso i1ao9s8h esuyzwwr f1sip0of lzcic4wl gpro0wi8 py34i1dx\" tabindex=\"0\" role=\"link\" href=\"https:\/\/www.facebook.com\/hashtag\/trabajandoportuseguridadvial?__cft__[0]=AZXOJo3jPVQcNEQ_E5jJW2nw_QceKxUWNWGXuc0LseG2Xg1V9WGh2DRNPaTVxX0EPSQjYecizWItTbqfU6ysskbDR_3My_rgNKyvwfN9a4N_TNYzI9cEaeqHiuDDkxCrlPM&amp;__tn__=*NK-R\" target=\"_blank\" rel=\"noopener\">#TrabajandoPorTuSeguridadVial<\/a><\/div>\n<div dir=\"auto\"><a class=\"oajrlxb2 g5ia77u1 qu0x051f esr5mh6w e9989ue4 r7d6kgcz rq0escxv nhd2j8a9 nc684nl6 p7hjln8o kvgmc6g5 cxmmr5t8 oygrvhab hcukyx3x jb3vyjys rz4wbd8a qt6c0cv9 a8nywdso i1ao9s8h esuyzwwr f1sip0of lzcic4wl gpro0wi8 py34i1dx\" tabindex=\"0\" role=\"link\" href=\"https:\/\/www.facebook.com\/hashtag\/dar%C3%ADomacasalcalde?__cft__[0]=AZXOJo3jPVQcNEQ_E5jJW2nw_QceKxUWNWGXuc0LseG2Xg1V9WGh2DRNPaTVxX0EPSQjYecizWItTbqfU6ysskbDR_3My_rgNKyvwfN9a4N_TNYzI9cEaeqHiuDDkxCrlPM&amp;__tn__=*NK-R\" target=\"_blank\" rel=\"noopener\">#Dar\u00edoMacasAlcalde<\/a><\/div>\n<\/div>\n","protected":false},"excerpt":{"rendered":"<p>#MOVILIDADComunica | Con el objetivo de coordinar acciones en conjunto, la ma\u00f1ana de hoy brindamos capacitaci\u00f3n a elementos de la Brigada de Infanter\u00eda Motorizada N\u00b01 de El Oro, sobre el uso, movilizaci\u00f3n y control de veh\u00edculos de la Fuerza Terrestre&hellip;<\/p>\n","protected":false},"author":1,"featured_media":2856,"comment_status":"closed","ping_status":"closed","sticky":false,"template":"","format":"standard","meta":{"footnotes":""},"categories":[35],"tags":[],"class_list":["post-2957","post","type-post","status-publish","format-standard","has-post-thumbnail","hentry","category-noticias"],"_links":{"self":[{"href":"https:\/\/www.movilidadmachala.gob.ec\/web\/wp-json\/wp\/v2\/posts\/2957","targetHints":{"allow":["GET"]}}],"collection":[{"href":"https:\/\/www.movilidadmachala.gob.ec\/web\/wp-json\/wp\/v2\/posts"}],"about":[{"href":"https:\/\/www.movilidadmachala.gob.ec\/web\/wp-json\/wp\/v2\/types\/post"}],"author":[{"embeddable":true,"href":"https:\/\/www.movilidadmachala.gob.ec\/web\/wp-json\/wp\/v2\/users\/1"}],"replies":[{"embeddable":true,"href":"https:\/\/www.movilidadmachala.gob.ec\/web\/wp-json\/wp\/v2\/comments?post=2957"}],"version-history":[{"count":1,"href":"https:\/\/www.movilidadmachala.gob.ec\/web\/wp-json\/wp\/v2\/posts\/2957\/revisions"}],"predecessor-version":[{"id":2958,"href":"https:\/\/www.movilidadmachala.gob.ec\/web\/wp-json\/wp\/v2\/posts\/2957\/revisions\/2958"}],"wp:featuredmedia":[{"embeddable":true,"href":"https:\/\/www.movilidadmachala.gob.ec\/web\/wp-json\/wp\/v2\/media\/2856"}],"wp:attachment":[{"href":"https:\/\/www.movilidadmachala.gob.ec\/web\/wp-json\/wp\/v2\/media?parent=2957"}],"wp:term":[{"taxonomy":"category","embeddable":true,"href":"https:\/\/www.movilidadmachala.gob.ec\/web\/wp-json\/wp\/v2\/categories?post=2957"},{"taxonomy":"post_tag","embeddable":true,"href":"https:\/\/www.movilidadmachala.gob.ec\/web\/wp-json\/wp\/v2\/tags?post=2957"}],"curies":[{"name":"wp","href":"https:\/\/api.w.org\/{rel}","templated":true}]}}