{"id":2959,"date":"2022-02-17T17:00:11","date_gmt":"2022-02-17T22:00:11","guid":{"rendered":"https:\/\/www.movilidadmachala.gob.ec\/web\/?p=2959"},"modified":"2022-04-12T17:06:17","modified_gmt":"2022-04-12T22:06:17","slug":"semaforos-activos-10-de-agosto-y-olmedo","status":"publish","type":"post","link":"https:\/\/www.movilidadmachala.gob.ec\/web\/semaforos-activos-10-de-agosto-y-olmedo\/","title":{"rendered":"Sem\u00e1foros activos \u00ab10 de Agosto y Olmedo\u00bb"},"content":{"rendered":"<div dir=\"auto\"><a class=\"oajrlxb2 g5ia77u1 qu0x051f esr5mh6w e9989ue4 r7d6kgcz rq0escxv nhd2j8a9 nc684nl6 p7hjln8o kvgmc6g5 cxmmr5t8 oygrvhab hcukyx3x jb3vyjys rz4wbd8a qt6c0cv9 a8nywdso i1ao9s8h esuyzwwr f1sip0of lzcic4wl gpro0wi8 py34i1dx\" tabindex=\"0\" role=\"link\" href=\"https:\/\/www.facebook.com\/hashtag\/ahora?__cft__[0]=AZUjqG1KQSJby9-ZCrh_1dCxRvdctjZv4oocrHZjXsEH2jrIymOGiYkyy_w6KUvLFK0K4s6sYj-IZDuB6FCwgpC4aQNvl5GkYD4miDZyekibi-cG3wgJ9l92asZwn9zPwPY&amp;__tn__=*NK-R\" target=\"_blank\" rel=\"noopener\">#AHORA<\/a><\/div>\n<div dir=\"auto\">Se enciende nueva intersecci\u00f3n semaf\u00f3rica en las calles 10 de Agosto y Olmedo.<\/div>\n<div dir=\"auto\">Esto permitir\u00e1 un mejor flujo vehicular y evitar\u00e1 posibles siniestros de tr\u00e1nsito en el sector.<\/div>\n<div dir=\"auto\">Recuerde manejar con precauci\u00f3n, estamos trabajando por tu bienestar.<\/div>\n<div dir=\"auto\"><a class=\"oajrlxb2 g5ia77u1 qu0x051f esr5mh6w e9989ue4 r7d6kgcz rq0escxv nhd2j8a9 nc684nl6 p7hjln8o kvgmc6g5 cxmmr5t8 oygrvhab hcukyx3x jb3vyjys rz4wbd8a qt6c0cv9 a8nywdso i1ao9s8h esuyzwwr f1sip0of lzcic4wl gpro0wi8 py34i1dx\" tabindex=\"0\" role=\"link\" href=\"https:\/\/www.facebook.com\/hashtag\/movilidadmachalaep?__cft__[0]=AZUjqG1KQSJby9-ZCrh_1dCxRvdctjZv4oocrHZjXsEH2jrIymOGiYkyy_w6KUvLFK0K4s6sYj-IZDuB6FCwgpC4aQNvl5GkYD4miDZyekibi-cG3wgJ9l92asZwn9zPwPY&amp;__tn__=*NK-R\" target=\"_blank\" rel=\"noopener\">#MovilidadMachalaEP<\/a><\/div>\n<div dir=\"auto\"><a class=\"oajrlxb2 g5ia77u1 qu0x051f esr5mh6w e9989ue4 r7d6kgcz rq0escxv nhd2j8a9 nc684nl6 p7hjln8o kvgmc6g5 cxmmr5t8 oygrvhab hcukyx3x jb3vyjys rz4wbd8a qt6c0cv9 a8nywdso i1ao9s8h esuyzwwr f1sip0of lzcic4wl gpro0wi8 py34i1dx\" tabindex=\"0\" role=\"link\" href=\"https:\/\/www.facebook.com\/hashtag\/dar%C3%ADomacasalcalde?__cft__[0]=AZUjqG1KQSJby9-ZCrh_1dCxRvdctjZv4oocrHZjXsEH2jrIymOGiYkyy_w6KUvLFK0K4s6sYj-IZDuB6FCwgpC4aQNvl5GkYD4miDZyekibi-cG3wgJ9l92asZwn9zPwPY&amp;__tn__=*NK-R\" target=\"_blank\" rel=\"noopener\">#Dar\u00edoMacasAlcalde<\/a><\/div>\n","protected":false},"excerpt":{"rendered":"<p>#AHORA Se enciende nueva intersecci\u00f3n semaf\u00f3rica en las calles 10 de Agosto y Olmedo. Esto permitir\u00e1 un mejor flujo vehicular y evitar\u00e1 posibles siniestros de tr\u00e1nsito en el sector. Recuerde manejar con precauci\u00f3n, estamos trabajando por tu bienestar. #MovilidadMachalaEP #Dar\u00edoMacasAlcalde<\/p>\n","protected":false},"author":1,"featured_media":2855,"comment_status":"closed","ping_status":"closed","sticky":false,"template":"","format":"standard","meta":{"footnotes":""},"categories":[1],"tags":[],"class_list":["post-2959","post","type-post","status-publish","format-standard","has-post-thumbnail","hentry","category-uncategorized"],"_links":{"self":[{"href":"https:\/\/www.movilidadmachala.gob.ec\/web\/wp-json\/wp\/v2\/posts\/2959","targetHints":{"allow":["GET"]}}],"collection":[{"href":"https:\/\/www.movilidadmachala.gob.ec\/web\/wp-json\/wp\/v2\/posts"}],"about":[{"href":"https:\/\/www.movilidadmachala.gob.ec\/web\/wp-json\/wp\/v2\/types\/post"}],"author":[{"embeddable":true,"href":"https:\/\/www.movilidadmachala.gob.ec\/web\/wp-json\/wp\/v2\/users\/1"}],"replies":[{"embeddable":true,"href":"https:\/\/www.movilidadmachala.gob.ec\/web\/wp-json\/wp\/v2\/comments?post=2959"}],"version-history":[{"count":1,"href":"https:\/\/www.movilidadmachala.gob.ec\/web\/wp-json\/wp\/v2\/posts\/2959\/revisions"}],"predecessor-version":[{"id":2960,"href":"https:\/\/www.movilidadmachala.gob.ec\/web\/wp-json\/wp\/v2\/posts\/2959\/revisions\/2960"}],"wp:featuredmedia":[{"embeddable":true,"href":"https:\/\/www.movilidadmachala.gob.ec\/web\/wp-json\/wp\/v2\/media\/2855"}],"wp:attachment":[{"href":"https:\/\/www.movilidadmachala.gob.ec\/web\/wp-json\/wp\/v2\/media?parent=2959"}],"wp:term":[{"taxonomy":"category","embeddable":true,"href":"https:\/\/www.movilidadmachala.gob.ec\/web\/wp-json\/wp\/v2\/categories?post=2959"},{"taxonomy":"post_tag","embeddable":true,"href":"https:\/\/www.movilidadmachala.gob.ec\/web\/wp-json\/wp\/v2\/tags?post=2959"}],"curies":[{"name":"wp","href":"https:\/\/api.w.org\/{rel}","templated":true}]}}