{"id":2997,"date":"2022-03-10T15:00:36","date_gmt":"2022-03-10T20:00:36","guid":{"rendered":"https:\/\/www.movilidadmachala.gob.ec\/web\/?p=2997"},"modified":"2022-04-18T11:50:06","modified_gmt":"2022-04-18T16:50:06","slug":"senalizacion-horizontal-y-vertical-de-prevencion-en-el-paso-a-desnivel","status":"publish","type":"post","link":"https:\/\/www.movilidadmachala.gob.ec\/web\/senalizacion-horizontal-y-vertical-de-prevencion-en-el-paso-a-desnivel\/","title":{"rendered":"Se\u00f1alizaci\u00f3n horizontal y vertical de prevenci\u00f3n en el paso a desnivel."},"content":{"rendered":"<div class=\"kvgmc6g5 cxmmr5t8 oygrvhab hcukyx3x c1et5uql ii04i59q\">\n<div dir=\"auto\"><a class=\"oajrlxb2 g5ia77u1 qu0x051f esr5mh6w e9989ue4 r7d6kgcz rq0escxv nhd2j8a9 nc684nl6 p7hjln8o kvgmc6g5 cxmmr5t8 oygrvhab hcukyx3x jb3vyjys rz4wbd8a qt6c0cv9 a8nywdso i1ao9s8h esuyzwwr f1sip0of lzcic4wl gpro0wi8 q66pz984 b1v8xokw\" tabindex=\"0\" role=\"link\" href=\"https:\/\/www.facebook.com\/hashtag\/movilidadcomunica?__eep__=6&amp;__cft__[0]=AZVw4OzwXqmX86es_DB8LpamE6XEmJYHGaybuEWIUf2BF6NocLIZ7gte2SuiEcfrpbV_8TPDwxV-wJbs9czlqxeNiUlX7fhYptD8_5UhySnjG74neWpKUS9IgiuKjokGNjk5WoN-iosFnt80Whe9MF3y&amp;__tn__=*NK-R\">#MovilidadComunica<\/a><\/div>\n<\/div>\n<div class=\"cxmmr5t8 oygrvhab hcukyx3x c1et5uql o9v6fnle ii04i59q\">\n<div dir=\"auto\">Se coloc\u00f3 se\u00f1alizaci\u00f3n horizontal y vertical de prevenci\u00f3n en el paso a desnivel, con el objetivo que los conductores visualicen, desde una distancia oportuna, la divisi\u00f3n de las v\u00edas.<\/div>\n<\/div>\n<div class=\"cxmmr5t8 oygrvhab hcukyx3x c1et5uql o9v6fnle ii04i59q\">\n<div dir=\"auto\">Recuerde manejar con precauci\u00f3n, seguimos trabajando por su bienestar.<\/div>\n<\/div>\n<div class=\"cxmmr5t8 oygrvhab hcukyx3x c1et5uql o9v6fnle ii04i59q\">\n<div dir=\"auto\"><a class=\"oajrlxb2 g5ia77u1 qu0x051f esr5mh6w e9989ue4 r7d6kgcz rq0escxv nhd2j8a9 nc684nl6 p7hjln8o kvgmc6g5 cxmmr5t8 oygrvhab hcukyx3x jb3vyjys rz4wbd8a qt6c0cv9 a8nywdso i1ao9s8h esuyzwwr f1sip0of lzcic4wl gpro0wi8 q66pz984 b1v8xokw\" tabindex=\"0\" role=\"link\" href=\"https:\/\/www.facebook.com\/hashtag\/movilidadmachalaep?__eep__=6&amp;__cft__[0]=AZVw4OzwXqmX86es_DB8LpamE6XEmJYHGaybuEWIUf2BF6NocLIZ7gte2SuiEcfrpbV_8TPDwxV-wJbs9czlqxeNiUlX7fhYptD8_5UhySnjG74neWpKUS9IgiuKjokGNjk5WoN-iosFnt80Whe9MF3y&amp;__tn__=*NK-R\">#MovilidadMachalaEP<\/a><\/div>\n<div dir=\"auto\"><a class=\"oajrlxb2 g5ia77u1 qu0x051f esr5mh6w e9989ue4 r7d6kgcz rq0escxv nhd2j8a9 nc684nl6 p7hjln8o kvgmc6g5 cxmmr5t8 oygrvhab hcukyx3x jb3vyjys rz4wbd8a qt6c0cv9 a8nywdso i1ao9s8h esuyzwwr f1sip0of lzcic4wl gpro0wi8 q66pz984 b1v8xokw\" tabindex=\"0\" role=\"link\" href=\"https:\/\/www.facebook.com\/hashtag\/dariomacasalcalde?__eep__=6&amp;__cft__[0]=AZVw4OzwXqmX86es_DB8LpamE6XEmJYHGaybuEWIUf2BF6NocLIZ7gte2SuiEcfrpbV_8TPDwxV-wJbs9czlqxeNiUlX7fhYptD8_5UhySnjG74neWpKUS9IgiuKjokGNjk5WoN-iosFnt80Whe9MF3y&amp;__tn__=*NK-R\">#dariomacasalcalde<\/a><\/div>\n<\/div>\n","protected":false},"excerpt":{"rendered":"<p>#MovilidadComunica Se coloc\u00f3 se\u00f1alizaci\u00f3n horizontal y vertical de prevenci\u00f3n en el paso a desnivel, con el objetivo que los conductores visualicen, desde una distancia oportuna, la divisi\u00f3n de las v\u00edas. Recuerde manejar con precauci\u00f3n, seguimos trabajando por su bienestar. #MovilidadMachalaEP&hellip;<\/p>\n","protected":false},"author":1,"featured_media":2824,"comment_status":"closed","ping_status":"closed","sticky":false,"template":"","format":"standard","meta":{"footnotes":""},"categories":[35,1],"tags":[],"class_list":["post-2997","post","type-post","status-publish","format-standard","has-post-thumbnail","hentry","category-noticias","category-uncategorized"],"_links":{"self":[{"href":"https:\/\/www.movilidadmachala.gob.ec\/web\/wp-json\/wp\/v2\/posts\/2997","targetHints":{"allow":["GET"]}}],"collection":[{"href":"https:\/\/www.movilidadmachala.gob.ec\/web\/wp-json\/wp\/v2\/posts"}],"about":[{"href":"https:\/\/www.movilidadmachala.gob.ec\/web\/wp-json\/wp\/v2\/types\/post"}],"author":[{"embeddable":true,"href":"https:\/\/www.movilidadmachala.gob.ec\/web\/wp-json\/wp\/v2\/users\/1"}],"replies":[{"embeddable":true,"href":"https:\/\/www.movilidadmachala.gob.ec\/web\/wp-json\/wp\/v2\/comments?post=2997"}],"version-history":[{"count":1,"href":"https:\/\/www.movilidadmachala.gob.ec\/web\/wp-json\/wp\/v2\/posts\/2997\/revisions"}],"predecessor-version":[{"id":2998,"href":"https:\/\/www.movilidadmachala.gob.ec\/web\/wp-json\/wp\/v2\/posts\/2997\/revisions\/2998"}],"wp:featuredmedia":[{"embeddable":true,"href":"https:\/\/www.movilidadmachala.gob.ec\/web\/wp-json\/wp\/v2\/media\/2824"}],"wp:attachment":[{"href":"https:\/\/www.movilidadmachala.gob.ec\/web\/wp-json\/wp\/v2\/media?parent=2997"}],"wp:term":[{"taxonomy":"category","embeddable":true,"href":"https:\/\/www.movilidadmachala.gob.ec\/web\/wp-json\/wp\/v2\/categories?post=2997"},{"taxonomy":"post_tag","embeddable":true,"href":"https:\/\/www.movilidadmachala.gob.ec\/web\/wp-json\/wp\/v2\/tags?post=2997"}],"curies":[{"name":"wp","href":"https:\/\/api.w.org\/{rel}","templated":true}]}}