{"id":2999,"date":"2022-03-14T12:00:12","date_gmt":"2022-03-14T17:00:12","guid":{"rendered":"https:\/\/www.movilidadmachala.gob.ec\/web\/?p=2999"},"modified":"2022-04-18T12:11:14","modified_gmt":"2022-04-18T17:11:14","slug":"colocacion-de-senalizacion-vertical-de-la-parroquia-el-cambio","status":"publish","type":"post","link":"https:\/\/www.movilidadmachala.gob.ec\/web\/colocacion-de-senalizacion-vertical-de-la-parroquia-el-cambio\/","title":{"rendered":"Colocaci\u00f3n de se\u00f1alizaci\u00f3n vertical de la parroquia El Cambio"},"content":{"rendered":"<div class=\"kvgmc6g5 cxmmr5t8 oygrvhab hcukyx3x c1et5uql ii04i59q\">\n<div dir=\"auto\"><a class=\"oajrlxb2 g5ia77u1 qu0x051f esr5mh6w e9989ue4 r7d6kgcz rq0escxv nhd2j8a9 nc684nl6 p7hjln8o kvgmc6g5 cxmmr5t8 oygrvhab hcukyx3x jb3vyjys rz4wbd8a qt6c0cv9 a8nywdso i1ao9s8h esuyzwwr f1sip0of lzcic4wl gpro0wi8 q66pz984 b1v8xokw\" tabindex=\"0\" role=\"link\" href=\"https:\/\/www.facebook.com\/hashtag\/trabajosdese%C3%B1alizaci%C3%B3n?__eep__=6&amp;__cft__[0]=AZVqVaG8R02aY7ugbczmkso91cCCw_UuLPAtZ0Z5sdiy9orDQ1dqVFi4jrQ3BRsVPPpiTXGSgyj6eM9h1NxV5LaG3bO1JZxHyMWNelv9TuyWwsKSEM3N7XvfLMPVGkYGjpYg4ScJuXG--ALmJ9K41r7b&amp;__tn__=*NK-R\">#TrabajosDeSe\u00f1alizaci\u00f3n<\/a><\/div>\n<\/div>\n<div class=\"cxmmr5t8 oygrvhab hcukyx3x c1et5uql o9v6fnle ii04i59q\">\n<div dir=\"auto\">Con la colocaci\u00f3n de se\u00f1alizaci\u00f3n vertical en el barrio La Cuatro Mil y en las calles principales de la parroquia El Cambio, se da paso a la correcta identificaci\u00f3n de las se\u00f1ales de tr\u00e1nsito y ordenamiento de la ciudad, lo que garantiza mejor circulaci\u00f3n vehicular y seguridad peatonal.<\/div>\n<div dir=\"auto\">Recuerde manejar con precauci\u00f3n, seguimos trabajando por su bienestar.<\/div>\n<\/div>\n<div class=\"cxmmr5t8 oygrvhab hcukyx3x c1et5uql o9v6fnle ii04i59q\">\n<div dir=\"auto\"><a class=\"oajrlxb2 g5ia77u1 qu0x051f esr5mh6w e9989ue4 r7d6kgcz rq0escxv nhd2j8a9 nc684nl6 p7hjln8o kvgmc6g5 cxmmr5t8 oygrvhab hcukyx3x jb3vyjys rz4wbd8a qt6c0cv9 a8nywdso i1ao9s8h esuyzwwr f1sip0of lzcic4wl gpro0wi8 q66pz984 b1v8xokw\" tabindex=\"0\" role=\"link\" href=\"https:\/\/www.facebook.com\/hashtag\/movilidadmachalaep?__eep__=6&amp;__cft__[0]=AZVqVaG8R02aY7ugbczmkso91cCCw_UuLPAtZ0Z5sdiy9orDQ1dqVFi4jrQ3BRsVPPpiTXGSgyj6eM9h1NxV5LaG3bO1JZxHyMWNelv9TuyWwsKSEM3N7XvfLMPVGkYGjpYg4ScJuXG--ALmJ9K41r7b&amp;__tn__=*NK-R\">#MovilidadMachalaEP<\/a><\/div>\n<div dir=\"auto\"><a class=\"oajrlxb2 g5ia77u1 qu0x051f esr5mh6w e9989ue4 r7d6kgcz rq0escxv nhd2j8a9 nc684nl6 p7hjln8o kvgmc6g5 cxmmr5t8 oygrvhab hcukyx3x jb3vyjys rz4wbd8a qt6c0cv9 a8nywdso i1ao9s8h esuyzwwr f1sip0of lzcic4wl gpro0wi8 q66pz984 b1v8xokw\" tabindex=\"0\" role=\"link\" href=\"https:\/\/www.facebook.com\/hashtag\/dar%C3%ADomacasalcalde?__eep__=6&amp;__cft__[0]=AZVqVaG8R02aY7ugbczmkso91cCCw_UuLPAtZ0Z5sdiy9orDQ1dqVFi4jrQ3BRsVPPpiTXGSgyj6eM9h1NxV5LaG3bO1JZxHyMWNelv9TuyWwsKSEM3N7XvfLMPVGkYGjpYg4ScJuXG--ALmJ9K41r7b&amp;__tn__=*NK-R\">#Dar\u00edoMacasAlcalde<\/a><\/div>\n<\/div>\n","protected":false},"excerpt":{"rendered":"<p>#TrabajosDeSe\u00f1alizaci\u00f3n Con la colocaci\u00f3n de se\u00f1alizaci\u00f3n vertical en el barrio La Cuatro Mil y en las calles principales de la parroquia El Cambio, se da paso a la correcta identificaci\u00f3n de las se\u00f1ales de tr\u00e1nsito y ordenamiento de la ciudad,&hellip;<\/p>\n","protected":false},"author":1,"featured_media":2819,"comment_status":"closed","ping_status":"closed","sticky":false,"template":"","format":"standard","meta":{"footnotes":""},"categories":[35],"tags":[],"class_list":["post-2999","post","type-post","status-publish","format-standard","has-post-thumbnail","hentry","category-noticias"],"_links":{"self":[{"href":"https:\/\/www.movilidadmachala.gob.ec\/web\/wp-json\/wp\/v2\/posts\/2999","targetHints":{"allow":["GET"]}}],"collection":[{"href":"https:\/\/www.movilidadmachala.gob.ec\/web\/wp-json\/wp\/v2\/posts"}],"about":[{"href":"https:\/\/www.movilidadmachala.gob.ec\/web\/wp-json\/wp\/v2\/types\/post"}],"author":[{"embeddable":true,"href":"https:\/\/www.movilidadmachala.gob.ec\/web\/wp-json\/wp\/v2\/users\/1"}],"replies":[{"embeddable":true,"href":"https:\/\/www.movilidadmachala.gob.ec\/web\/wp-json\/wp\/v2\/comments?post=2999"}],"version-history":[{"count":1,"href":"https:\/\/www.movilidadmachala.gob.ec\/web\/wp-json\/wp\/v2\/posts\/2999\/revisions"}],"predecessor-version":[{"id":3000,"href":"https:\/\/www.movilidadmachala.gob.ec\/web\/wp-json\/wp\/v2\/posts\/2999\/revisions\/3000"}],"wp:featuredmedia":[{"embeddable":true,"href":"https:\/\/www.movilidadmachala.gob.ec\/web\/wp-json\/wp\/v2\/media\/2819"}],"wp:attachment":[{"href":"https:\/\/www.movilidadmachala.gob.ec\/web\/wp-json\/wp\/v2\/media?parent=2999"}],"wp:term":[{"taxonomy":"category","embeddable":true,"href":"https:\/\/www.movilidadmachala.gob.ec\/web\/wp-json\/wp\/v2\/categories?post=2999"},{"taxonomy":"post_tag","embeddable":true,"href":"https:\/\/www.movilidadmachala.gob.ec\/web\/wp-json\/wp\/v2\/tags?post=2999"}],"curies":[{"name":"wp","href":"https:\/\/api.w.org\/{rel}","templated":true}]}}