{"id":3001,"date":"2022-03-15T13:00:44","date_gmt":"2022-03-15T18:00:44","guid":{"rendered":"https:\/\/www.movilidadmachala.gob.ec\/web\/?p=3001"},"modified":"2022-04-18T12:23:35","modified_gmt":"2022-04-18T17:23:35","slug":"visita-tecnica-de-la-empresa-mancomunada-de-movilidad-de-zamora-chinchipe","status":"publish","type":"post","link":"https:\/\/www.movilidadmachala.gob.ec\/web\/visita-tecnica-de-la-empresa-mancomunada-de-movilidad-de-zamora-chinchipe\/","title":{"rendered":"Visita t\u00e9cnica de la Empresa Mancomunada de Movilidad de Zamora Chinchipe"},"content":{"rendered":"<div class=\"kvgmc6g5 cxmmr5t8 oygrvhab hcukyx3x c1et5uql ii04i59q\">\n<div dir=\"auto\"><a class=\"oajrlxb2 g5ia77u1 qu0x051f esr5mh6w e9989ue4 r7d6kgcz rq0escxv nhd2j8a9 nc684nl6 p7hjln8o kvgmc6g5 cxmmr5t8 oygrvhab hcukyx3x jb3vyjys rz4wbd8a qt6c0cv9 a8nywdso i1ao9s8h esuyzwwr f1sip0of lzcic4wl gpro0wi8 q66pz984 b1v8xokw\" tabindex=\"0\" role=\"link\" href=\"https:\/\/www.facebook.com\/hashtag\/movilidadcomunica?__eep__=6&amp;__cft__[0]=AZWghXf7LXLEk7HCGDnJfIbkCH9eezJNiRPeNu5SBHODzLuUn2YeB5lYpHEwbja91795OboBb22tr5yU-ppZg6AUX64sA-_F-TJPFi_vn0OS4HI54GUEznCinw10G3aZ2bVjqWs8oKadGEruXTKmkw_J&amp;__tn__=*NK-R\">#MovilidadComunica<\/a><\/div>\n<\/div>\n<div class=\"cxmmr5t8 oygrvhab hcukyx3x c1et5uql o9v6fnle ii04i59q\">\n<div dir=\"auto\">Recibimos la grata visita del gerente general de la Empresa Mancomunada de Movilidad de Zamora Chinchipe, Ing. Luis Delgado y parte de su personal administrativo, donde recorrieron las instalaciones administrativas y de matriculaci\u00f3n de Movilidad Machala y verificaron la eficacia del proceso de matriculaci\u00f3n y revisi\u00f3n t\u00e9cnica vehicular que se lleva a cabo exitosamente.<\/div>\n<\/div>\n<div class=\"cxmmr5t8 oygrvhab hcukyx3x c1et5uql o9v6fnle ii04i59q\">\n<div dir=\"auto\"><a class=\"oajrlxb2 g5ia77u1 qu0x051f esr5mh6w e9989ue4 r7d6kgcz rq0escxv nhd2j8a9 nc684nl6 p7hjln8o kvgmc6g5 cxmmr5t8 oygrvhab hcukyx3x jb3vyjys rz4wbd8a qt6c0cv9 a8nywdso i1ao9s8h esuyzwwr f1sip0of lzcic4wl gpro0wi8 q66pz984 b1v8xokw\" tabindex=\"0\" role=\"link\" href=\"https:\/\/www.facebook.com\/hashtag\/emmov?__eep__=6&amp;__cft__[0]=AZWghXf7LXLEk7HCGDnJfIbkCH9eezJNiRPeNu5SBHODzLuUn2YeB5lYpHEwbja91795OboBb22tr5yU-ppZg6AUX64sA-_F-TJPFi_vn0OS4HI54GUEznCinw10G3aZ2bVjqWs8oKadGEruXTKmkw_J&amp;__tn__=*NK-R\">#EMMOV<\/a><\/div>\n<div dir=\"auto\"><a class=\"oajrlxb2 g5ia77u1 qu0x051f esr5mh6w e9989ue4 r7d6kgcz rq0escxv nhd2j8a9 nc684nl6 p7hjln8o kvgmc6g5 cxmmr5t8 oygrvhab hcukyx3x jb3vyjys rz4wbd8a qt6c0cv9 a8nywdso i1ao9s8h esuyzwwr f1sip0of lzcic4wl gpro0wi8 q66pz984 b1v8xokw\" tabindex=\"0\" role=\"link\" href=\"https:\/\/www.facebook.com\/hashtag\/movilidadmachalaep?__eep__=6&amp;__cft__[0]=AZWghXf7LXLEk7HCGDnJfIbkCH9eezJNiRPeNu5SBHODzLuUn2YeB5lYpHEwbja91795OboBb22tr5yU-ppZg6AUX64sA-_F-TJPFi_vn0OS4HI54GUEznCinw10G3aZ2bVjqWs8oKadGEruXTKmkw_J&amp;__tn__=*NK-R\">#MovilidadMachalaEP<\/a><\/div>\n<div dir=\"auto\"><a class=\"oajrlxb2 g5ia77u1 qu0x051f esr5mh6w e9989ue4 r7d6kgcz rq0escxv nhd2j8a9 nc684nl6 p7hjln8o kvgmc6g5 cxmmr5t8 oygrvhab hcukyx3x jb3vyjys rz4wbd8a qt6c0cv9 a8nywdso i1ao9s8h esuyzwwr f1sip0of lzcic4wl gpro0wi8 q66pz984 b1v8xokw\" tabindex=\"0\" role=\"link\" href=\"https:\/\/www.facebook.com\/hashtag\/dar%C3%ADomacasalcalde?__eep__=6&amp;__cft__[0]=AZWghXf7LXLEk7HCGDnJfIbkCH9eezJNiRPeNu5SBHODzLuUn2YeB5lYpHEwbja91795OboBb22tr5yU-ppZg6AUX64sA-_F-TJPFi_vn0OS4HI54GUEznCinw10G3aZ2bVjqWs8oKadGEruXTKmkw_J&amp;__tn__=*NK-R\">#Dar\u00edoMacasAlcalde<\/a><\/div>\n<\/div>\n","protected":false},"excerpt":{"rendered":"<p>#MovilidadComunica Recibimos la grata visita del gerente general de la Empresa Mancomunada de Movilidad de Zamora Chinchipe, Ing. Luis Delgado y parte de su personal administrativo, donde recorrieron las instalaciones administrativas y de matriculaci\u00f3n de Movilidad Machala y verificaron la&hellip;<\/p>\n","protected":false},"author":1,"featured_media":2817,"comment_status":"closed","ping_status":"closed","sticky":false,"template":"","format":"standard","meta":{"footnotes":""},"categories":[35],"tags":[],"class_list":["post-3001","post","type-post","status-publish","format-standard","has-post-thumbnail","hentry","category-noticias"],"_links":{"self":[{"href":"https:\/\/www.movilidadmachala.gob.ec\/web\/wp-json\/wp\/v2\/posts\/3001","targetHints":{"allow":["GET"]}}],"collection":[{"href":"https:\/\/www.movilidadmachala.gob.ec\/web\/wp-json\/wp\/v2\/posts"}],"about":[{"href":"https:\/\/www.movilidadmachala.gob.ec\/web\/wp-json\/wp\/v2\/types\/post"}],"author":[{"embeddable":true,"href":"https:\/\/www.movilidadmachala.gob.ec\/web\/wp-json\/wp\/v2\/users\/1"}],"replies":[{"embeddable":true,"href":"https:\/\/www.movilidadmachala.gob.ec\/web\/wp-json\/wp\/v2\/comments?post=3001"}],"version-history":[{"count":1,"href":"https:\/\/www.movilidadmachala.gob.ec\/web\/wp-json\/wp\/v2\/posts\/3001\/revisions"}],"predecessor-version":[{"id":3002,"href":"https:\/\/www.movilidadmachala.gob.ec\/web\/wp-json\/wp\/v2\/posts\/3001\/revisions\/3002"}],"wp:featuredmedia":[{"embeddable":true,"href":"https:\/\/www.movilidadmachala.gob.ec\/web\/wp-json\/wp\/v2\/media\/2817"}],"wp:attachment":[{"href":"https:\/\/www.movilidadmachala.gob.ec\/web\/wp-json\/wp\/v2\/media?parent=3001"}],"wp:term":[{"taxonomy":"category","embeddable":true,"href":"https:\/\/www.movilidadmachala.gob.ec\/web\/wp-json\/wp\/v2\/categories?post=3001"},{"taxonomy":"post_tag","embeddable":true,"href":"https:\/\/www.movilidadmachala.gob.ec\/web\/wp-json\/wp\/v2\/tags?post=3001"}],"curies":[{"name":"wp","href":"https:\/\/api.w.org\/{rel}","templated":true}]}}