{"id":3010,"date":"2022-03-22T13:00:37","date_gmt":"2022-03-22T18:00:37","guid":{"rendered":"https:\/\/www.movilidadmachala.gob.ec\/web\/?p=3010"},"modified":"2022-04-18T16:50:30","modified_gmt":"2022-04-18T21:50:30","slug":"optimizacion-de-semaforos-av-arizaga-y-bolivar","status":"publish","type":"post","link":"https:\/\/www.movilidadmachala.gob.ec\/web\/optimizacion-de-semaforos-av-arizaga-y-bolivar\/","title":{"rendered":"Optimizaci\u00f3n de sem\u00e1foros \u00abAv. Arizaga y Bol\u00edvar\u00bb"},"content":{"rendered":"<div class=\"kvgmc6g5 cxmmr5t8 oygrvhab hcukyx3x c1et5uql ii04i59q\">\n<div dir=\"auto\"><a class=\"oajrlxb2 g5ia77u1 qu0x051f esr5mh6w e9989ue4 r7d6kgcz rq0escxv nhd2j8a9 nc684nl6 p7hjln8o kvgmc6g5 cxmmr5t8 oygrvhab hcukyx3x jb3vyjys rz4wbd8a qt6c0cv9 a8nywdso i1ao9s8h esuyzwwr f1sip0of lzcic4wl gpro0wi8 q66pz984 b1v8xokw\" tabindex=\"0\" role=\"link\" href=\"https:\/\/www.facebook.com\/hashtag\/movilidadcomunica?__eep__=6&amp;__cft__[0]=AZVxJNsNmV58l_wKhf5BPBYlcZdFAvrbBo6v_WG8DhHxZjFwrpke4s-dKeb4Zr13gXNV_M8KuBcwSSSITMOZPQ6XqT2-jHpflKFJ6CuHdKPlI503Ja_AUMW8pDvEjt2Eqz_mEZ7Yu9YtQSuzWN0rd_FI&amp;__tn__=*NK-R\">#MovilidadComunica<\/a><\/div>\n<\/div>\n<div class=\"cxmmr5t8 oygrvhab hcukyx3x c1et5uql o9v6fnle ii04i59q\">\n<div dir=\"auto\">En una de las zonas m\u00e1s importantes de la ciudad, debido al alto flujo vehicular, se realiza el mejoramiento y mantenimiento de la intersecci\u00f3n semaf\u00f3rica de la Av. Arizaga y Bol\u00edvar, optimizando el tr\u00e1nsito del sector, que se moviliza principalmente a la parroquia de Puerto Bol\u00edvar.<\/div>\n<\/div>\n<div class=\"cxmmr5t8 oygrvhab hcukyx3x c1et5uql o9v6fnle ii04i59q\">\n<div dir=\"auto\">Recuerda que los sem\u00e1foros permiten regular el flujo de veh\u00edculos y peatones en las v\u00edas, facilitando el orden y la seguridad de los habitantes.<\/div>\n<\/div>\n<div class=\"cxmmr5t8 oygrvhab hcukyx3x c1et5uql o9v6fnle ii04i59q\">\n<div dir=\"auto\"><a class=\"oajrlxb2 g5ia77u1 qu0x051f esr5mh6w e9989ue4 r7d6kgcz rq0escxv nhd2j8a9 nc684nl6 p7hjln8o kvgmc6g5 cxmmr5t8 oygrvhab hcukyx3x jb3vyjys rz4wbd8a qt6c0cv9 a8nywdso i1ao9s8h esuyzwwr f1sip0of lzcic4wl gpro0wi8 q66pz984 b1v8xokw\" tabindex=\"0\" role=\"link\" href=\"https:\/\/www.facebook.com\/hashtag\/movilidadmachalaep?__eep__=6&amp;__cft__[0]=AZVxJNsNmV58l_wKhf5BPBYlcZdFAvrbBo6v_WG8DhHxZjFwrpke4s-dKeb4Zr13gXNV_M8KuBcwSSSITMOZPQ6XqT2-jHpflKFJ6CuHdKPlI503Ja_AUMW8pDvEjt2Eqz_mEZ7Yu9YtQSuzWN0rd_FI&amp;__tn__=*NK-R\">#MovilidadMachalaEP<\/a><\/div>\n<div dir=\"auto\"><a class=\"oajrlxb2 g5ia77u1 qu0x051f esr5mh6w e9989ue4 r7d6kgcz rq0escxv nhd2j8a9 nc684nl6 p7hjln8o kvgmc6g5 cxmmr5t8 oygrvhab hcukyx3x jb3vyjys rz4wbd8a qt6c0cv9 a8nywdso i1ao9s8h esuyzwwr f1sip0of lzcic4wl gpro0wi8 q66pz984 b1v8xokw\" tabindex=\"0\" role=\"link\" href=\"https:\/\/www.facebook.com\/hashtag\/dar%C3%ADomacasalcalde?__eep__=6&amp;__cft__[0]=AZVxJNsNmV58l_wKhf5BPBYlcZdFAvrbBo6v_WG8DhHxZjFwrpke4s-dKeb4Zr13gXNV_M8KuBcwSSSITMOZPQ6XqT2-jHpflKFJ6CuHdKPlI503Ja_AUMW8pDvEjt2Eqz_mEZ7Yu9YtQSuzWN0rd_FI&amp;__tn__=*NK-R\">#Dar\u00edoMacasAlcalde<\/a><\/div>\n<\/div>\n","protected":false},"excerpt":{"rendered":"<p>#MovilidadComunica En una de las zonas m\u00e1s importantes de la ciudad, debido al alto flujo vehicular, se realiza el mejoramiento y mantenimiento de la intersecci\u00f3n semaf\u00f3rica de la Av. Arizaga y Bol\u00edvar, optimizando el tr\u00e1nsito del sector, que se moviliza&hellip;<\/p>\n","protected":false},"author":990005,"featured_media":2903,"comment_status":"closed","ping_status":"closed","sticky":false,"template":"","format":"standard","meta":{"footnotes":""},"categories":[35],"tags":[],"class_list":["post-3010","post","type-post","status-publish","format-standard","has-post-thumbnail","hentry","category-noticias"],"_links":{"self":[{"href":"https:\/\/www.movilidadmachala.gob.ec\/web\/wp-json\/wp\/v2\/posts\/3010","targetHints":{"allow":["GET"]}}],"collection":[{"href":"https:\/\/www.movilidadmachala.gob.ec\/web\/wp-json\/wp\/v2\/posts"}],"about":[{"href":"https:\/\/www.movilidadmachala.gob.ec\/web\/wp-json\/wp\/v2\/types\/post"}],"author":[{"embeddable":true,"href":"https:\/\/www.movilidadmachala.gob.ec\/web\/wp-json\/wp\/v2\/users\/990005"}],"replies":[{"embeddable":true,"href":"https:\/\/www.movilidadmachala.gob.ec\/web\/wp-json\/wp\/v2\/comments?post=3010"}],"version-history":[{"count":1,"href":"https:\/\/www.movilidadmachala.gob.ec\/web\/wp-json\/wp\/v2\/posts\/3010\/revisions"}],"predecessor-version":[{"id":3011,"href":"https:\/\/www.movilidadmachala.gob.ec\/web\/wp-json\/wp\/v2\/posts\/3010\/revisions\/3011"}],"wp:featuredmedia":[{"embeddable":true,"href":"https:\/\/www.movilidadmachala.gob.ec\/web\/wp-json\/wp\/v2\/media\/2903"}],"wp:attachment":[{"href":"https:\/\/www.movilidadmachala.gob.ec\/web\/wp-json\/wp\/v2\/media?parent=3010"}],"wp:term":[{"taxonomy":"category","embeddable":true,"href":"https:\/\/www.movilidadmachala.gob.ec\/web\/wp-json\/wp\/v2\/categories?post=3010"},{"taxonomy":"post_tag","embeddable":true,"href":"https:\/\/www.movilidadmachala.gob.ec\/web\/wp-json\/wp\/v2\/tags?post=3010"}],"curies":[{"name":"wp","href":"https:\/\/api.w.org\/{rel}","templated":true}]}}