{"id":3013,"date":"2022-03-30T11:00:32","date_gmt":"2022-03-30T16:00:32","guid":{"rendered":"https:\/\/www.movilidadmachala.gob.ec\/web\/?p=3013"},"modified":"2022-04-19T08:59:39","modified_gmt":"2022-04-19T13:59:39","slug":"semaforos-inteligentes-en-el-oeste-de-machala","status":"publish","type":"post","link":"https:\/\/www.movilidadmachala.gob.ec\/web\/semaforos-inteligentes-en-el-oeste-de-machala\/","title":{"rendered":"\u00a1Sem\u00e1foros inteligentes en el Oeste de Machala!"},"content":{"rendered":"<div class=\"kvgmc6g5 cxmmr5t8 oygrvhab hcukyx3x c1et5uql ii04i59q\">\n<div dir=\"auto\"><a class=\"oajrlxb2 g5ia77u1 qu0x051f esr5mh6w e9989ue4 r7d6kgcz rq0escxv nhd2j8a9 nc684nl6 p7hjln8o kvgmc6g5 cxmmr5t8 oygrvhab hcukyx3x jb3vyjys rz4wbd8a qt6c0cv9 a8nywdso i1ao9s8h esuyzwwr f1sip0of lzcic4wl gpro0wi8 q66pz984 b1v8xokw\" tabindex=\"0\" role=\"link\" href=\"https:\/\/www.facebook.com\/hashtag\/movilidadcomunica?__eep__=6&amp;__cft__[0]=AZV4jIdEVYANPPL2L_3XI6iozESrBqg2rre5RwNVfEdIbDQkZ8d8TNBbcKZP2IGsqahUGg8pYYKBKyUpVxh-5qKkfnld5JezvGbRsxQUltnfpxR4nxXX_NNbeZdRUIdzwOd3HzxVC3u9hnjK8Dhk8rm2&amp;__tn__=*NK-R\">#MovilidadComunica<\/a><\/div>\n<\/div>\n<div class=\"cxmmr5t8 oygrvhab hcukyx3x c1et5uql o9v6fnle ii04i59q\">\n<div dir=\"auto\">\u00a1Sem\u00e1foros inteligentes en el Oeste de Machala!<\/div>\n<div dir=\"auto\">Con la finalidad de regular el flujo vehicular y la seguridad de los peatones; en la intersecci\u00f3n de la Av. Ar\u00edzaga y Bol\u00edvar, se realiz\u00f3 el mantenimiento integral a las instalaciones semaf\u00f3ricas, lo cual no se hab\u00eda ejecutado desde hace m\u00e1s de 15 a\u00f1os.<\/div>\n<div dir=\"auto\">Adem\u00e1s, se coloc\u00f3 nuevos sem\u00e1foros inteligentes, debido a que el sector es considerado un lugar estrat\u00e9gico, siendo un punto de alto flujo vehicular, con calles que conectan tanto al Sur como al Oeste de Machala, facilitando el orden y la seguridad de los habitantes.<\/div>\n<\/div>\n<div class=\"cxmmr5t8 oygrvhab hcukyx3x c1et5uql o9v6fnle ii04i59q\">\n<div dir=\"auto\"><a class=\"oajrlxb2 g5ia77u1 qu0x051f esr5mh6w e9989ue4 r7d6kgcz rq0escxv nhd2j8a9 nc684nl6 p7hjln8o kvgmc6g5 cxmmr5t8 oygrvhab hcukyx3x jb3vyjys rz4wbd8a qt6c0cv9 a8nywdso i1ao9s8h esuyzwwr f1sip0of lzcic4wl gpro0wi8 q66pz984 b1v8xokw\" tabindex=\"0\" role=\"link\" href=\"https:\/\/www.facebook.com\/hashtag\/trabajandoportuseguridadvial?__eep__=6&amp;__cft__[0]=AZV4jIdEVYANPPL2L_3XI6iozESrBqg2rre5RwNVfEdIbDQkZ8d8TNBbcKZP2IGsqahUGg8pYYKBKyUpVxh-5qKkfnld5JezvGbRsxQUltnfpxR4nxXX_NNbeZdRUIdzwOd3HzxVC3u9hnjK8Dhk8rm2&amp;__tn__=*NK-R\">#TrabajandoPorTuSeguridadVial<\/a><\/div>\n<div dir=\"auto\"><a class=\"oajrlxb2 g5ia77u1 qu0x051f esr5mh6w e9989ue4 r7d6kgcz rq0escxv nhd2j8a9 nc684nl6 p7hjln8o kvgmc6g5 cxmmr5t8 oygrvhab hcukyx3x jb3vyjys rz4wbd8a qt6c0cv9 a8nywdso i1ao9s8h esuyzwwr f1sip0of lzcic4wl gpro0wi8 q66pz984 b1v8xokw\" tabindex=\"0\" role=\"link\" href=\"https:\/\/www.facebook.com\/hashtag\/movilidadmachalaep?__eep__=6&amp;__cft__[0]=AZV4jIdEVYANPPL2L_3XI6iozESrBqg2rre5RwNVfEdIbDQkZ8d8TNBbcKZP2IGsqahUGg8pYYKBKyUpVxh-5qKkfnld5JezvGbRsxQUltnfpxR4nxXX_NNbeZdRUIdzwOd3HzxVC3u9hnjK8Dhk8rm2&amp;__tn__=*NK-R\">#MovilidadMachalaEP<\/a><\/div>\n<div dir=\"auto\"><a class=\"oajrlxb2 g5ia77u1 qu0x051f esr5mh6w e9989ue4 r7d6kgcz rq0escxv nhd2j8a9 nc684nl6 p7hjln8o kvgmc6g5 cxmmr5t8 oygrvhab hcukyx3x jb3vyjys rz4wbd8a qt6c0cv9 a8nywdso i1ao9s8h esuyzwwr f1sip0of lzcic4wl gpro0wi8 q66pz984 b1v8xokw\" tabindex=\"0\" role=\"link\" href=\"https:\/\/www.facebook.com\/hashtag\/dar%C3%ADomacasalcalde?__eep__=6&amp;__cft__[0]=AZV4jIdEVYANPPL2L_3XI6iozESrBqg2rre5RwNVfEdIbDQkZ8d8TNBbcKZP2IGsqahUGg8pYYKBKyUpVxh-5qKkfnld5JezvGbRsxQUltnfpxR4nxXX_NNbeZdRUIdzwOd3HzxVC3u9hnjK8Dhk8rm2&amp;__tn__=*NK-R\">#Dar\u00edoMacasAlcalde<\/a><\/div>\n<\/div>\n","protected":false},"excerpt":{"rendered":"<p>#MovilidadComunica \u00a1Sem\u00e1foros inteligentes en el Oeste de Machala! Con la finalidad de regular el flujo vehicular y la seguridad de los peatones; en la intersecci\u00f3n de la Av. Ar\u00edzaga y Bol\u00edvar, se realiz\u00f3 el mantenimiento integral a las instalaciones semaf\u00f3ricas,&hellip;<\/p>\n","protected":false},"author":990005,"featured_media":2909,"comment_status":"closed","ping_status":"closed","sticky":false,"template":"","format":"standard","meta":{"footnotes":""},"categories":[35],"tags":[],"class_list":["post-3013","post","type-post","status-publish","format-standard","has-post-thumbnail","hentry","category-noticias"],"_links":{"self":[{"href":"https:\/\/www.movilidadmachala.gob.ec\/web\/wp-json\/wp\/v2\/posts\/3013","targetHints":{"allow":["GET"]}}],"collection":[{"href":"https:\/\/www.movilidadmachala.gob.ec\/web\/wp-json\/wp\/v2\/posts"}],"about":[{"href":"https:\/\/www.movilidadmachala.gob.ec\/web\/wp-json\/wp\/v2\/types\/post"}],"author":[{"embeddable":true,"href":"https:\/\/www.movilidadmachala.gob.ec\/web\/wp-json\/wp\/v2\/users\/990005"}],"replies":[{"embeddable":true,"href":"https:\/\/www.movilidadmachala.gob.ec\/web\/wp-json\/wp\/v2\/comments?post=3013"}],"version-history":[{"count":3,"href":"https:\/\/www.movilidadmachala.gob.ec\/web\/wp-json\/wp\/v2\/posts\/3013\/revisions"}],"predecessor-version":[{"id":3016,"href":"https:\/\/www.movilidadmachala.gob.ec\/web\/wp-json\/wp\/v2\/posts\/3013\/revisions\/3016"}],"wp:featuredmedia":[{"embeddable":true,"href":"https:\/\/www.movilidadmachala.gob.ec\/web\/wp-json\/wp\/v2\/media\/2909"}],"wp:attachment":[{"href":"https:\/\/www.movilidadmachala.gob.ec\/web\/wp-json\/wp\/v2\/media?parent=3013"}],"wp:term":[{"taxonomy":"category","embeddable":true,"href":"https:\/\/www.movilidadmachala.gob.ec\/web\/wp-json\/wp\/v2\/categories?post=3013"},{"taxonomy":"post_tag","embeddable":true,"href":"https:\/\/www.movilidadmachala.gob.ec\/web\/wp-json\/wp\/v2\/tags?post=3013"}],"curies":[{"name":"wp","href":"https:\/\/api.w.org\/{rel}","templated":true}]}}