{"id":3020,"date":"2022-04-04T12:00:28","date_gmt":"2022-04-04T17:00:28","guid":{"rendered":"https:\/\/www.movilidadmachala.gob.ec\/web\/?p=3020"},"modified":"2022-04-19T09:35:56","modified_gmt":"2022-04-19T14:35:56","slug":"respeta-la-senalizacion-vertical-de-parada-de-bus","status":"publish","type":"post","link":"https:\/\/www.movilidadmachala.gob.ec\/web\/respeta-la-senalizacion-vertical-de-parada-de-bus\/","title":{"rendered":"Respeta la se\u00f1alizaci\u00f3n vertical de parada de bus"},"content":{"rendered":"<div class=\"kvgmc6g5 cxmmr5t8 oygrvhab hcukyx3x c1et5uql ii04i59q\">\n<div dir=\"auto\">\u00a1Trabajamos por el ordenamiento de la ciudad!<\/div>\n<\/div>\n<div class=\"cxmmr5t8 oygrvhab hcukyx3x c1et5uql o9v6fnle ii04i59q\">\n<div dir=\"auto\">La se\u00f1alizaci\u00f3n vertical de Parada de Bus, son espacios destinados \u00fanicamente para el embarque y desembarque de los pasajeros que se movilizan en transporte p\u00fablico; evita sanciones, no estaciones tu veh\u00edculo en lugares no autorizados.<\/div>\n<\/div>\n<div class=\"cxmmr5t8 oygrvhab hcukyx3x c1et5uql o9v6fnle ii04i59q\">\n<div dir=\"auto\"><a class=\"oajrlxb2 g5ia77u1 qu0x051f esr5mh6w e9989ue4 r7d6kgcz rq0escxv nhd2j8a9 nc684nl6 p7hjln8o kvgmc6g5 cxmmr5t8 oygrvhab hcukyx3x jb3vyjys rz4wbd8a qt6c0cv9 a8nywdso i1ao9s8h esuyzwwr f1sip0of lzcic4wl gpro0wi8 q66pz984 b1v8xokw\" tabindex=\"0\" role=\"link\" href=\"https:\/\/www.facebook.com\/hashtag\/movilidadmachalaep?__eep__=6&amp;__cft__[0]=AZWIF-HfRV1mFdtK1PkxQZiE_eCb4-81LP6Q81vWS1op-f4jz6G9Al5N2ZhwAd8Dg7bphR7pPNY2uFaEg0_yNhEhlNa-V36LOtCESAm1ahJvVwhc84MLbyAMJn-ijtqSN4_vbl8KfSnatgzBsUA0NLUn&amp;__tn__=*NK-R\">#MovilidadMachalaEP<\/a><\/div>\n<div dir=\"auto\"><a class=\"oajrlxb2 g5ia77u1 qu0x051f esr5mh6w e9989ue4 r7d6kgcz rq0escxv nhd2j8a9 nc684nl6 p7hjln8o kvgmc6g5 cxmmr5t8 oygrvhab hcukyx3x jb3vyjys rz4wbd8a qt6c0cv9 a8nywdso i1ao9s8h esuyzwwr f1sip0of lzcic4wl gpro0wi8 q66pz984 b1v8xokw\" tabindex=\"0\" role=\"link\" href=\"https:\/\/www.facebook.com\/hashtag\/dar%C3%ADomacasalcalde?__eep__=6&amp;__cft__[0]=AZWIF-HfRV1mFdtK1PkxQZiE_eCb4-81LP6Q81vWS1op-f4jz6G9Al5N2ZhwAd8Dg7bphR7pPNY2uFaEg0_yNhEhlNa-V36LOtCESAm1ahJvVwhc84MLbyAMJn-ijtqSN4_vbl8KfSnatgzBsUA0NLUn&amp;__tn__=*NK-R\">#Dar\u00edoMacasAlcalde<\/a><\/div>\n<\/div>\n","protected":false},"excerpt":{"rendered":"<p>\u00a1Trabajamos por el ordenamiento de la ciudad! La se\u00f1alizaci\u00f3n vertical de Parada de Bus, son espacios destinados \u00fanicamente para el embarque y desembarque de los pasajeros que se movilizan en transporte p\u00fablico; evita sanciones, no estaciones tu veh\u00edculo en lugares&hellip;<\/p>\n","protected":false},"author":990005,"featured_media":2904,"comment_status":"closed","ping_status":"closed","sticky":false,"template":"","format":"standard","meta":{"footnotes":""},"categories":[35],"tags":[],"class_list":["post-3020","post","type-post","status-publish","format-standard","has-post-thumbnail","hentry","category-noticias"],"_links":{"self":[{"href":"https:\/\/www.movilidadmachala.gob.ec\/web\/wp-json\/wp\/v2\/posts\/3020","targetHints":{"allow":["GET"]}}],"collection":[{"href":"https:\/\/www.movilidadmachala.gob.ec\/web\/wp-json\/wp\/v2\/posts"}],"about":[{"href":"https:\/\/www.movilidadmachala.gob.ec\/web\/wp-json\/wp\/v2\/types\/post"}],"author":[{"embeddable":true,"href":"https:\/\/www.movilidadmachala.gob.ec\/web\/wp-json\/wp\/v2\/users\/990005"}],"replies":[{"embeddable":true,"href":"https:\/\/www.movilidadmachala.gob.ec\/web\/wp-json\/wp\/v2\/comments?post=3020"}],"version-history":[{"count":1,"href":"https:\/\/www.movilidadmachala.gob.ec\/web\/wp-json\/wp\/v2\/posts\/3020\/revisions"}],"predecessor-version":[{"id":3021,"href":"https:\/\/www.movilidadmachala.gob.ec\/web\/wp-json\/wp\/v2\/posts\/3020\/revisions\/3021"}],"wp:featuredmedia":[{"embeddable":true,"href":"https:\/\/www.movilidadmachala.gob.ec\/web\/wp-json\/wp\/v2\/media\/2904"}],"wp:attachment":[{"href":"https:\/\/www.movilidadmachala.gob.ec\/web\/wp-json\/wp\/v2\/media?parent=3020"}],"wp:term":[{"taxonomy":"category","embeddable":true,"href":"https:\/\/www.movilidadmachala.gob.ec\/web\/wp-json\/wp\/v2\/categories?post=3020"},{"taxonomy":"post_tag","embeddable":true,"href":"https:\/\/www.movilidadmachala.gob.ec\/web\/wp-json\/wp\/v2\/tags?post=3020"}],"curies":[{"name":"wp","href":"https:\/\/api.w.org\/{rel}","templated":true}]}}